{"id":9827,"date":"2018-04-13T10:08:55","date_gmt":"2018-04-13T08:08:55","guid":{"rendered":"https:\/\/www.united-europe.eu\/?p=9827"},"modified":"2018-04-14T10:10:26","modified_gmt":"2018-04-14T08:10:26","slug":"yps-understanding-europe-beginnt-in-einer-woche","status":"publish","type":"post","link":"https:\/\/www.united-europe.eu\/de\/2018\/04\/yps-understanding-europe-beginnt-in-einer-woche\/","title":{"rendered":"YPS &#8222;Understanding Europe&#8220; beginnt in einer Woche"},"content":{"rendered":"<p>Das erste <strong>Young Professional Seminar<\/strong> dieses Jahres steht vor der T\u00fcr! Vom 20. bis 21. April treffen sich<strong> 25 junge talentierte Berufst\u00e4tige <\/strong>aus ganz Europa in <strong>Freiburg<\/strong>, um zu erfahren, wie Politik in der EU funktioniert: Wie Gesetze in Europa gemacht werden, wie Vertr\u00e4ge zustande kommen und wie wichtig eine funktionierende Regulierungspolitik ist.<\/p>\n<p>Die Teilnehmer kommen aus <strong>19 europ\u00e4ischen L\u00e4ndern<\/strong> (nicht nur aus der EU): Unter anderem aus Albanien, Aserbaidschan, Finnland, Georgien, Deutschland, Gro\u00dfbritannien, Irland, Italien, Litauen, Polen, Serbien, Spanien und Ungarn. Sie repr\u00e4sentieren ein breites Spektrum an beruflichen Hintergr\u00fcnden und Erfahrungen, von Senior Consultants bis hin zu politischen Analysten und Journalisten.<\/p>\n<p>Die vier Workshops werden von erfahrenen Mitarbeitern des <strong>Centrum f\u00fcr Europ\u00e4ische Politik (cep)<\/strong> geleitet und befassen sich mit EU-Institutionen und Rechtsetzung, der Euro-Krise, der Energie- und Klimapolitik der EU und dem Brexit. Nach einer Begr\u00fc\u00dfung durch <strong>Prof. Dr. Horst Weitzmann<\/strong>, Vorstandsvorsitzender und Mitgesellschafter der Badischen Stahlwerke Kehl, wird der Workshop durch eine Debatte und ein Gespr\u00e4ch mit <strong>Dr. Andreas Schwab<\/strong>, Mitglied des Europ\u00e4ischen Parlaments, er\u00f6ffnet.<\/p>\n<p>Das Seminar findet in Kooperation mit der<strong> Wilfried-Guth-Stiftungsprofessur f\u00fcr Ordnungs- und Wettbewerbspolitik<\/strong> und dem <strong>cep<\/strong> in der <strong>Albert-Ludwigs-Universit\u00e4t Freibur<\/strong>g statt. Ziel der Young Professional Seminare von United Europe ist es, die Idee von Europa zu verbreiten, Probleme und Vorteile zu diskutieren und die junge Generation f\u00fcr ein geeintes, wettbewerbsf\u00e4higes und vielf\u00e4ltiges Europa zu gewinnen.<\/p>\n<p>Das n\u00e4chste <strong>YPS<\/strong> findet vom <strong>8. bis 10. Juni<\/strong> in <strong>Nizza<\/strong> unter dem Titel \u201c<strong>How to tell the EU\u2019s Story<\/strong>\u201c statt. Der Bewerbungsaufruf wird demn\u00e4chst ver\u00f6ffentlicht.<\/p>\n","protected":false},"excerpt":{"rendered":"<p>Das erste Young Professional Seminar dieses Jahres steht vor der T\u00fcr! Vom 20. bis 21. April treffen sich 25 junge talentierte Berufst\u00e4tige aus ganz Europa in Freiburg, um zu erfahren,&hellip;<\/p>\n","protected":false},"author":16,"featured_media":9826,"comment_status":"closed","ping_status":"closed","sticky":false,"template":"","format":"standard","meta":{"_acf_changed":false,"footnotes":""},"categories":[620],"tags":[943,940,283,942,410,939,944,919,917],"powerkit_post_featured":[],"class_list":{"0":"post-9827","1":"post","2":"type-post","3":"status-publish","4":"format-standard","5":"has-post-thumbnail","7":"category-news-de","8":"tag-albert-ludwigs-universitaet-freiburg","9":"tag-andreas-schwab","10":"tag-brexit-de","11":"tag-centrum-fuer-europaeische-politik","12":"tag-eu-de","13":"tag-horst-weitzmann","14":"tag-ordnungspolitik","15":"tag-wilfried-guth-stiftungsprofessur-fur-ordnungs-und-wettbewerbspolitik","16":"tag-young-professional-seminar"},"acf":[],"aioseo_notices":[],"_links":{"self":[{"href":"https:\/\/www.united-europe.eu\/de\/wp-json\/wp\/v2\/posts\/9827","targetHints":{"allow":["GET"]}}],"collection":[{"href":"https:\/\/www.united-europe.eu\/de\/wp-json\/wp\/v2\/posts"}],"about":[{"href":"https:\/\/www.united-europe.eu\/de\/wp-json\/wp\/v2\/types\/post"}],"author":[{"embeddable":true,"href":"https:\/\/www.united-europe.eu\/de\/wp-json\/wp\/v2\/users\/16"}],"replies":[{"embeddable":true,"href":"https:\/\/www.united-europe.eu\/de\/wp-json\/wp\/v2\/comments?post=9827"}],"version-history":[{"count":2,"href":"https:\/\/www.united-europe.eu\/de\/wp-json\/wp\/v2\/posts\/9827\/revisions"}],"predecessor-version":[{"id":9830,"href":"https:\/\/www.united-europe.eu\/de\/wp-json\/wp\/v2\/posts\/9827\/revisions\/9830"}],"wp:featuredmedia":[{"embeddable":true,"href":"https:\/\/www.united-europe.eu\/de\/wp-json\/wp\/v2\/media\/9826"}],"wp:attachment":[{"href":"https:\/\/www.united-europe.eu\/de\/wp-json\/wp\/v2\/media?parent=9827"}],"wp:term":[{"taxonomy":"category","embeddable":true,"href":"https:\/\/www.united-europe.eu\/de\/wp-json\/wp\/v2\/categories?post=9827"},{"taxonomy":"post_tag","embeddable":true,"href":"https:\/\/www.united-europe.eu\/de\/wp-json\/wp\/v2\/tags?post=9827"},{"taxonomy":"powerkit_post_featured","embeddable":true,"href":"https:\/\/www.united-europe.eu\/de\/wp-json\/wp\/v2\/powerkit_post_featured?post=9827"}],"curies":[{"name":"wp","href":"https:\/\/api.w.org\/{rel}","templated":true}]}}