{"id":9809,"date":"2018-04-10T10:27:48","date_gmt":"2018-04-10T08:27:48","guid":{"rendered":"https:\/\/www.united-europe.eu\/?p=9809"},"modified":"2018-04-10T10:28:31","modified_gmt":"2018-04-10T08:28:31","slug":"blair-warnt-vor-brexit-folgen","status":"publish","type":"post","link":"https:\/\/www.united-europe.eu\/de\/2018\/04\/blair-warnt-vor-brexit-folgen\/","title":{"rendered":"Blair warnt vor Brexit-Folgen"},"content":{"rendered":"<p>Der ehemalige britische Premierminister <strong>Tony Blair<\/strong> warnt in Interviews mit mehreren europ\u00e4ischen Zeitungen, dass der EU-Austritt Gro\u00dfbritanniens erhebliche <strong>Konsequenzen f\u00fcr den Frieden in Nordirland<\/strong> haben. Der Brexit sei ein Angriff auf ein &#8222;Herzst\u00fcck&#8220; des heute vor genau 20 Jahren beschlossenen Friedensabkommens zwischen dem katholischen und protestantischen Irland, der am 10. April 1998\u00a0 nach einem fast 30-j\u00e4hrigen B\u00fcrgerkrieg mit Hilfe Blairs geschlossen werden konnte.<\/p>\n<p>Blair erhebt schwere Vorw\u00fcrfe gegen die Regierung von <strong>Theresa May<\/strong>, die entschlossen sei, die Zollunion und den Binnenmarkt mit der EU zu verlassen, wodurch k\u00fcnftige Waren- und Personenkontrollen unvermeidlich werden w\u00fcrden. Offene Grenzen waren jedoch eine Voraussetzung f\u00fcr das damals geschlossene Friedensabkommen. Durch den Brexit k\u00f6nnte auch die Gewalt von damals wieder aufflammen. &#8222;Die Symmetrie der Beziehungen zwischen Irland, dem Vereinigten K\u00f6nigreich und der EU wird durch den Brexit zerbrechen&#8220;, so Blair.<\/p>\n<p>In einem <strong>Artikel f\u00fcr United Europe im Jahr 2014<\/strong> warnte Blair bereits, dass &#8222;wenn Europa nicht bald eine angemessene Daseinsberechtigung schafft, dann f\u00fcrchte ich, dass eine schlechte und kurzfristige Politik die reale Chance f\u00fcr ein starkes und integriertes Europa als wichtigen Teil einer friedlichen und wohlhabenden Welt des 21. Jahrhunderts\u00a0vertreiben wird.&#8220; <a href=\"https:\/\/www.united-europe.eu\/2014\/04\/tony-blair-makes-the-case-for-radical-eu-reform\/\">Seinen Kommentar lesen Sie in voller L\u00e4nge (in Englisch) hier<\/a>.<\/p>\n<p>&nbsp;<\/p>\n","protected":false},"excerpt":{"rendered":"<p>Der ehemalige britische Premierminister Tony Blair warnt in Interviews mit mehreren europ\u00e4ischen Zeitungen, dass der EU-Austritt Gro\u00dfbritanniens erhebliche Konsequenzen f\u00fcr den Frieden in Nordirland haben. Der Brexit sei ein Angriff&hellip;<\/p>\n","protected":false},"author":16,"featured_media":1479,"comment_status":"closed","ping_status":"closed","sticky":false,"template":"","format":"standard","meta":{"_acf_changed":false,"footnotes":""},"categories":[620],"tags":[283,410,756,240,525,713,936],"powerkit_post_featured":[],"class_list":{"0":"post-9809","1":"post","2":"type-post","3":"status-publish","4":"format-standard","5":"has-post-thumbnail","7":"category-news-de","8":"tag-brexit-de","9":"tag-eu-de","10":"tag-europaeische-union","11":"tag-europe-de","12":"tag-irland","13":"tag-theresa-may","14":"tag-tony-blair"},"acf":[],"aioseo_notices":[],"_links":{"self":[{"href":"https:\/\/www.united-europe.eu\/de\/wp-json\/wp\/v2\/posts\/9809","targetHints":{"allow":["GET"]}}],"collection":[{"href":"https:\/\/www.united-europe.eu\/de\/wp-json\/wp\/v2\/posts"}],"about":[{"href":"https:\/\/www.united-europe.eu\/de\/wp-json\/wp\/v2\/types\/post"}],"author":[{"embeddable":true,"href":"https:\/\/www.united-europe.eu\/de\/wp-json\/wp\/v2\/users\/16"}],"replies":[{"embeddable":true,"href":"https:\/\/www.united-europe.eu\/de\/wp-json\/wp\/v2\/comments?post=9809"}],"version-history":[{"count":2,"href":"https:\/\/www.united-europe.eu\/de\/wp-json\/wp\/v2\/posts\/9809\/revisions"}],"predecessor-version":[{"id":9811,"href":"https:\/\/www.united-europe.eu\/de\/wp-json\/wp\/v2\/posts\/9809\/revisions\/9811"}],"wp:featuredmedia":[{"embeddable":true,"href":"https:\/\/www.united-europe.eu\/de\/wp-json\/wp\/v2\/media\/1479"}],"wp:attachment":[{"href":"https:\/\/www.united-europe.eu\/de\/wp-json\/wp\/v2\/media?parent=9809"}],"wp:term":[{"taxonomy":"category","embeddable":true,"href":"https:\/\/www.united-europe.eu\/de\/wp-json\/wp\/v2\/categories?post=9809"},{"taxonomy":"post_tag","embeddable":true,"href":"https:\/\/www.united-europe.eu\/de\/wp-json\/wp\/v2\/tags?post=9809"},{"taxonomy":"powerkit_post_featured","embeddable":true,"href":"https:\/\/www.united-europe.eu\/de\/wp-json\/wp\/v2\/powerkit_post_featured?post=9809"}],"curies":[{"name":"wp","href":"https:\/\/api.w.org\/{rel}","templated":true}]}}