{"id":9745,"date":"2018-04-03T19:24:23","date_gmt":"2018-04-03T17:24:23","guid":{"rendered":"https:\/\/www.united-europe.eu\/?p=9745"},"modified":"2018-04-03T19:28:17","modified_gmt":"2018-04-03T17:28:17","slug":"appell-an-die-jugend-grossbritanniens-kaempft-fuer-eure-brexit-rechte","status":"publish","type":"post","link":"https:\/\/www.united-europe.eu\/de\/2018\/04\/appell-an-die-jugend-grossbritanniens-kaempft-fuer-eure-brexit-rechte\/","title":{"rendered":"Appell an die Jugend Gro\u00dfbritanniens: K\u00e4mpft f\u00fcr Eure Brexit-Rechte!"},"content":{"rendered":"<p><em><strong>Von Rhiannon Lucy Cosslett.<\/strong><\/em><\/p>\n<p>In ihrer j\u00fcngsten Kolumne f\u00fcr den \u201eGuardian\u201c fragt sich <strong>Rhianna Lucy Cosslett<\/strong>, eine junge britische Journalistin und Autorin, die f\u00fcr verschiedene britische Medien schreibt, warum es noch keine Massenbewegung junger Leute gegen die Brexit-Entscheidung gibt.<\/p>\n<p>Denn nach einer Studie der London School of Economics, die die Einstellung junger Menschen zu Europa untersuchte, bei der Daten von fast 10.000 Menschen unter 30 Jahren auf dem ganzen Kontinent gesammelt wurden, zeigten, dass mehr als 50 Prozent der befragten Briten eine positive Identifikation mit der EU aufweisen \u2013 eine der h\u00f6chsten Zahlen aller Mitgliedstaaten. Und es wurden nicht nur b\u00fcrgerliche Hochschulabsolventen befragt, sondern alle sozio\u00f6konomischen Gruppen. Zudem haben 64 Prozent der 18- bis 24-J\u00e4hrigen gegen den Brexit gestimmt. Aber der Aufschrei, die gro\u00dfe Massenbewegung, bleibt aus. \u201eMan hat das Gef\u00fchl, dass sich die j\u00fcngeren Erwachsenen mit ihrem Schicksal abgefunden haben\u201c, so Cosslett.<\/p>\n<p>Woran das liegen k\u00f6nnte, analysiert sie in ihrem Text, <a href=\"https:\/\/www.theguardian.com\/commentisfree\/2018\/apr\/02\/brexit-rights-young-people-fight-youth-movement\"><span style=\"color: #004e97;\">den Sie hier im englischen Original lesen k\u00f6nnen<\/span><\/a>.<\/p>\n<p>&nbsp;<\/p>\n","protected":false},"excerpt":{"rendered":"<p>Von Rhiannon Lucy Cosslett. In ihrer j\u00fcngsten Kolumne f\u00fcr den \u201eGuardian\u201c fragt sich Rhianna Lucy Cosslett, eine junge britische Journalistin und Autorin, die f\u00fcr verschiedene britische Medien schreibt, warum es&hellip;<\/p>\n","protected":false},"author":16,"featured_media":9743,"comment_status":"closed","ping_status":"closed","sticky":false,"template":"","format":"standard","meta":{"_acf_changed":false,"footnotes":""},"categories":[620],"tags":[283,410,240],"powerkit_post_featured":[],"class_list":{"0":"post-9745","1":"post","2":"type-post","3":"status-publish","4":"format-standard","5":"has-post-thumbnail","7":"category-news-de","8":"tag-brexit-de","9":"tag-eu-de","10":"tag-europe-de"},"acf":[],"aioseo_notices":[],"_links":{"self":[{"href":"https:\/\/www.united-europe.eu\/de\/wp-json\/wp\/v2\/posts\/9745","targetHints":{"allow":["GET"]}}],"collection":[{"href":"https:\/\/www.united-europe.eu\/de\/wp-json\/wp\/v2\/posts"}],"about":[{"href":"https:\/\/www.united-europe.eu\/de\/wp-json\/wp\/v2\/types\/post"}],"author":[{"embeddable":true,"href":"https:\/\/www.united-europe.eu\/de\/wp-json\/wp\/v2\/users\/16"}],"replies":[{"embeddable":true,"href":"https:\/\/www.united-europe.eu\/de\/wp-json\/wp\/v2\/comments?post=9745"}],"version-history":[{"count":4,"href":"https:\/\/www.united-europe.eu\/de\/wp-json\/wp\/v2\/posts\/9745\/revisions"}],"predecessor-version":[{"id":9749,"href":"https:\/\/www.united-europe.eu\/de\/wp-json\/wp\/v2\/posts\/9745\/revisions\/9749"}],"wp:featuredmedia":[{"embeddable":true,"href":"https:\/\/www.united-europe.eu\/de\/wp-json\/wp\/v2\/media\/9743"}],"wp:attachment":[{"href":"https:\/\/www.united-europe.eu\/de\/wp-json\/wp\/v2\/media?parent=9745"}],"wp:term":[{"taxonomy":"category","embeddable":true,"href":"https:\/\/www.united-europe.eu\/de\/wp-json\/wp\/v2\/categories?post=9745"},{"taxonomy":"post_tag","embeddable":true,"href":"https:\/\/www.united-europe.eu\/de\/wp-json\/wp\/v2\/tags?post=9745"},{"taxonomy":"powerkit_post_featured","embeddable":true,"href":"https:\/\/www.united-europe.eu\/de\/wp-json\/wp\/v2\/powerkit_post_featured?post=9745"}],"curies":[{"name":"wp","href":"https:\/\/api.w.org\/{rel}","templated":true}]}}