{"id":9647,"date":"2018-03-26T13:57:22","date_gmt":"2018-03-26T11:57:22","guid":{"rendered":"https:\/\/www.united-europe.eu\/?p=9647"},"modified":"2018-03-26T13:58:21","modified_gmt":"2018-03-26T11:58:21","slug":"bewerbungsaufruf-fuer-das-yps-in-freiburg-beendet","status":"publish","type":"post","link":"https:\/\/www.united-europe.eu\/de\/2018\/03\/bewerbungsaufruf-fuer-das-yps-in-freiburg-beendet\/","title":{"rendered":"Bewerbungsaufruf f\u00fcr das YPS in Freiburg beendet"},"content":{"rendered":"<p>Fast <strong>80 junge Berufst\u00e4tige<\/strong> aus <strong>25 L\u00e4ndern<\/strong> aus ganz Europa haben sich f\u00fcr das <strong>Young Professional Seminar &#8222;Understanding Europe&#8220;<\/strong> beworben, das am 20. und 21. April in Kooperation mit dem <strong>Centrum f\u00fcr Europ\u00e4ische Politik (CEP) und der Albert-Ludwigs-Universit\u00e4t<\/strong> in Freiburg stattfindet.<\/p>\n<p>Auf dem Seminar besch\u00e4ftigen wir uns mit der Frage, wie Politik in der EU funktioniert: Wie Gesetze in Europa gemacht werden, wie Vertr\u00e4ge zustande kommen und wie wichtig eine funktionierende Regulierungspolitik ist.<\/p>\n<p>Zur Zeit werden die Bewerbungen gesichtet und die Bewerber ausgew\u00e4hlt. Die Benachrichtigungen verschicken wir <strong>noch in dieser Woche<\/strong>!<\/p>\n","protected":false},"excerpt":{"rendered":"<p>Fast 80 junge Berufst\u00e4tige aus 25 L\u00e4ndern aus ganz Europa haben sich f\u00fcr das Young Professional Seminar &#8222;Understanding Europe&#8220; beworben, das am 20. und 21. April in Kooperation mit dem&hellip;<\/p>\n","protected":false},"author":16,"featured_media":9447,"comment_status":"closed","ping_status":"closed","sticky":false,"template":"","format":"standard","meta":{"_acf_changed":false,"footnotes":""},"categories":[620],"tags":[],"powerkit_post_featured":[],"class_list":{"0":"post-9647","1":"post","2":"type-post","3":"status-publish","4":"format-standard","5":"has-post-thumbnail","7":"category-news-de"},"acf":[],"aioseo_notices":[],"_links":{"self":[{"href":"https:\/\/www.united-europe.eu\/de\/wp-json\/wp\/v2\/posts\/9647","targetHints":{"allow":["GET"]}}],"collection":[{"href":"https:\/\/www.united-europe.eu\/de\/wp-json\/wp\/v2\/posts"}],"about":[{"href":"https:\/\/www.united-europe.eu\/de\/wp-json\/wp\/v2\/types\/post"}],"author":[{"embeddable":true,"href":"https:\/\/www.united-europe.eu\/de\/wp-json\/wp\/v2\/users\/16"}],"replies":[{"embeddable":true,"href":"https:\/\/www.united-europe.eu\/de\/wp-json\/wp\/v2\/comments?post=9647"}],"version-history":[{"count":1,"href":"https:\/\/www.united-europe.eu\/de\/wp-json\/wp\/v2\/posts\/9647\/revisions"}],"predecessor-version":[{"id":9648,"href":"https:\/\/www.united-europe.eu\/de\/wp-json\/wp\/v2\/posts\/9647\/revisions\/9648"}],"wp:featuredmedia":[{"embeddable":true,"href":"https:\/\/www.united-europe.eu\/de\/wp-json\/wp\/v2\/media\/9447"}],"wp:attachment":[{"href":"https:\/\/www.united-europe.eu\/de\/wp-json\/wp\/v2\/media?parent=9647"}],"wp:term":[{"taxonomy":"category","embeddable":true,"href":"https:\/\/www.united-europe.eu\/de\/wp-json\/wp\/v2\/categories?post=9647"},{"taxonomy":"post_tag","embeddable":true,"href":"https:\/\/www.united-europe.eu\/de\/wp-json\/wp\/v2\/tags?post=9647"},{"taxonomy":"powerkit_post_featured","embeddable":true,"href":"https:\/\/www.united-europe.eu\/de\/wp-json\/wp\/v2\/powerkit_post_featured?post=9647"}],"curies":[{"name":"wp","href":"https:\/\/api.w.org\/{rel}","templated":true}]}}