{"id":9522,"date":"2018-03-06T14:17:40","date_gmt":"2018-03-06T13:17:40","guid":{"rendered":"https:\/\/www.united-europe.eu\/?p=9522"},"modified":"2018-03-07T11:23:09","modified_gmt":"2018-03-07T10:23:09","slug":"willkommen-auf-der-neuen-website-von-united-europe","status":"publish","type":"post","link":"https:\/\/www.united-europe.eu\/de\/2018\/03\/willkommen-auf-der-neuen-website-von-united-europe\/","title":{"rendered":"Willkommen auf der neuen Website von United Europe!"},"content":{"rendered":"<p>Liebe Mitglieder und Freunde von United Europe,<br \/>\nWillkommen auf der <strong>neuen Website von United Europe<\/strong>! Durch einen neuen Look, verbunden mit einer moderneren, dynamischeren Anmutung, wollen wir unsere Arbeit auch optisch ansprechender und \u00fcbersichtlicher pr\u00e4sentieren.<\/p>\n<p>Auch 2018 wird europapolitisch ein interessantes, aufreibendes Jahr!<br \/>\nDeshalb widmen wir uns bei United Europe im ersten Halbjahr einer <strong>Reihe von aktuellen Themen<\/strong>, die dieser Entwicklung Rechnung tragen.<br \/>\nDer Ausgang der <strong>Parlamentswahlen in Italien<\/strong> stellt die EU vor neue, gro\u00dfe Probleme. Gewonnen haben populistische, anti-europ\u00e4ische Parteien, die an einer gemeinsamen Europapolitik nicht interessiert sind und sich an keine Regeln halten wollen. Das kann f\u00fcr Europa zu einem Albtraum werden, wie der Freiburger \u00d6konom <strong>L\u00fcder Gerken<\/strong> in einem Interview mit dem SWR erl\u00e4utert (<a href=\"https:\/\/www.swr.de\/swraktuell\/nach-der-italien-wahl-das-kann-fuer-europa-ein-alptraum-werden\/-\/id=396\/did=21280686\/nid=396\/dvtm4m\/index.html\">das Interview lesen Sie hier<\/a>). Auch in Frankreich muss Emmanuel Macron ein Jahr nach seiner Wahl zum Franz\u00f6sischen Pr\u00e4sidenten beweisen, dass er seine Reformen durchsetzen kann und inwiefern er mit seinen Ideen Frankreich und Europa zum Positiven ver\u00e4ndern m\u00f6chte. Um das zu diskutieren, planen wir im <strong>Mai einen CEO-Roundtable in Paris<\/strong> mit dem Titel \u201e<strong>Can Macron\u2019s ideas change Europe?<\/strong>\u201c<\/p>\n<p>Dazu h\u00e4tten wir nat\u00fcrlich auch gern unsere Vizepr\u00e4sidentin <strong>Sylvie Goulard<\/strong> begr\u00fc\u00dft, allerdings muss Frau Goulard nach ihrer Berufung zur stellvertretenden Gouverneurin der Banque de France ihr Ehrenamt bei United Europe aufgeben, was wir sehr bedauern. Wir hoffen, dass Frau Goulard uns dennoch gewogen bleibt und w\u00fcnschen ihr alles Gute f\u00fcr ihre neue Aufgabe!<\/p>\n<figure id=\"attachment_9496\" aria-describedby=\"caption-attachment-9496\" style=\"width: 320px\" class=\"wp-caption alignleft\"><a href=\"https:\/\/www.united-europe.eu\/wp-content\/uploads\/2018\/02\/20180214_200423.jpg\"><img loading=\"lazy\" decoding=\"async\" class=\"wp-image-9496 size-thumbnail\" src=\"https:\/\/www.united-europe.eu\/wp-content\/uploads\/2018\/02\/20180214_200423-320x240.jpg\" alt=\"\" width=\"320\" height=\"240\" srcset=\"https:\/\/www.united-europe.eu\/wp-content\/uploads\/2018\/02\/20180214_200423-320x240.jpg 320w, https:\/\/www.united-europe.eu\/wp-content\/uploads\/2018\/02\/20180214_200423-800x600.jpg 800w, https:\/\/www.united-europe.eu\/wp-content\/uploads\/2018\/02\/20180214_200423-1160x870.jpg 1160w, https:\/\/www.united-europe.eu\/wp-content\/uploads\/2018\/02\/20180214_200423-560x420.jpg 560w, https:\/\/www.united-europe.eu\/wp-content\/uploads\/2018\/02\/20180214_200423-1920x1440.jpg 1920w, https:\/\/www.united-europe.eu\/wp-content\/uploads\/2018\/02\/20180214_200423-633x475.jpg 633w, https:\/\/www.united-europe.eu\/wp-content\/uploads\/2018\/02\/20180214_200423-133x100.jpg 133w, https:\/\/www.united-europe.eu\/wp-content\/uploads\/2018\/02\/20180214_200423-640x480.jpg 640w, https:\/\/www.united-europe.eu\/wp-content\/uploads\/2018\/02\/20180214_200423-1120x840.jpg 1120w, https:\/\/www.united-europe.eu\/wp-content\/uploads\/2018\/02\/20180214_200423-1600x1200.jpg 1600w, https:\/\/www.united-europe.eu\/wp-content\/uploads\/2018\/02\/20180214_200423-2320x1740.jpg 2320w, https:\/\/www.united-europe.eu\/wp-content\/uploads\/2018\/02\/20180214_200423-1266x950.jpg 1266w, https:\/\/www.united-europe.eu\/wp-content\/uploads\/2018\/02\/20180214_200423-267x200.jpg 267w, https:\/\/www.united-europe.eu\/wp-content\/uploads\/2018\/02\/20180214_200423.jpg 2880w\" sizes=\"auto, (max-width: 320px) 100vw, 320px\" \/><\/a><figcaption id=\"caption-attachment-9496\" class=\"wp-caption-text\">CEO Roundtable Artificial Intelligence bei Siemens<\/figcaption><\/figure>\n<p>Unsere erste Veranstaltung in diesem Jahr fand am 14. Februar am Vorabend der M\u00fcnchner Sicherheitskonferenz in M\u00fcnchen statt. Zum Thema \u201e<strong>Artificial Intelligence \u2013 A European View<\/strong>\u201c hatten wir 40 CEOs und Experten auf dem Gebiet der <strong>K\u00fcnstlichen Intelligenz<\/strong> in das neue Headquarter von <strong>Siemens<\/strong> geladen. K\u00fcnstliche Intelligenz ist DAS technische Zukunftsthema der kommenden Jahre. KI wird unsere Arbeit, unsere Gesellschaft, die Art, wie wir leben, dramatisch ver\u00e4ndern. Es wird viel Angst gesch\u00fcrt. Jeder zehnte Arbeitsplatz soll in den n\u00e4chsten f\u00fcnf Jahren der Automatisierung zum Opfer fallen, hei\u00dft es in einer aktuellen Studie von Bitkom. Aber es werden auch neue Arbeitspl\u00e4tze geschaffen. Neue Firmen werden gegr\u00fcndet werden. Wir in Europa sind \u2013 trotz idealer Voraussetzungen \u2013 gerade dabei, uns auf diesem Gebiet von den USA und China abh\u00e4ngen zu lassen. Auch die Politik hat das bereits erkannt und auf die Bedrohung aufmerksam gemacht. Industrie und Unternehmen in Europa m\u00fcssen einen Schulterschluss wagen und die notwendigen Voraussetzungen bei der Politik einfordern. Eine <strong>Zusammenfassung der Veranstaltung<\/strong> (samt einigen Fotos) <a href=\"https:\/\/www.united-europe.eu\/de\/2018\/03\/artificial-intelligence-a-european-view\/\">finden Sie hier<\/a>.<\/p>\n<p>In diesem Jahr haben wir \u201e<strong>Europ\u00e4ische Identit\u00e4t\u201c <\/strong>als Dachthema f\u00fcr unsere Arbeit gew\u00e4hlt. Dabei wollen wir uns vor allem der Frage stellen, ob es eine Europ\u00e4ische Identit\u00e4t gibt, was das ist, wie sie von verschiedenen geografischen Perspektiven aus definiert wird und wozu sie gut sein k\u00f6nnte. Bereits vor einem Jahr sind wir beim Young Professional Seminar in Aix-en-Provence der Frage nach einer gemeinsamen Europ\u00e4ischen Identit\u00e4t nachgegangen. Damals erarbeiteten die Teilnehmerinnen und Teilnehmer eine Liste mit Ma\u00dfnahmen, die die Bildung einer gemeinsamen europ\u00e4ischen Identit\u00e4t unterst\u00fctzen sollen (<a href=\"https:\/\/www.united-europe.eu\/2017\/04\/developing-a-european-identity\/\">Sie finden sie hier).<br \/>\n<\/a>Wir werden in unseren Veranstaltungen den Begriff &#8222;Europ\u00e4ische Identit\u00e4t&#8220; immer wieder zur Diskussion und auf den Pr\u00fcfstand stellen und am Ende des Jahres ein <strong>Res\u00fcmee<\/strong> ver\u00f6ffentlichen.<\/p>\n<figure id=\"attachment_9190\" aria-describedby=\"caption-attachment-9190\" style=\"width: 320px\" class=\"wp-caption alignright\"><a href=\"https:\/\/www.united-europe.eu\/wp-content\/uploads\/2018\/02\/Can_kl.jpg\"><img loading=\"lazy\" decoding=\"async\" class=\"wp-image-9190 size-thumbnail\" src=\"https:\/\/www.united-europe.eu\/wp-content\/uploads\/2018\/02\/Can_kl-320x240.jpg\" alt=\"\" width=\"320\" height=\"240\" srcset=\"https:\/\/www.united-europe.eu\/wp-content\/uploads\/2018\/02\/Can_kl-320x240.jpg 320w, https:\/\/www.united-europe.eu\/wp-content\/uploads\/2018\/02\/Can_kl-560x420.jpg 560w, https:\/\/www.united-europe.eu\/wp-content\/uploads\/2018\/02\/Can_kl-640x480.jpg 640w\" sizes=\"auto, (max-width: 320px) 100vw, 320px\" \/><\/a><figcaption id=\"caption-attachment-9190\" class=\"wp-caption-text\">Can D\u00fcndar<\/figcaption><\/figure>\n<p>Auch unsere Veranstaltung mit dem bekannten, vielfach ausgezeichneten, im Berliner Exil lebenden t\u00fcrkischen Journalisten und Buchautor <strong>Can D\u00fcndar<\/strong> handelt im weitesten Sinne von Europ\u00e4ischer Identit\u00e4t. In seiner Lecture <strong>\u201eEurope \u2013 A Turkish View\u201c<\/strong> beleuchtet er am <strong>Freitag, dem 16. M\u00e4rz 2018<\/strong> die aktuelle Situation zwischen Europa und der T\u00fcrkei und besch\u00e4ftigt sich unter anderem mit der Frage, wie man sich \u2013 als Privatperson oder als Unternehmen \u2013 in diesen schwierigen Zeiten am besten zur T\u00fcrkei verh\u00e4lt. <a href=\"https:\/\/www.united-europe.eu\/de\/2018\/03\/unsere-naechste-veranstaltung-lecture-mit-can-duendar-europa-aus-tuerkischer-sicht\/\">Weitere Informationen gibt es hier<\/a>.<\/p>\n<p>Unsere n\u00e4chsten <strong>Young Professional Seminare<\/strong> finden in <strong>Freiburg im Breisgau<\/strong> (20. \u2013 22.4.) und in <strong>Nizza<\/strong> (8. \u2013 10.6.) statt.<br \/>\nUnter der \u00dcberschrift \u201e<strong>Understanding Europe<\/strong>\u201c besch\u00e4ftigen wir uns in Freiburg mit der Frage, wie Politik in der EU funktioniert: Wie Gesetze in Europa gemacht werden, wie Vertr\u00e4ge zustande kommen und wie wichtig eine funktionierende Regulierungspolitik ist. Die Veranstaltung findet in Kooperation mit dem Centrum f\u00fcr Europ\u00e4ische Politik in der Albert-Ludwigs-Universit\u00e4t statt. Sehr gerne nehmen wir hierzu Bewerbungen von potenziellen Teilnehmern entgegen. <a href=\"https:\/\/www.united-europe.eu\/de\/2018\/03\/young-professionals-seminar-understanding-europe\/\">Weitere Informationen gibt es hier<\/a>:<\/p>\n<p>In <strong>Nizza<\/strong> wollen wir in Kooperation mit dem <strong>Deutsch-Franz\u00f6sischen Kulturinstitut<\/strong> die kreativen Kr\u00e4fte Europas b\u00fcndeln und in einem zweit\u00e4gigen \u201eHackathon\u201c Formen und Wege finden, um Europa auf ganz neue Arten und Weisen zu erz\u00e4hlen: \u201e<strong>How to tell the EU\u2019s Story<\/strong>\u201c. Fernab von den immergleichen Geschichten in den Medien und Sozialen Netzwerken wollen wir nach einem positiven Narrativ f\u00fcr Europa bzw. die EU suchen. Wir wollen mit einem ganz anderen, frischeren Blick auf die EU Formen finden, die Erfolgsgeschichte von Europa neu zu erz\u00e4hlen. Ein Jahr vor der Europawahl 2019 soll das Seminar der Startschuss f\u00fcr einen j\u00e4hrlich ausgerichteten, europaweiten Wettbewerb sein, der noch einmal von einer positiven Seite die Aufmerksamkeit auf Europa lenkt und vielleicht sogar Begeisterung sch\u00fcrt. Informationen dazu folgen in K\u00fcrze.<\/p>\n<figure id=\"attachment_9511\" aria-describedby=\"caption-attachment-9511\" style=\"width: 320px\" class=\"wp-caption alignleft\"><a href=\"https:\/\/www.united-europe.eu\/wp-content\/uploads\/2018\/03\/Jean_Tirole_kl.jpg\"><img loading=\"lazy\" decoding=\"async\" class=\"wp-image-9511 size-thumbnail\" src=\"https:\/\/www.united-europe.eu\/wp-content\/uploads\/2018\/03\/Jean_Tirole_kl-320x240.jpg\" alt=\"\" width=\"320\" height=\"240\" srcset=\"https:\/\/www.united-europe.eu\/wp-content\/uploads\/2018\/03\/Jean_Tirole_kl-320x240.jpg 320w, https:\/\/www.united-europe.eu\/wp-content\/uploads\/2018\/03\/Jean_Tirole_kl-560x420.jpg 560w, https:\/\/www.united-europe.eu\/wp-content\/uploads\/2018\/03\/Jean_Tirole_kl-640x480.jpg 640w\" sizes=\"auto, (max-width: 320px) 100vw, 320px\" \/><\/a><figcaption id=\"caption-attachment-9511\" class=\"wp-caption-text\">Prof. Jean Tirole<\/figcaption><\/figure>\n<p>Am <strong>14. Juni 2018<\/strong> haben wir die gro\u00dfe Ehre, mit dem franz\u00f6sischen Wirtschaftsnobelpreistr\u00e4ger <strong>Prof. Jean Tirole<\/strong> in Berlin \u00fcber Europa zu diskutieren. Wir freuen uns sehr auf diesen hochkar\u00e4tigen und besonderen Diskussionsabend.<\/p>\n<p>Auch die <strong>Beziehung zu unseren \u00f6stlichen Nachbarl\u00e4ndern<\/strong> wollen wir beleuchten. Daf\u00fcr laden wir gemeinsam mit unserem Mitglied <strong>Covalis Capital<\/strong> am <strong>26. Juni<\/strong> zu einem <strong>CEO-Roundtable<\/strong> ins wundersch\u00f6ne <strong>Vilnius<\/strong> ein. Thema: \u201e<strong>Economic &amp; Political Relationship with Russia<\/strong>\u201c.<\/p>\n<p>Zudem beginnen wir eine Kooperation mit der Plattform <a href=\"https:\/\/europaunited.eu\/\">Europa-United<\/a>. Die in Irland ans\u00e4ssige Plattform ist ein <a href=\"https:\/\/www.united-europe.eu\/wp-content\/uploads\/2018\/03\/EU-2-Master-2.jpg\"><img loading=\"lazy\" decoding=\"async\" class=\"alignright wp-image-9512 size-thumbnail\" src=\"https:\/\/www.united-europe.eu\/wp-content\/uploads\/2018\/03\/EU-2-Master-2-320x240.jpg\" alt=\"\" width=\"320\" height=\"240\" srcset=\"https:\/\/www.united-europe.eu\/wp-content\/uploads\/2018\/03\/EU-2-Master-2-320x240.jpg 320w, https:\/\/www.united-europe.eu\/wp-content\/uploads\/2018\/03\/EU-2-Master-2-560x420.jpg 560w, https:\/\/www.united-europe.eu\/wp-content\/uploads\/2018\/03\/EU-2-Master-2-640x480.jpg 640w, https:\/\/www.united-europe.eu\/wp-content\/uploads\/2018\/03\/EU-2-Master-2-1120x840.jpg 1120w\" sizes=\"auto, (max-width: 320px) 100vw, 320px\" \/><\/a><strong>gemeinn\u00fctziges Autorenportal<\/strong>, das dem europ\u00e4ischen Projekt und seinen Institutionen gewidmet ist. Ziel ist es, die Idee einer engeren europ\u00e4ischen Integration durch Meinungen, Gespr\u00e4che und Informationen zu f\u00f6rdern. Das passt ausgezeichnet zu den Zielen von United Europe, weshalb wir in Zukunft nicht nur Texte von Europa-United auf unserer Website ver\u00f6ffentlichen, sondern Europa-United auch Texte von uns und unseren Mitgliedern ver\u00f6ffentlicht sowie auf Twitter und Facebook teilt. Weitere gemeinsame Projekte sind nicht ausgeschlossen.<\/p>\n<p>Wir hoffen sehr, dass Sie uns auch in diesem Jahr gewogen bleiben und unsere Arbeit weiter unterst\u00fctzen. F\u00fcr Ideen und Vorschl\u00e4ge haben wir immer ein offenes Ohr, auch freuen wir uns \u00fcber Ihre aktive Mitarbeit. Auf dass wir unserem Traum eines geeinten, wettbewerbsf\u00e4higen und diversen Europas jeden Tag ein wenig n\u00e4herkommen!<\/p>\n<p>Herzliche Gr\u00fc\u00dfe<\/p>\n<p>Sabine Sasse &amp; Dr. Julia Reuss<\/p>\n<p>&nbsp;<\/p>\n","protected":false},"excerpt":{"rendered":"<p>Liebe Mitglieder und Freunde von United Europe, Willkommen auf der neuen Website von United Europe! Durch einen neuen Look, verbunden mit einer moderneren, dynamischeren Anmutung, wollen wir unsere Arbeit auch&hellip;<\/p>\n","protected":false},"author":16,"featured_media":9515,"comment_status":"closed","ping_status":"closed","sticky":false,"template":"","format":"standard","meta":{"_acf_changed":false,"footnotes":""},"categories":[620],"tags":[],"powerkit_post_featured":[],"class_list":{"0":"post-9522","1":"post","2":"type-post","3":"status-publish","4":"format-standard","5":"has-post-thumbnail","7":"category-news-de"},"acf":[],"aioseo_notices":[],"_links":{"self":[{"href":"https:\/\/www.united-europe.eu\/de\/wp-json\/wp\/v2\/posts\/9522","targetHints":{"allow":["GET"]}}],"collection":[{"href":"https:\/\/www.united-europe.eu\/de\/wp-json\/wp\/v2\/posts"}],"about":[{"href":"https:\/\/www.united-europe.eu\/de\/wp-json\/wp\/v2\/types\/post"}],"author":[{"embeddable":true,"href":"https:\/\/www.united-europe.eu\/de\/wp-json\/wp\/v2\/users\/16"}],"replies":[{"embeddable":true,"href":"https:\/\/www.united-europe.eu\/de\/wp-json\/wp\/v2\/comments?post=9522"}],"version-history":[{"count":5,"href":"https:\/\/www.united-europe.eu\/de\/wp-json\/wp\/v2\/posts\/9522\/revisions"}],"predecessor-version":[{"id":9547,"href":"https:\/\/www.united-europe.eu\/de\/wp-json\/wp\/v2\/posts\/9522\/revisions\/9547"}],"wp:featuredmedia":[{"embeddable":true,"href":"https:\/\/www.united-europe.eu\/de\/wp-json\/wp\/v2\/media\/9515"}],"wp:attachment":[{"href":"https:\/\/www.united-europe.eu\/de\/wp-json\/wp\/v2\/media?parent=9522"}],"wp:term":[{"taxonomy":"category","embeddable":true,"href":"https:\/\/www.united-europe.eu\/de\/wp-json\/wp\/v2\/categories?post=9522"},{"taxonomy":"post_tag","embeddable":true,"href":"https:\/\/www.united-europe.eu\/de\/wp-json\/wp\/v2\/tags?post=9522"},{"taxonomy":"powerkit_post_featured","embeddable":true,"href":"https:\/\/www.united-europe.eu\/de\/wp-json\/wp\/v2\/powerkit_post_featured?post=9522"}],"curies":[{"name":"wp","href":"https:\/\/api.w.org\/{rel}","templated":true}]}}