{"id":8841,"date":"2018-01-18T19:23:20","date_gmt":"2018-01-18T18:23:20","guid":{"rendered":"https:\/\/www.united-europe.eu\/?p=8841"},"modified":"2018-03-02T20:27:45","modified_gmt":"2018-03-02T19:27:45","slug":"das-roemische-manifest-beim-lohmann-seminar-in-aachen","status":"publish","type":"post","link":"https:\/\/www.united-europe.eu\/de\/2018\/01\/das-roemische-manifest-beim-lohmann-seminar-in-aachen\/","title":{"rendered":"Das R\u00f6mische Manifest beim Lohmann Seminar in Aachen"},"content":{"rendered":"<p>Im Rahmen des gesellschaftspolitischen <strong>Lohmann Seminars<\/strong> diskutierten am 13. Januar Mitglieder des Berg- und H\u00fcttenm\u00e4nnischen Vereins e.V. in Aachen \u00fcber das Thema \u201e<strong>Europ\u00e4ische Identit\u00e4t<\/strong>\u201c, dem Jahresthema 2018 von United Europe.<\/p>\n<p><img loading=\"lazy\" decoding=\"async\" class=\"size-medium wp-image-8812 alignleft\" src=\"https:\/\/www.united-europe.eu\/wp-content\/uploads\/2018\/01\/DSC00344_kl-300x200.jpg\" alt=\"\" width=\"300\" height=\"200\" srcset=\"https:\/\/www.united-europe.eu\/wp-content\/uploads\/2018\/01\/DSC00344_kl-300x200.jpg 300w, https:\/\/www.united-europe.eu\/wp-content\/uploads\/2018\/01\/DSC00344_kl.jpg 800w, https:\/\/www.united-europe.eu\/wp-content\/uploads\/2018\/01\/DSC00344_kl-320x213.jpg 320w, https:\/\/www.united-europe.eu\/wp-content\/uploads\/2018\/01\/DSC00344_kl-560x373.jpg 560w, https:\/\/www.united-europe.eu\/wp-content\/uploads\/2018\/01\/DSC00344_kl-640x426.jpg 640w, https:\/\/www.united-europe.eu\/wp-content\/uploads\/2018\/01\/DSC00344_kl-450x300.jpg 450w, https:\/\/www.united-europe.eu\/wp-content\/uploads\/2018\/01\/DSC00344_kl-633x422.jpg 633w, https:\/\/www.united-europe.eu\/wp-content\/uploads\/2018\/01\/DSC00344_kl-150x100.jpg 150w, https:\/\/www.united-europe.eu\/wp-content\/uploads\/2018\/01\/DSC00344_kl-768x512.jpg 768w\" sizes=\"auto, (max-width: 300px) 100vw, 300px\" \/>Eingeladen war auch <strong>Jenny Paul<\/strong>, ehemalige Gesch\u00e4ftsf\u00fchrerin von United Europe, um das <a href=\"https:\/\/www.united-europe.eu\/roemisches-manifest\/das-manifest\/?lang=de\">R\u00f6mische Manifest<\/a> vorzustellen und mit den Teilnehmern \u00fcber die darin enthaltenen Reformvorschl\u00e4ge f\u00fcr Europa zu diskutieren.<\/p>\n<p>Bereits fr\u00fch morgens kamen die rund <strong>40 Teilnehmerinnen und Teilnehmer<\/strong> des generationen\u00fcbergreifenden Seminars aus allen Teilen Deutschlands und \u00d6sterreich zusammen, um das zentrale Thema in intensiven Gruppendiskussionen aus verschiedenen Blickwinkeln zu debattieren. Die Mischung aus \u00fcberwiegend 18- bis 28-j\u00e4hrigen Studenten und Teilnehmern \u00e4lterer Generationen war besonders spannend und f\u00fchrte \u2013 durch unterschiedliche Lebenserfahrungen, Sichtweisen und Einstellungen \u2013 zu interessanten Gespr\u00e4chen. Die schlie\u00dflich am Nachmittag von Jenny Paul vorgestellten Ideen des R\u00f6mischen Manifestes regten die Seminarteilnehmer zu weiteren ausf\u00fchrlichen Diskussionen an.<\/p>\n<p>Am Ende waren sich die Teilnehmer einig, dass es jetzt an jedem Einzelnen liegt, Europa nach vorne zu bringen und man nicht warten kann, bis sich die politische Debatte von allein auf den richtigen Weg begebe. Jenny Paul rief die Teilnehmer auf, 2018 die Hoffnung auf ein besseres Europa voranzutreiben und auch nach dem Ende des Seminars weiter \u00fcber das Thema Europa zu diskutieren.<\/p>\n<p><img loading=\"lazy\" decoding=\"async\" class=\"size-medium wp-image-8809 alignright\" src=\"https:\/\/www.united-europe.eu\/wp-content\/uploads\/2018\/01\/DSC00317_kl-300x200.jpg\" alt=\"\" width=\"300\" height=\"200\" srcset=\"https:\/\/www.united-europe.eu\/wp-content\/uploads\/2018\/01\/DSC00317_kl-300x200.jpg 300w, https:\/\/www.united-europe.eu\/wp-content\/uploads\/2018\/01\/DSC00317_kl.jpg 800w, https:\/\/www.united-europe.eu\/wp-content\/uploads\/2018\/01\/DSC00317_kl-320x213.jpg 320w, https:\/\/www.united-europe.eu\/wp-content\/uploads\/2018\/01\/DSC00317_kl-560x373.jpg 560w, https:\/\/www.united-europe.eu\/wp-content\/uploads\/2018\/01\/DSC00317_kl-640x426.jpg 640w, https:\/\/www.united-europe.eu\/wp-content\/uploads\/2018\/01\/DSC00317_kl-450x300.jpg 450w, https:\/\/www.united-europe.eu\/wp-content\/uploads\/2018\/01\/DSC00317_kl-633x422.jpg 633w, https:\/\/www.united-europe.eu\/wp-content\/uploads\/2018\/01\/DSC00317_kl-150x100.jpg 150w, https:\/\/www.united-europe.eu\/wp-content\/uploads\/2018\/01\/DSC00317_kl-768x512.jpg 768w\" sizes=\"auto, (max-width: 300px) 100vw, 300px\" \/>Mit einem gemeinsamen Abendessen endete ein spannender Tag voller interessanter Debatten und neuer Ideen f\u00fcr Europa, den die studentischen Organisatoren des BuH-Vereins alleine auf die Beine gestellt hatten. Wir danken United Europe-Mitglied <strong>Tim Radmacher<\/strong>, einem der Organisatoren des Seminars, f\u00fcr die Einladung und gratulieren zu einem rundum gelungenen Seminar! Und am Ende eines f\u00fcr Aachen wohl ungew\u00f6hnlich sonnigen Tages wehten die gelben Sterne der Europa-Fahne des Vereins im Garten vielleicht noch ein wenig kr\u00e4ftiger als zuvor.<\/p>\n<p>Wir freuen uns auf weitere Initiativen dieser Art, und stehen f\u00fcr R\u00fcckfragen oder zur Besprechung m\u00f6glicher Zusammenarbeiten jederzeit gerne zur Verf\u00fcgung (info@united-europe.eu)!<\/p>\n","protected":false},"excerpt":{"rendered":"<p>Im Rahmen des gesellschaftspolitischen Lohmann Seminars diskutierten am 13. Januar Mitglieder des Berg- und H\u00fcttenm\u00e4nnischen Vereins e.V. in Aachen \u00fcber das Thema \u201eEurop\u00e4ische Identit\u00e4t\u201c, dem Jahresthema 2018 von United Europe.&hellip;<\/p>\n","protected":false},"author":16,"featured_media":8837,"comment_status":"closed","ping_status":"closed","sticky":false,"template":"","format":"standard","meta":{"_acf_changed":false,"footnotes":""},"categories":[585,681],"tags":[861,289,879,878,845,787,565],"powerkit_post_featured":[],"class_list":{"0":"post-8841","1":"post","2":"type-post","3":"status-publish","4":"format-standard","5":"has-post-thumbnail","7":"category-ue-advocacy-programm","8":"category-advocacy-voices-de","9":"tag-europaeische-identitaet","10":"tag-european-identity-de","11":"tag-jenny-paul","12":"tag-lohmann-seminar","13":"tag-rome-manifesto-de","14":"tag-roemisches-manifest","15":"tag-united-europe"},"acf":[],"aioseo_notices":[],"_links":{"self":[{"href":"https:\/\/www.united-europe.eu\/de\/wp-json\/wp\/v2\/posts\/8841","targetHints":{"allow":["GET"]}}],"collection":[{"href":"https:\/\/www.united-europe.eu\/de\/wp-json\/wp\/v2\/posts"}],"about":[{"href":"https:\/\/www.united-europe.eu\/de\/wp-json\/wp\/v2\/types\/post"}],"author":[{"embeddable":true,"href":"https:\/\/www.united-europe.eu\/de\/wp-json\/wp\/v2\/users\/16"}],"replies":[{"embeddable":true,"href":"https:\/\/www.united-europe.eu\/de\/wp-json\/wp\/v2\/comments?post=8841"}],"version-history":[{"count":2,"href":"https:\/\/www.united-europe.eu\/de\/wp-json\/wp\/v2\/posts\/8841\/revisions"}],"predecessor-version":[{"id":9312,"href":"https:\/\/www.united-europe.eu\/de\/wp-json\/wp\/v2\/posts\/8841\/revisions\/9312"}],"wp:featuredmedia":[{"embeddable":true,"href":"https:\/\/www.united-europe.eu\/de\/wp-json\/wp\/v2\/media\/8837"}],"wp:attachment":[{"href":"https:\/\/www.united-europe.eu\/de\/wp-json\/wp\/v2\/media?parent=8841"}],"wp:term":[{"taxonomy":"category","embeddable":true,"href":"https:\/\/www.united-europe.eu\/de\/wp-json\/wp\/v2\/categories?post=8841"},{"taxonomy":"post_tag","embeddable":true,"href":"https:\/\/www.united-europe.eu\/de\/wp-json\/wp\/v2\/tags?post=8841"},{"taxonomy":"powerkit_post_featured","embeddable":true,"href":"https:\/\/www.united-europe.eu\/de\/wp-json\/wp\/v2\/powerkit_post_featured?post=8841"}],"curies":[{"name":"wp","href":"https:\/\/api.w.org\/{rel}","templated":true}]}}