{"id":8405,"date":"2017-10-20T16:53:55","date_gmt":"2017-10-20T14:53:55","guid":{"rendered":"https:\/\/www.united-europe.eu\/?p=8405"},"modified":"2018-03-02T21:01:48","modified_gmt":"2018-03-02T20:01:48","slug":"aayan-guels-ueber-den-europaeischen-traum","status":"publish","type":"post","link":"https:\/\/www.united-europe.eu\/de\/2017\/10\/aayan-guels-ueber-den-europaeischen-traum\/","title":{"rendered":"Ayaan G\u00fcls \u00fcber den europ\u00e4ischen Traum"},"content":{"rendered":"<figure id=\"attachment_8400\" aria-describedby=\"caption-attachment-8400\" style=\"width: 218px\" class=\"wp-caption alignleft\"><img loading=\"lazy\" decoding=\"async\" class=\" wp-image-8400\" src=\"https:\/\/www.united-europe.eu\/wp-content\/uploads\/2017\/10\/Ayaan-G\u00fcls-259x300.jpg\" alt=\"\" width=\"218\" height=\"253\" srcset=\"https:\/\/www.united-europe.eu\/wp-content\/uploads\/2017\/10\/Ayaan-G\u00fcls-259x300.jpg 259w, https:\/\/www.united-europe.eu\/wp-content\/uploads\/2017\/10\/Ayaan-G\u00fcls-800x926.jpg 800w, https:\/\/www.united-europe.eu\/wp-content\/uploads\/2017\/10\/Ayaan-G\u00fcls-1160x1343.jpg 1160w, https:\/\/www.united-europe.eu\/wp-content\/uploads\/2017\/10\/Ayaan-G\u00fcls-320x370.jpg 320w, https:\/\/www.united-europe.eu\/wp-content\/uploads\/2017\/10\/Ayaan-G\u00fcls-560x648.jpg 560w, https:\/\/www.united-europe.eu\/wp-content\/uploads\/2017\/10\/Ayaan-G\u00fcls-640x741.jpg 640w, https:\/\/www.united-europe.eu\/wp-content\/uploads\/2017\/10\/Ayaan-G\u00fcls-1120x1297.jpg 1120w, https:\/\/www.united-europe.eu\/wp-content\/uploads\/2017\/10\/Ayaan-G\u00fcls-1266x1466.jpg 1266w, https:\/\/www.united-europe.eu\/wp-content\/uploads\/2017\/10\/Ayaan-G\u00fcls-173x200.jpg 173w, https:\/\/www.united-europe.eu\/wp-content\/uploads\/2017\/10\/Ayaan-G\u00fcls-633x733.jpg 633w, https:\/\/www.united-europe.eu\/wp-content\/uploads\/2017\/10\/Ayaan-G\u00fcls-86x100.jpg 86w, https:\/\/www.united-europe.eu\/wp-content\/uploads\/2017\/10\/Ayaan-G\u00fcls-768x889.jpg 768w, https:\/\/www.united-europe.eu\/wp-content\/uploads\/2017\/10\/Ayaan-G\u00fcls.jpg 1281w\" sizes=\"auto, (max-width: 218px) 100vw, 218px\" \/><figcaption id=\"caption-attachment-8400\" class=\"wp-caption-text\">Ayaan G\u00fcls, Sprecherin der BAT Stiftung f\u00fcr Zukunftsfragen<\/figcaption><\/figure>\n<p>Gibt es eine europ\u00e4ische Identit\u00e4t? Die Europ\u00e4ische Union hat 28 Mitgliedsstaaten, mehr als 500 Millionen Einwohner und 24 offizielle Sprachen. Wenn man die \u00fcbrigen Staaten in Europa einbezieht, sind es 46 Staaten mit zusammen 750 Millionen Einwohnern.<\/p>\n<p>Europa wird nur dann enger zusammenwachsen, wenn sich die Europ\u00e4er st\u00e4rker damit identifizieren und eine eigene, anfassbare Identit\u00e4t entwickeln, schreibt Ayaan G\u00fcls, Sprecherin der BAT Stiftung f\u00fcr Zukunftsfragen, in einem Beitrag f\u00fcr United Europe. Wann wird das erreicht sein? &#8222;Wenn ein D\u00e4ne stolz ist, dass die polnische Fu\u00dfball-Mannschaft die Weltmeisterschaft gewonnen hat? Oder wenn ein Franzose von &#8217;seinem&#8216; griechischen EU-Kommissar spricht? Soweit sind aber noch lange nicht alle Europ\u00e4er.&#8220;<\/p>\n<p>Trotzdem sei das Europ\u00e4ische Haus auf einer soliden und sicheren Basis errichtet worden, auf der k\u00fcnftige Generationen aufbauen k\u00f6nnten, schreibt G\u00fcls. &#8222;Der europ\u00e4ische Traum kann viel mehr sein als wir zu tr\u00e4umen wagen. Das ist unser Traum.&#8220;<\/p>\n<p>Den vollst\u00e4ndigen Beitrag lesen Sie <a href=\"https:\/\/www.united-europe.eu\/young-europeans\/aayan-guls-on-the-european-dream\/\" target=\"_blank\" rel=\"noopener\">hier auf Englisch<\/a>.<\/p>\n<p><em>\u00a0<\/em><\/p>\n","protected":false},"excerpt":{"rendered":"<p>Gibt es eine europ\u00e4ische Identit\u00e4t? Die Europ\u00e4ische Union hat 28 Mitgliedsstaaten, mehr als 500 Millionen Einwohner und 24 offizielle Sprachen. Wenn man die \u00fcbrigen Staaten in Europa einbezieht, sind es&hellip;<\/p>\n","protected":false},"author":16,"featured_media":8400,"comment_status":"closed","ping_status":"closed","sticky":false,"template":"","format":"image","meta":{"_acf_changed":false,"footnotes":""},"categories":[585,681],"tags":[],"powerkit_post_featured":[],"class_list":{"0":"post-8405","1":"post","2":"type-post","3":"status-publish","4":"format-image","5":"has-post-thumbnail","7":"category-ue-advocacy-programm","8":"category-advocacy-voices-de","9":"post_format-post-format-image"},"acf":[],"aioseo_notices":[],"_links":{"self":[{"href":"https:\/\/www.united-europe.eu\/de\/wp-json\/wp\/v2\/posts\/8405","targetHints":{"allow":["GET"]}}],"collection":[{"href":"https:\/\/www.united-europe.eu\/de\/wp-json\/wp\/v2\/posts"}],"about":[{"href":"https:\/\/www.united-europe.eu\/de\/wp-json\/wp\/v2\/types\/post"}],"author":[{"embeddable":true,"href":"https:\/\/www.united-europe.eu\/de\/wp-json\/wp\/v2\/users\/16"}],"replies":[{"embeddable":true,"href":"https:\/\/www.united-europe.eu\/de\/wp-json\/wp\/v2\/comments?post=8405"}],"version-history":[{"count":6,"href":"https:\/\/www.united-europe.eu\/de\/wp-json\/wp\/v2\/posts\/8405\/revisions"}],"predecessor-version":[{"id":9329,"href":"https:\/\/www.united-europe.eu\/de\/wp-json\/wp\/v2\/posts\/8405\/revisions\/9329"}],"wp:featuredmedia":[{"embeddable":true,"href":"https:\/\/www.united-europe.eu\/de\/wp-json\/wp\/v2\/media\/8400"}],"wp:attachment":[{"href":"https:\/\/www.united-europe.eu\/de\/wp-json\/wp\/v2\/media?parent=8405"}],"wp:term":[{"taxonomy":"category","embeddable":true,"href":"https:\/\/www.united-europe.eu\/de\/wp-json\/wp\/v2\/categories?post=8405"},{"taxonomy":"post_tag","embeddable":true,"href":"https:\/\/www.united-europe.eu\/de\/wp-json\/wp\/v2\/tags?post=8405"},{"taxonomy":"powerkit_post_featured","embeddable":true,"href":"https:\/\/www.united-europe.eu\/de\/wp-json\/wp\/v2\/powerkit_post_featured?post=8405"}],"curies":[{"name":"wp","href":"https:\/\/api.w.org\/{rel}","templated":true}]}}