{"id":8357,"date":"2017-10-17T12:56:09","date_gmt":"2017-10-17T10:56:09","guid":{"rendered":"https:\/\/www.united-europe.eu\/?p=8357"},"modified":"2017-10-18T05:58:47","modified_gmt":"2017-10-18T03:58:47","slug":"bianca-achatz-was-populisten-gemein-haben","status":"publish","type":"post","link":"https:\/\/www.united-europe.eu\/de\/2017\/10\/bianca-achatz-was-populisten-gemein-haben\/","title":{"rendered":"Bianca Achatz: Was Populisten gemein haben"},"content":{"rendered":"<figure id=\"attachment_8353\" aria-describedby=\"caption-attachment-8353\" style=\"width: 196px\" class=\"wp-caption alignright\"><img loading=\"lazy\" decoding=\"async\" class=\"size-large wp-image-8353\" src=\"https:\/\/www.united-europe.eu\/wp-content\/uploads\/2017\/10\/Bianca-Achatz-196x300.jpg\" alt=\"\" width=\"196\" height=\"300\" srcset=\"https:\/\/www.united-europe.eu\/wp-content\/uploads\/2017\/10\/Bianca-Achatz.jpg 196w, https:\/\/www.united-europe.eu\/wp-content\/uploads\/2017\/10\/Bianca-Achatz-131x200.jpg 131w, https:\/\/www.united-europe.eu\/wp-content\/uploads\/2017\/10\/Bianca-Achatz-65x100.jpg 65w\" sizes=\"auto, (max-width: 196px) 100vw, 196px\" \/><figcaption id=\"caption-attachment-8353\" class=\"wp-caption-text\">Bianca Achatz, Mitglied von United Europe<\/figcaption><\/figure>\n<p class=\"mceTemp\">Populistische Bewegungen haben ideologisch oft wenig miteinander gemein. Aber ihre Anf\u00fchrer \u00e4hneln sich im Auftreten, in ihren Methoden und zum Teil sogar in ihren Charaktereigenschaften.Bianca Achatz, ein Mitglied von United Europe aus Wien, hat sich mit dem befasst, welche Gemeinsamkeiten bei Populisten zu finden sind. F\u00fcr das Young Professionals Seminar Anfang Oktober in Hamburg bereitete sie einen Beitrag dar\u00fcber vor.<\/p>\n<p>Die Anf\u00fchrer populistischer Bewegungen, so erl\u00e4utert Achatz, setzen auf Emotionen, Tabu-Bruch und Pers\u00f6nlichkeitskult. Sie selbst sind h\u00e4ufig narzistische Pers\u00f6nlichkeiten, die gleicherma\u00dfen von hochfliegendem Ehrgeiz und verstecker Unsicherheit gepr\u00e4gt sind. Um den Beitrag von Bianca Achatz zu lesen, gehen Sie bitte <a href=\"https:\/\/www.united-europe.eu\/news-and-opinions\/news\/bianca-achatz-what-populists-leaders-have-in-common\/\" target=\"_blank\" rel=\"noopener\">hier <\/a>auf unsere englischen Seiten.<\/p>\n","protected":false},"excerpt":{"rendered":"<p>Populistische Bewegungen haben ideologisch oft wenig miteinander gemein. Aber ihre Anf\u00fchrer \u00e4hneln sich im Auftreten, in ihren Methoden und zum Teil sogar in ihren Charaktereigenschaften.Bianca Achatz, ein Mitglied von United&hellip;<\/p>\n","protected":false},"author":16,"featured_media":0,"comment_status":"open","ping_status":"closed","sticky":false,"template":"","format":"standard","meta":{"_acf_changed":false,"footnotes":""},"categories":[620],"tags":[738,746],"powerkit_post_featured":[],"class_list":{"0":"post-8357","1":"post","2":"type-post","3":"status-publish","4":"format-standard","6":"category-news-de","7":"tag-donald-trump-de","8":"tag-populismus"},"acf":[],"aioseo_notices":[],"_links":{"self":[{"href":"https:\/\/www.united-europe.eu\/de\/wp-json\/wp\/v2\/posts\/8357","targetHints":{"allow":["GET"]}}],"collection":[{"href":"https:\/\/www.united-europe.eu\/de\/wp-json\/wp\/v2\/posts"}],"about":[{"href":"https:\/\/www.united-europe.eu\/de\/wp-json\/wp\/v2\/types\/post"}],"author":[{"embeddable":true,"href":"https:\/\/www.united-europe.eu\/de\/wp-json\/wp\/v2\/users\/16"}],"replies":[{"embeddable":true,"href":"https:\/\/www.united-europe.eu\/de\/wp-json\/wp\/v2\/comments?post=8357"}],"version-history":[{"count":4,"href":"https:\/\/www.united-europe.eu\/de\/wp-json\/wp\/v2\/posts\/8357\/revisions"}],"predecessor-version":[{"id":8365,"href":"https:\/\/www.united-europe.eu\/de\/wp-json\/wp\/v2\/posts\/8357\/revisions\/8365"}],"wp:attachment":[{"href":"https:\/\/www.united-europe.eu\/de\/wp-json\/wp\/v2\/media?parent=8357"}],"wp:term":[{"taxonomy":"category","embeddable":true,"href":"https:\/\/www.united-europe.eu\/de\/wp-json\/wp\/v2\/categories?post=8357"},{"taxonomy":"post_tag","embeddable":true,"href":"https:\/\/www.united-europe.eu\/de\/wp-json\/wp\/v2\/tags?post=8357"},{"taxonomy":"powerkit_post_featured","embeddable":true,"href":"https:\/\/www.united-europe.eu\/de\/wp-json\/wp\/v2\/powerkit_post_featured?post=8357"}],"curies":[{"name":"wp","href":"https:\/\/api.w.org\/{rel}","templated":true}]}}