{"id":8247,"date":"2017-09-07T12:32:59","date_gmt":"2017-09-07T10:32:59","guid":{"rendered":"https:\/\/www.united-europe.eu\/?p=8247"},"modified":"2017-09-07T12:41:56","modified_gmt":"2017-09-07T10:41:56","slug":"studie-deutsche-sind-optimistischer-als-andere-europaeer","status":"publish","type":"post","link":"https:\/\/www.united-europe.eu\/de\/2017\/09\/studie-deutsche-sind-optimistischer-als-andere-europaeer\/","title":{"rendered":"Studie: Deutsche sind optimistischer als andere Europ\u00e4er"},"content":{"rendered":"<p>Fl\u00fcchtlingskrise, Brexit, erstarkender Populismus\u00ad \u2013 seit der Bundestagswahl 2013 haben zahlreiche Ereignisse und Trends die politischen Landkarten in Europa komplett ver\u00e4ndert. Doch in Deutschland n\u00e4hren diese Umw\u00e4lzungen anscheinend vor allem das Bed\u00fcrfnis nach Stabilit\u00e4t. Eine neue &#8222;eupinions&#8220;-Studie der Berteilsmann-Stiftung zeigt, dass die Deutschen deutlich optimistischer und zufriedener sind als andere Europ\u00e4er.<\/p>\n<p>Einigkeit und Zufriedenheit in Zeiten des Umbruchs \u2013 so l\u00e4sst sich die Stimmungslage der Deutschen laut der aktuellen &#8222;eupinions&#8220;-Umfrage zusammenfassen. Auffallend ist: Die Deutschen sind wesentlich positiver gestimmt als ihre europ\u00e4ischen Nachbarn und geben ihrem eigenen Land deutlich bessere Noten als der EU. Au\u00dferdem gilt: Die politische Mitte ist in Deutschland so stark wie in keinem anderen der gro\u00dfen EU-Staaten. Die Umfrageergebnisse sind repr\u00e4sentativ f\u00fcr die EU insgesamt sowie die sechs gr\u00f6\u00dften Mitgliedstaaten (Deutschland, Frankreich, Gro\u00dfbritannien, Italien, Polen, Spanien).<\/p>\n<p>Am deutlichsten wird die positive Grundstimmung der Bundesb\u00fcrger bei der Frage nach dem Zustand des eigenen Landes und der Demokratie. In beiden Kategorien sind die Deutschen im EU-Vergleich Spitzenreiter in puncto Optimismus: 63 Prozent der Deutschen sind mit ihrer Demokratie zufrieden und 59 Prozent mit der Entwicklung des Landes. Dies ist ein sprunghafter Anstieg gegen\u00fcber M\u00e4rz 2017: Damals waren nur 32 Prozent der Deutschen der Ansicht, dass sich das Land in die richtige Richtung entwickele.<\/p>\n<p>Die gesamte Studie <a href=\"http:\/\/www.bertelsmann-stiftung.de\/de\/themen\/aktuelle-meldungen\/2017\/september\/deutsche-blicken-optimistischer-in-die-zukunft-als-europaeische-nachbarn\/\" target=\"_blank\" rel=\"noopener\">finden Sie hier<\/a>.<\/p>\n","protected":false},"excerpt":{"rendered":"<p>Fl\u00fcchtlingskrise, Brexit, erstarkender Populismus\u00ad \u2013 seit der Bundestagswahl 2013 haben zahlreiche Ereignisse und Trends die politischen Landkarten in Europa komplett ver\u00e4ndert. Doch in Deutschland n\u00e4hren diese Umw\u00e4lzungen anscheinend vor allem&hellip;<\/p>\n","protected":false},"author":16,"featured_media":0,"comment_status":"closed","ping_status":"closed","sticky":false,"template":"","format":"standard","meta":{"_acf_changed":false,"footnotes":""},"categories":[620],"tags":[833,111,77,746],"powerkit_post_featured":[],"class_list":{"0":"post-8247","1":"post","2":"type-post","3":"status-publish","4":"format-standard","6":"category-news-de","7":"tag-bertelsmann-stiftung","8":"tag-democracy-de","9":"tag-demokratie","10":"tag-populismus"},"acf":[],"aioseo_notices":[],"_links":{"self":[{"href":"https:\/\/www.united-europe.eu\/de\/wp-json\/wp\/v2\/posts\/8247","targetHints":{"allow":["GET"]}}],"collection":[{"href":"https:\/\/www.united-europe.eu\/de\/wp-json\/wp\/v2\/posts"}],"about":[{"href":"https:\/\/www.united-europe.eu\/de\/wp-json\/wp\/v2\/types\/post"}],"author":[{"embeddable":true,"href":"https:\/\/www.united-europe.eu\/de\/wp-json\/wp\/v2\/users\/16"}],"replies":[{"embeddable":true,"href":"https:\/\/www.united-europe.eu\/de\/wp-json\/wp\/v2\/comments?post=8247"}],"version-history":[{"count":3,"href":"https:\/\/www.united-europe.eu\/de\/wp-json\/wp\/v2\/posts\/8247\/revisions"}],"predecessor-version":[{"id":8250,"href":"https:\/\/www.united-europe.eu\/de\/wp-json\/wp\/v2\/posts\/8247\/revisions\/8250"}],"wp:attachment":[{"href":"https:\/\/www.united-europe.eu\/de\/wp-json\/wp\/v2\/media?parent=8247"}],"wp:term":[{"taxonomy":"category","embeddable":true,"href":"https:\/\/www.united-europe.eu\/de\/wp-json\/wp\/v2\/categories?post=8247"},{"taxonomy":"post_tag","embeddable":true,"href":"https:\/\/www.united-europe.eu\/de\/wp-json\/wp\/v2\/tags?post=8247"},{"taxonomy":"powerkit_post_featured","embeddable":true,"href":"https:\/\/www.united-europe.eu\/de\/wp-json\/wp\/v2\/powerkit_post_featured?post=8247"}],"curies":[{"name":"wp","href":"https:\/\/api.w.org\/{rel}","templated":true}]}}