{"id":8183,"date":"2017-07-26T16:23:43","date_gmt":"2017-07-26T14:23:43","guid":{"rendered":"https:\/\/www.united-europe.eu\/?p=8183"},"modified":"2017-07-26T16:24:49","modified_gmt":"2017-07-26T14:24:49","slug":"adele-ravagnani-in-neos-magazine-ueber-das-yps-amsterdam","status":"publish","type":"post","link":"https:\/\/www.united-europe.eu\/de\/2017\/07\/adele-ravagnani-in-neos-magazine-ueber-das-yps-amsterdam\/","title":{"rendered":"Adele Ravagnani in &#8222;Neos Magazine&#8220; \u00fcber das YPS Amsterdam"},"content":{"rendered":"<figure id=\"attachment_8178\" aria-describedby=\"caption-attachment-8178\" style=\"width: 174px\" class=\"wp-caption alignleft\"><img loading=\"lazy\" decoding=\"async\" class=\"size-medium wp-image-8178\" src=\"https:\/\/www.united-europe.eu\/wp-content\/uploads\/2017\/07\/Ravagnani-1-174x300.jpeg\" alt=\"\" width=\"174\" height=\"300\" srcset=\"https:\/\/www.united-europe.eu\/wp-content\/uploads\/2017\/07\/Ravagnani-1-174x300.jpeg 174w, https:\/\/www.united-europe.eu\/wp-content\/uploads\/2017\/07\/Ravagnani-1-116x200.jpeg 116w, https:\/\/www.united-europe.eu\/wp-content\/uploads\/2017\/07\/Ravagnani-1-58x100.jpeg 58w, https:\/\/www.united-europe.eu\/wp-content\/uploads\/2017\/07\/Ravagnani-1.jpeg 264w\" sizes=\"auto, (max-width: 174px) 100vw, 174px\" \/><figcaption id=\"caption-attachment-8178\" class=\"wp-caption-text\">Adele Ravagnani<\/figcaption><\/figure>\n<p><em>Adele Ravagnani, eine junge Italienerin und Physik-Studentin aus Turin, geh\u00f6rte zu den Teilnehmern an dem Young Professionals Seminar im Juni in Amsterdam. F\u00fcr Neos Magazine, eine europ\u00e4ische Studentenzeitschrift, verfasste sie einen Bericht \u00fcber die Veranstaltung. Zu dem englischen Text <a href=\"https:\/\/www.united-europe.eu\/uncategorized\/adele-ravagnani-in-neos-magazine-on-the-amsterdam-semianr\/\">gelangen Sie hier<\/a>.<br \/>\n<\/em><\/p>\n<p>&nbsp;<\/p>\n","protected":false},"excerpt":{"rendered":"<p>Adele Ravagnani, eine junge Italienerin und Physik-Studentin aus Turin, geh\u00f6rte zu den Teilnehmern an dem Young Professionals Seminar im Juni in Amsterdam. F\u00fcr Neos Magazine, eine europ\u00e4ische Studentenzeitschrift, verfasste sie&hellip;<\/p>\n","protected":false},"author":16,"featured_media":0,"comment_status":"open","ping_status":"closed","sticky":false,"template":"","format":"standard","meta":{"_acf_changed":false,"footnotes":""},"categories":[587,585,2,681],"tags":[603,604,745,748,749],"powerkit_post_featured":[],"class_list":{"0":"post-8183","1":"post","2":"type-post","3":"status-publish","4":"format-standard","6":"category-advocacy-seminare","7":"category-ue-advocacy-programm","8":"category-unkategorisiert","9":"category-advocacy-voices-de","10":"tag-borders-de","11":"tag-defence-de","12":"tag-digitalisation-de","13":"tag-immigration-de","14":"tag-jaap-de-hoop-scheffer-de"},"acf":[],"aioseo_notices":[],"_links":{"self":[{"href":"https:\/\/www.united-europe.eu\/de\/wp-json\/wp\/v2\/posts\/8183","targetHints":{"allow":["GET"]}}],"collection":[{"href":"https:\/\/www.united-europe.eu\/de\/wp-json\/wp\/v2\/posts"}],"about":[{"href":"https:\/\/www.united-europe.eu\/de\/wp-json\/wp\/v2\/types\/post"}],"author":[{"embeddable":true,"href":"https:\/\/www.united-europe.eu\/de\/wp-json\/wp\/v2\/users\/16"}],"replies":[{"embeddable":true,"href":"https:\/\/www.united-europe.eu\/de\/wp-json\/wp\/v2\/comments?post=8183"}],"version-history":[{"count":2,"href":"https:\/\/www.united-europe.eu\/de\/wp-json\/wp\/v2\/posts\/8183\/revisions"}],"predecessor-version":[{"id":8186,"href":"https:\/\/www.united-europe.eu\/de\/wp-json\/wp\/v2\/posts\/8183\/revisions\/8186"}],"wp:attachment":[{"href":"https:\/\/www.united-europe.eu\/de\/wp-json\/wp\/v2\/media?parent=8183"}],"wp:term":[{"taxonomy":"category","embeddable":true,"href":"https:\/\/www.united-europe.eu\/de\/wp-json\/wp\/v2\/categories?post=8183"},{"taxonomy":"post_tag","embeddable":true,"href":"https:\/\/www.united-europe.eu\/de\/wp-json\/wp\/v2\/tags?post=8183"},{"taxonomy":"powerkit_post_featured","embeddable":true,"href":"https:\/\/www.united-europe.eu\/de\/wp-json\/wp\/v2\/powerkit_post_featured?post=8183"}],"curies":[{"name":"wp","href":"https:\/\/api.w.org\/{rel}","templated":true}]}}