{"id":8025,"date":"2017-06-21T12:17:52","date_gmt":"2017-06-21T10:17:52","guid":{"rendered":"https:\/\/www.united-europe.eu\/?p=8025"},"modified":"2018-03-02T21:29:15","modified_gmt":"2018-03-02T20:29:15","slug":"europa-verteidigen-schlussfolgerungen-des-yps-amsterdam-juni-2017","status":"publish","type":"post","link":"https:\/\/www.united-europe.eu\/de\/2017\/06\/europa-verteidigen-schlussfolgerungen-des-yps-amsterdam-juni-2017\/","title":{"rendered":"Europa verteidigen: Schlussfolgerungen des YPS Amsterdam, Juni 2017"},"content":{"rendered":"<figure id=\"attachment_7967\" aria-describedby=\"caption-attachment-7967\" style=\"width: 376px\" class=\"wp-caption alignright\"><img loading=\"lazy\" decoding=\"async\" class=\" wp-image-7967\" src=\"https:\/\/www.united-europe.eu\/wp-content\/uploads\/2017\/06\/P1000877-Kopie-400x300.jpg\" alt=\"YPS Amsterdam 2017\" width=\"376\" height=\"282\" srcset=\"https:\/\/www.united-europe.eu\/wp-content\/uploads\/2017\/06\/P1000877-Kopie-400x300.jpg 400w, https:\/\/www.united-europe.eu\/wp-content\/uploads\/2017\/06\/P1000877-Kopie-320x240.jpg 320w, https:\/\/www.united-europe.eu\/wp-content\/uploads\/2017\/06\/P1000877-Kopie-800x600.jpg 800w, https:\/\/www.united-europe.eu\/wp-content\/uploads\/2017\/06\/P1000877-Kopie-1160x870.jpg 1160w, https:\/\/www.united-europe.eu\/wp-content\/uploads\/2017\/06\/P1000877-Kopie-560x420.jpg 560w, https:\/\/www.united-europe.eu\/wp-content\/uploads\/2017\/06\/P1000877-Kopie-1920x1440.jpg 1920w, https:\/\/www.united-europe.eu\/wp-content\/uploads\/2017\/06\/P1000877-Kopie-640x480.jpg 640w, https:\/\/www.united-europe.eu\/wp-content\/uploads\/2017\/06\/P1000877-Kopie-1120x840.jpg 1120w, https:\/\/www.united-europe.eu\/wp-content\/uploads\/2017\/06\/P1000877-Kopie-1600x1200.jpg 1600w, https:\/\/www.united-europe.eu\/wp-content\/uploads\/2017\/06\/P1000877-Kopie-2320x1740.jpg 2320w, https:\/\/www.united-europe.eu\/wp-content\/uploads\/2017\/06\/P1000877-Kopie-3840x2880.jpg 3840w, https:\/\/www.united-europe.eu\/wp-content\/uploads\/2017\/06\/P1000877-Kopie-1266x950.jpg 1266w, https:\/\/www.united-europe.eu\/wp-content\/uploads\/2017\/06\/P1000877-Kopie-267x200.jpg 267w, https:\/\/www.united-europe.eu\/wp-content\/uploads\/2017\/06\/P1000877-Kopie-633x475.jpg 633w, https:\/\/www.united-europe.eu\/wp-content\/uploads\/2017\/06\/P1000877-Kopie-133x100.jpg 133w, https:\/\/www.united-europe.eu\/wp-content\/uploads\/2017\/06\/P1000877-Kopie-300x225.jpg 300w, https:\/\/www.united-europe.eu\/wp-content\/uploads\/2017\/06\/P1000877-Kopie-768x576.jpg 768w\" sizes=\"auto, (max-width: 376px) 100vw, 376px\" \/><figcaption id=\"caption-attachment-7967\" class=\"wp-caption-text\">Young Professionals debattieren in Amsterdam \u00fcber &#8222;Defending Europe&#8220;<\/figcaption><\/figure>\n<p>Der immer schnellere Wandel in Politik und Technologie wird f\u00fcr Europa zur Herausforderung, was Sicherheit, Identit\u00e4t und Wohlstand betreffen. Ein Teil unserer Nachbarn haben sich gegen uns gewandt, ausgerechnet zu einer Zeit, in der unsere traditionellen B\u00fcndnisse unsicherer geworden sind. Der Terrorismus bedroht nicht nur unsere physische Sicherheit, sondern auch unsere Freiheit und unsere Art zu leben.<\/p>\n<p>Einwanderung er\u00f6ffnet viele neue Chancen, wirft aber auch Fragen der Sicherheit und der Identit\u00e4t auf. Nicht zuletzt f\u00fchren die Digitalisierung und die wachsende Bedeutung der k\u00fcnstlichen Intelligenz dzau, dass unsere Wirtschaft und unsere Gesellschaften unter enormen Druck kommen.<\/p>\n<p>\u201eDefending Europe\u201c, war deswegen das Thema von United Europes 10. Young Professionals Seminars, an dem 22 junge Europ\u00e4er aus zw\u00f6lf Nationen teilnahmen. In einer intensiven zweit\u00e4gigen Debatte erarbeiteten die Teilnehmer eine Reihe von Schlussfolgerungen, um Europa im globalen Kontext zu st\u00e4rken, die Einwanderung besser zu bew\u00e4ltigen und die Digitalisierung zum Erfolg zu machen. Den Text k\u00f6nnen Sie <a href=\"https:\/\/www.united-europe.eu\/young-europeans\/defending-europe-conclusions-of-the-yps-amsterdam-june-2017\/\">hier auf Englisch<\/a> lesen.<\/p>\n","protected":false},"excerpt":{"rendered":"<p>Der immer schnellere Wandel in Politik und Technologie wird f\u00fcr Europa zur Herausforderung, was Sicherheit, Identit\u00e4t und Wohlstand betreffen. Ein Teil unserer Nachbarn haben sich gegen uns gewandt, ausgerechnet zu&hellip;<\/p>\n","protected":false},"author":16,"featured_media":8084,"comment_status":"closed","ping_status":"closed","sticky":false,"template":"","format":"image","meta":{"_acf_changed":false,"footnotes":""},"categories":[587,585,681],"tags":[604,745,537,654,668,647,607,244],"powerkit_post_featured":[],"class_list":{"0":"post-8025","1":"post","2":"type-post","3":"status-publish","4":"format-image","5":"has-post-thumbnail","7":"category-advocacy-seminare","8":"category-ue-advocacy-programm","9":"category-advocacy-voices-de","10":"tag-defence-de","11":"tag-digitalisation-de","12":"tag-digitalisierung","13":"tag-fluechtlinge","14":"tag-refugees-de","15":"tag-terrorismus","16":"tag-verteidigung","17":"tag-werte","18":"post_format-post-format-image"},"acf":[],"aioseo_notices":[],"_links":{"self":[{"href":"https:\/\/www.united-europe.eu\/de\/wp-json\/wp\/v2\/posts\/8025","targetHints":{"allow":["GET"]}}],"collection":[{"href":"https:\/\/www.united-europe.eu\/de\/wp-json\/wp\/v2\/posts"}],"about":[{"href":"https:\/\/www.united-europe.eu\/de\/wp-json\/wp\/v2\/types\/post"}],"author":[{"embeddable":true,"href":"https:\/\/www.united-europe.eu\/de\/wp-json\/wp\/v2\/users\/16"}],"replies":[{"embeddable":true,"href":"https:\/\/www.united-europe.eu\/de\/wp-json\/wp\/v2\/comments?post=8025"}],"version-history":[{"count":3,"href":"https:\/\/www.united-europe.eu\/de\/wp-json\/wp\/v2\/posts\/8025\/revisions"}],"predecessor-version":[{"id":9343,"href":"https:\/\/www.united-europe.eu\/de\/wp-json\/wp\/v2\/posts\/8025\/revisions\/9343"}],"wp:featuredmedia":[{"embeddable":true,"href":"https:\/\/www.united-europe.eu\/de\/wp-json\/wp\/v2\/media\/8084"}],"wp:attachment":[{"href":"https:\/\/www.united-europe.eu\/de\/wp-json\/wp\/v2\/media?parent=8025"}],"wp:term":[{"taxonomy":"category","embeddable":true,"href":"https:\/\/www.united-europe.eu\/de\/wp-json\/wp\/v2\/categories?post=8025"},{"taxonomy":"post_tag","embeddable":true,"href":"https:\/\/www.united-europe.eu\/de\/wp-json\/wp\/v2\/tags?post=8025"},{"taxonomy":"powerkit_post_featured","embeddable":true,"href":"https:\/\/www.united-europe.eu\/de\/wp-json\/wp\/v2\/powerkit_post_featured?post=8025"}],"curies":[{"name":"wp","href":"https:\/\/api.w.org\/{rel}","templated":true}]}}