{"id":7854,"date":"2017-03-17T12:49:13","date_gmt":"2017-03-17T11:49:13","guid":{"rendered":"https:\/\/www.united-europe.eu\/?p=7854"},"modified":"2018-03-03T11:15:02","modified_gmt":"2018-03-03T10:15:02","slug":"wiener-alumni-diskutieren-populismus","status":"publish","type":"post","link":"https:\/\/www.united-europe.eu\/de\/2017\/03\/wiener-alumni-diskutieren-populismus\/","title":{"rendered":"Wiener Alumni diskutieren Populismus"},"content":{"rendered":"<figure id=\"attachment_7826\" aria-describedby=\"caption-attachment-7826\" style=\"width: 269px\" class=\"wp-caption alignright\"><img loading=\"lazy\" decoding=\"async\" class=\"wp-image-7826 \" src=\"https:\/\/www.united-europe.eu\/wp-content\/uploads\/2017\/05\/Alumni-evening_Vienna_2017-300x200.jpg\" alt=\"Alumni evening Vienna March 2017\" width=\"269\" height=\"179\" srcset=\"https:\/\/www.united-europe.eu\/wp-content\/uploads\/2017\/05\/Alumni-evening_Vienna_2017-300x200.jpg 300w, https:\/\/www.united-europe.eu\/wp-content\/uploads\/2017\/05\/Alumni-evening_Vienna_2017-800x532.jpg 800w, https:\/\/www.united-europe.eu\/wp-content\/uploads\/2017\/05\/Alumni-evening_Vienna_2017-1160x772.jpg 1160w, https:\/\/www.united-europe.eu\/wp-content\/uploads\/2017\/05\/Alumni-evening_Vienna_2017-320x213.jpg 320w, https:\/\/www.united-europe.eu\/wp-content\/uploads\/2017\/05\/Alumni-evening_Vienna_2017-560x373.jpg 560w, https:\/\/www.united-europe.eu\/wp-content\/uploads\/2017\/05\/Alumni-evening_Vienna_2017-1920x1278.jpg 1920w, https:\/\/www.united-europe.eu\/wp-content\/uploads\/2017\/05\/Alumni-evening_Vienna_2017-640x426.jpg 640w, https:\/\/www.united-europe.eu\/wp-content\/uploads\/2017\/05\/Alumni-evening_Vienna_2017-1120x745.jpg 1120w, https:\/\/www.united-europe.eu\/wp-content\/uploads\/2017\/05\/Alumni-evening_Vienna_2017-1600x1065.jpg 1600w, https:\/\/www.united-europe.eu\/wp-content\/uploads\/2017\/05\/Alumni-evening_Vienna_2017-1266x843.jpg 1266w, https:\/\/www.united-europe.eu\/wp-content\/uploads\/2017\/05\/Alumni-evening_Vienna_2017-301x200.jpg 301w, https:\/\/www.united-europe.eu\/wp-content\/uploads\/2017\/05\/Alumni-evening_Vienna_2017-633x421.jpg 633w, https:\/\/www.united-europe.eu\/wp-content\/uploads\/2017\/05\/Alumni-evening_Vienna_2017-150x100.jpg 150w, https:\/\/www.united-europe.eu\/wp-content\/uploads\/2017\/05\/Alumni-evening_Vienna_2017-768x511.jpg 768w, https:\/\/www.united-europe.eu\/wp-content\/uploads\/2017\/05\/Alumni-evening_Vienna_2017-451x300.jpg 451w, https:\/\/www.united-europe.eu\/wp-content\/uploads\/2017\/05\/Alumni-evening_Vienna_2017.jpg 2048w\" sizes=\"auto, (max-width: 269px) 100vw, 269px\" \/><figcaption id=\"caption-attachment-7826\" class=\"wp-caption-text\">YP Alumni und Freunde von\u00a0United Europe<\/figcaption><\/figure>\n<p>Es war ein gl\u00fccklicher Zufall, dass das erste Wiener Treffen der Alumni und Freunde von United Europe ausgerechnet auf den 15. M\u00e4rz, Tag der Wahlen in den Niederlanden, fiel. So lag es nahe, dass sich die Diskussion um das europ\u00e4ische Gro\u00dfwahljahr 2017 und das Abschneiden der Populisten drehen w\u00fcrde. Denn neben den Niederlanden wird dieses Jahr auch in Frankreich und Deutschland gew\u00e4hlt; zus\u00e4tzlich k\u00f6nnte es auch\u00a0in Italien und dem\u00a0Vereinigten K\u00f6nigreich Neuwahlen geben. Die jungen Berufst\u00e4tigen, die sich an diesem Abend zu einem Kamingespr\u00e4ch mit Dr. Wolfgang Sch\u00fcssel, dem Pr\u00e4sidenten von United Europe, und Botschafter Gregor Woschnagg, dem ehemaligen \u00f6sterreichischen Botschafter bei der EU, zusammenfanden, waren besonders besorgt \u00fcber den den wiedererstarkten Nationalismus und Populismus in Europa.<\/p>\n<figure id=\"attachment_7830\" aria-describedby=\"caption-attachment-7830\" style=\"width: 242px\" class=\"wp-caption alignleft\"><img loading=\"lazy\" decoding=\"async\" class=\"wp-image-7830 \" src=\"https:\/\/www.united-europe.eu\/wp-content\/uploads\/2017\/05\/Vienna-Alumni-evening-300x200.jpg\" alt=\"\" width=\"242\" height=\"161\" srcset=\"https:\/\/www.united-europe.eu\/wp-content\/uploads\/2017\/05\/Vienna-Alumni-evening-300x200.jpg 300w, https:\/\/www.united-europe.eu\/wp-content\/uploads\/2017\/05\/Vienna-Alumni-evening-800x532.jpg 800w, https:\/\/www.united-europe.eu\/wp-content\/uploads\/2017\/05\/Vienna-Alumni-evening-1160x772.jpg 1160w, https:\/\/www.united-europe.eu\/wp-content\/uploads\/2017\/05\/Vienna-Alumni-evening-320x213.jpg 320w, https:\/\/www.united-europe.eu\/wp-content\/uploads\/2017\/05\/Vienna-Alumni-evening-560x373.jpg 560w, https:\/\/www.united-europe.eu\/wp-content\/uploads\/2017\/05\/Vienna-Alumni-evening-1920x1278.jpg 1920w, https:\/\/www.united-europe.eu\/wp-content\/uploads\/2017\/05\/Vienna-Alumni-evening-640x426.jpg 640w, https:\/\/www.united-europe.eu\/wp-content\/uploads\/2017\/05\/Vienna-Alumni-evening-1120x745.jpg 1120w, https:\/\/www.united-europe.eu\/wp-content\/uploads\/2017\/05\/Vienna-Alumni-evening-1600x1065.jpg 1600w, https:\/\/www.united-europe.eu\/wp-content\/uploads\/2017\/05\/Vienna-Alumni-evening-1266x843.jpg 1266w, https:\/\/www.united-europe.eu\/wp-content\/uploads\/2017\/05\/Vienna-Alumni-evening-301x200.jpg 301w, https:\/\/www.united-europe.eu\/wp-content\/uploads\/2017\/05\/Vienna-Alumni-evening-633x421.jpg 633w, https:\/\/www.united-europe.eu\/wp-content\/uploads\/2017\/05\/Vienna-Alumni-evening-150x100.jpg 150w, https:\/\/www.united-europe.eu\/wp-content\/uploads\/2017\/05\/Vienna-Alumni-evening-768x511.jpg 768w, https:\/\/www.united-europe.eu\/wp-content\/uploads\/2017\/05\/Vienna-Alumni-evening-451x300.jpg 451w, https:\/\/www.united-europe.eu\/wp-content\/uploads\/2017\/05\/Vienna-Alumni-evening.jpg 2048w\" sizes=\"auto, (max-width: 242px) 100vw, 242px\" \/><figcaption id=\"caption-attachment-7830\" class=\"wp-caption-text\">United Europe Mitglied\u00a0Julia Reuss und\u00a0Pr\u00e4sident Dr. Wolfgang Sch\u00fcssel<\/figcaption><\/figure>\n<p>Die Teilnehmer diskutierten, ob Populisten die M\u00f6glichkeiten der neuen Kommunikationskan\u00e4le besser nutzen als traditionelle Parteien. Ein weiteres Thema war, warum sich Zentrumsparteien so schwer tun damit, Hoffnung auszustrahlen, insbesondere wenn sie von populistischen Parteien herausgefordert werden. \u00a0Die Gruppe war sich einig dass die europ\u00e4ischen Parteien und Politiker die Vorteile der europ\u00e4ischen Integration st\u00e4rker in den Vordergrund stellen sollten. Wichtig sei es auch, mehr f\u00fcr die fundamentalen\u00a0Konzepte der Europ\u00e4ischen Union wie die soziale Marktwirtschaft zu werben. Eine klare Vision f\u00fcr Europas Zukunft w\u00e4re jetzt n\u00f6tiger denn je, und in die Diskussion dar\u00fcber sollten alle Europ\u00e4er involviert werden, nicht nur eine Elite.<\/p>\n<figure id=\"attachment_7831\" aria-describedby=\"caption-attachment-7831\" style=\"width: 279px\" class=\"wp-caption alignright\"><img loading=\"lazy\" decoding=\"async\" class=\" wp-image-7831\" src=\"https:\/\/www.united-europe.eu\/wp-content\/uploads\/2017\/05\/Alumni-evening-Vienna-300x200.jpg\" alt=\"\" width=\"279\" height=\"186\" srcset=\"https:\/\/www.united-europe.eu\/wp-content\/uploads\/2017\/05\/Alumni-evening-Vienna-300x200.jpg 300w, https:\/\/www.united-europe.eu\/wp-content\/uploads\/2017\/05\/Alumni-evening-Vienna-800x532.jpg 800w, https:\/\/www.united-europe.eu\/wp-content\/uploads\/2017\/05\/Alumni-evening-Vienna-1160x772.jpg 1160w, https:\/\/www.united-europe.eu\/wp-content\/uploads\/2017\/05\/Alumni-evening-Vienna-320x213.jpg 320w, https:\/\/www.united-europe.eu\/wp-content\/uploads\/2017\/05\/Alumni-evening-Vienna-560x373.jpg 560w, https:\/\/www.united-europe.eu\/wp-content\/uploads\/2017\/05\/Alumni-evening-Vienna-1920x1278.jpg 1920w, https:\/\/www.united-europe.eu\/wp-content\/uploads\/2017\/05\/Alumni-evening-Vienna-640x426.jpg 640w, https:\/\/www.united-europe.eu\/wp-content\/uploads\/2017\/05\/Alumni-evening-Vienna-1120x745.jpg 1120w, https:\/\/www.united-europe.eu\/wp-content\/uploads\/2017\/05\/Alumni-evening-Vienna-1600x1065.jpg 1600w, https:\/\/www.united-europe.eu\/wp-content\/uploads\/2017\/05\/Alumni-evening-Vienna-1266x843.jpg 1266w, https:\/\/www.united-europe.eu\/wp-content\/uploads\/2017\/05\/Alumni-evening-Vienna-301x200.jpg 301w, https:\/\/www.united-europe.eu\/wp-content\/uploads\/2017\/05\/Alumni-evening-Vienna-633x421.jpg 633w, https:\/\/www.united-europe.eu\/wp-content\/uploads\/2017\/05\/Alumni-evening-Vienna-150x100.jpg 150w, https:\/\/www.united-europe.eu\/wp-content\/uploads\/2017\/05\/Alumni-evening-Vienna-768x511.jpg 768w, https:\/\/www.united-europe.eu\/wp-content\/uploads\/2017\/05\/Alumni-evening-Vienna-451x300.jpg 451w, https:\/\/www.united-europe.eu\/wp-content\/uploads\/2017\/05\/Alumni-evening-Vienna.jpg 2048w\" sizes=\"auto, (max-width: 279px) 100vw, 279px\" \/><figcaption id=\"caption-attachment-7831\" class=\"wp-caption-text\">Junge Berufst\u00e4tige\u00a0debattieren\u00a0Europas\u00a0Zukunft<\/figcaption><\/figure>\n<p>Wir danken dem gro\u00dfartigen Team der \u00d6sterreichischen Gesellschaft f\u00fcr Aussenpolitik und der Vereinten Nationen (\u00d6GAVN) f\u00fcr die warmherzige\u00a0Gastfreundschaft. Weitere Abende in Wien werden sicherlich folgen, und wir danken den Alumni, die sich bereit erkl\u00e4rt haben, den n\u00e4chsten Wiener Alumni Abend zu organisieren.<\/p>\n<p>Bei Interesse an solchen Veranstaltungen in Wien oder in einer unserer anderen Alumni St\u00e4dte kontaktieren Sie bitte das United Europe Team unter\u00a0events@united-europe.eu<\/p>\n<p>Wir freuen uns von Ihnen zu h\u00f6ren und auf weitere gemeinsame Diskussionen \u00fcber Europas Zukunft!<\/p>\n","protected":false},"excerpt":{"rendered":"<p>Es war ein gl\u00fccklicher Zufall, dass das erste Wiener Treffen der Alumni und Freunde von United Europe ausgerechnet auf den 15. M\u00e4rz, Tag der Wahlen in den Niederlanden, fiel. So&hellip;<\/p>\n","protected":false},"author":16,"featured_media":7831,"comment_status":"closed","ping_status":"closed","sticky":false,"template":"","format":"image","meta":{"_acf_changed":false,"footnotes":""},"categories":[587,585,681],"tags":[801,831,812,746,803,800,562,802],"powerkit_post_featured":[],"class_list":{"0":"post-7854","1":"post","2":"type-post","3":"status-publish","4":"format-image","5":"has-post-thumbnail","7":"category-advocacy-seminare","8":"category-ue-advocacy-programm","9":"category-advocacy-voices-de","10":"tag-801","11":"tag-alumni-de","12":"tag-junge-europaeer","13":"tag-populismus","14":"tag-vienna","15":"tag-wien","16":"tag-young-professionals-de","17":"tag-yps","18":"post_format-post-format-image"},"acf":[],"aioseo_notices":[],"_links":{"self":[{"href":"https:\/\/www.united-europe.eu\/de\/wp-json\/wp\/v2\/posts\/7854","targetHints":{"allow":["GET"]}}],"collection":[{"href":"https:\/\/www.united-europe.eu\/de\/wp-json\/wp\/v2\/posts"}],"about":[{"href":"https:\/\/www.united-europe.eu\/de\/wp-json\/wp\/v2\/types\/post"}],"author":[{"embeddable":true,"href":"https:\/\/www.united-europe.eu\/de\/wp-json\/wp\/v2\/users\/16"}],"replies":[{"embeddable":true,"href":"https:\/\/www.united-europe.eu\/de\/wp-json\/wp\/v2\/comments?post=7854"}],"version-history":[{"count":4,"href":"https:\/\/www.united-europe.eu\/de\/wp-json\/wp\/v2\/posts\/7854\/revisions"}],"predecessor-version":[{"id":8017,"href":"https:\/\/www.united-europe.eu\/de\/wp-json\/wp\/v2\/posts\/7854\/revisions\/8017"}],"wp:featuredmedia":[{"embeddable":true,"href":"https:\/\/www.united-europe.eu\/de\/wp-json\/wp\/v2\/media\/7831"}],"wp:attachment":[{"href":"https:\/\/www.united-europe.eu\/de\/wp-json\/wp\/v2\/media?parent=7854"}],"wp:term":[{"taxonomy":"category","embeddable":true,"href":"https:\/\/www.united-europe.eu\/de\/wp-json\/wp\/v2\/categories?post=7854"},{"taxonomy":"post_tag","embeddable":true,"href":"https:\/\/www.united-europe.eu\/de\/wp-json\/wp\/v2\/tags?post=7854"},{"taxonomy":"powerkit_post_featured","embeddable":true,"href":"https:\/\/www.united-europe.eu\/de\/wp-json\/wp\/v2\/powerkit_post_featured?post=7854"}],"curies":[{"name":"wp","href":"https:\/\/api.w.org\/{rel}","templated":true}]}}