{"id":7475,"date":"2017-03-10T07:58:18","date_gmt":"2017-03-10T06:58:18","guid":{"rendered":"https:\/\/www.united-europe.eu\/?p=7475"},"modified":"2017-03-10T07:58:18","modified_gmt":"2017-03-10T06:58:18","slug":"dimitris-tsingos-ueber-europa-als-friedensprojekt","status":"publish","type":"post","link":"https:\/\/www.united-europe.eu\/de\/2017\/03\/dimitris-tsingos-ueber-europa-als-friedensprojekt\/","title":{"rendered":"Dimitris Tsingos \u00fcber Europa als Friedensprojekt"},"content":{"rendered":"<figure id=\"attachment_7489\" aria-describedby=\"caption-attachment-7489\" style=\"width: 410px\" class=\"wp-caption alignright\"><img loading=\"lazy\" decoding=\"async\" class=\"wp-image-7489\" src=\"https:\/\/www.united-europe.eu\/wp-content\/uploads\/2017\/03\/Dimitris-Tsingos2-450x300.jpg\" alt=\"\" width=\"410\" height=\"273\" srcset=\"https:\/\/www.united-europe.eu\/wp-content\/uploads\/2017\/03\/Dimitris-Tsingos2-450x300.jpg 450w, https:\/\/www.united-europe.eu\/wp-content\/uploads\/2017\/03\/Dimitris-Tsingos2-800x533.jpg 800w, https:\/\/www.united-europe.eu\/wp-content\/uploads\/2017\/03\/Dimitris-Tsingos2-1160x773.jpg 1160w, https:\/\/www.united-europe.eu\/wp-content\/uploads\/2017\/03\/Dimitris-Tsingos2-320x213.jpg 320w, https:\/\/www.united-europe.eu\/wp-content\/uploads\/2017\/03\/Dimitris-Tsingos2-560x373.jpg 560w, https:\/\/www.united-europe.eu\/wp-content\/uploads\/2017\/03\/Dimitris-Tsingos2-1920x1280.jpg 1920w, https:\/\/www.united-europe.eu\/wp-content\/uploads\/2017\/03\/Dimitris-Tsingos2-640x427.jpg 640w, https:\/\/www.united-europe.eu\/wp-content\/uploads\/2017\/03\/Dimitris-Tsingos2-1120x747.jpg 1120w, https:\/\/www.united-europe.eu\/wp-content\/uploads\/2017\/03\/Dimitris-Tsingos2-1600x1067.jpg 1600w, https:\/\/www.united-europe.eu\/wp-content\/uploads\/2017\/03\/Dimitris-Tsingos2-2320x1547.jpg 2320w, https:\/\/www.united-europe.eu\/wp-content\/uploads\/2017\/03\/Dimitris-Tsingos2-1266x844.jpg 1266w, https:\/\/www.united-europe.eu\/wp-content\/uploads\/2017\/03\/Dimitris-Tsingos2-300x200.jpg 300w, https:\/\/www.united-europe.eu\/wp-content\/uploads\/2017\/03\/Dimitris-Tsingos2-633x422.jpg 633w, https:\/\/www.united-europe.eu\/wp-content\/uploads\/2017\/03\/Dimitris-Tsingos2-150x100.jpg 150w, https:\/\/www.united-europe.eu\/wp-content\/uploads\/2017\/03\/Dimitris-Tsingos2-768x512.jpg 768w, https:\/\/www.united-europe.eu\/wp-content\/uploads\/2017\/03\/Dimitris-Tsingos2.jpg 2784w\" sizes=\"auto, (max-width: 410px) 100vw, 410px\" \/><figcaption id=\"caption-attachment-7489\" class=\"wp-caption-text\">Dimitris Tsingos, Unternehmer und Investor in Griechenland<\/figcaption><\/figure>\n<p>Darf ich Ihnen eine sehr pers\u00f6nliche Geschichte erz\u00e4hlen? Es geht um meinen Vater, der im Februar gestorben ist. Er wurde 89 Jahre alt. Er hat ein langes und sinnerf\u00fclltes Leben gef\u00fchrt, in dem er wahre Liebe gegeben und erfahren hat.<\/p>\n<p>Es gibt einen Aspekt an der Geschichte meines Vaters, der auch f\u00fcr andere interessant sein k\u00f6nnte: Im Alter von 16 Jahren hatte sich mein Vater, wie Millionen anderer Europ\u00e4er, dem Kampf gegen den Nazismus und den Faschismus angeschlossen. Wie so viele andere wurde er gefangen und gefoltert. Sein Bruder, der ein Jahr \u00e4lter war, wurde im Kampf get\u00f6tet.<\/p>\n<p>Nun verl\u00e4sst uns diese Generation allm\u00e4hlich, und leider geschieht dasselbe mit den Erinnerungen an den Zweiten Weltkrieg. Der Mensch neigt zum Vergessen, ob man das bedauert oder nicht, und diese Tatsache hat verheerende Folgen f\u00fcr das europ\u00e4ische Projekt.<\/p>\n<p>Wahrscheinlich haben die meisten von uns Verwandte, die im zweiten Weltkrieg gelebt und gelitten haben. Ich verstehe die Europ\u00e4ische Union in allererster Linie als Friedensprojekt. Nat\u00fcrlich ist es auch ein Projekt f\u00fcr Freiheit, Gerechtigkeit, Gleichheit und Wohlstand.<\/p>\n<p>Angesichts der emotionalen Spannung, unter der ich stehe, wei\u00df ich genau, was ich jetzt tun muss: Aufstehen und mit lauter und klarer Stimme f\u00fcr die absolute Notwendigkeit eintreten, das europ\u00e4ische Einigungsprojekt zu erhalten und erheblich zu verbessern. Ich bin \u00fcberzeugt davon, dass dies unsere Pflicht gegen\u00fcber den Generationen vor uns ist, ebenso wie gegen\u00fcber denen, die uns nachfolgen.<\/p>\n<p><em>Dimitris Tsingos ist Unternehmer und Investor in Griechenland. Mit United Europe und der Villa Vigoni hat er am R\u00f6mischen Manifest mitgearbeitet, einem Aufruf der n\u00e4chsten Generation zur Eneuerung Europas.\u00a0<\/em><\/p>\n","protected":false},"excerpt":{"rendered":"<p>Darf ich Ihnen eine sehr pers\u00f6nliche Geschichte erz\u00e4hlen? Es geht um meinen Vater, der im Februar gestorben ist. Er wurde 89 Jahre alt. Er hat ein langes und sinnerf\u00fclltes Leben&hellip;<\/p>\n","protected":false},"author":16,"featured_media":7491,"comment_status":"open","ping_status":"closed","sticky":false,"template":"","format":"standard","meta":{"_acf_changed":false,"footnotes":""},"categories":[620,641],"tags":[136,155,167,127,156,161,158],"powerkit_post_featured":[],"class_list":{"0":"post-7475","1":"post","2":"type-post","3":"status-publish","4":"format-standard","5":"has-post-thumbnail","7":"category-news-de","8":"category-prominente-meinungen","9":"tag-frieden","10":"tag-griechenland","11":"tag-krieg","12":"tag-peace","13":"tag-reform","14":"tag-reform-de","15":"tag-war"},"acf":[],"aioseo_notices":[],"_links":{"self":[{"href":"https:\/\/www.united-europe.eu\/de\/wp-json\/wp\/v2\/posts\/7475","targetHints":{"allow":["GET"]}}],"collection":[{"href":"https:\/\/www.united-europe.eu\/de\/wp-json\/wp\/v2\/posts"}],"about":[{"href":"https:\/\/www.united-europe.eu\/de\/wp-json\/wp\/v2\/types\/post"}],"author":[{"embeddable":true,"href":"https:\/\/www.united-europe.eu\/de\/wp-json\/wp\/v2\/users\/16"}],"replies":[{"embeddable":true,"href":"https:\/\/www.united-europe.eu\/de\/wp-json\/wp\/v2\/comments?post=7475"}],"version-history":[{"count":3,"href":"https:\/\/www.united-europe.eu\/de\/wp-json\/wp\/v2\/posts\/7475\/revisions"}],"predecessor-version":[{"id":7493,"href":"https:\/\/www.united-europe.eu\/de\/wp-json\/wp\/v2\/posts\/7475\/revisions\/7493"}],"wp:featuredmedia":[{"embeddable":true,"href":"https:\/\/www.united-europe.eu\/de\/wp-json\/wp\/v2\/media\/7491"}],"wp:attachment":[{"href":"https:\/\/www.united-europe.eu\/de\/wp-json\/wp\/v2\/media?parent=7475"}],"wp:term":[{"taxonomy":"category","embeddable":true,"href":"https:\/\/www.united-europe.eu\/de\/wp-json\/wp\/v2\/categories?post=7475"},{"taxonomy":"post_tag","embeddable":true,"href":"https:\/\/www.united-europe.eu\/de\/wp-json\/wp\/v2\/tags?post=7475"},{"taxonomy":"powerkit_post_featured","embeddable":true,"href":"https:\/\/www.united-europe.eu\/de\/wp-json\/wp\/v2\/powerkit_post_featured?post=7475"}],"curies":[{"name":"wp","href":"https:\/\/api.w.org\/{rel}","templated":true}]}}