{"id":7450,"date":"2017-03-03T09:24:51","date_gmt":"2017-03-03T08:24:51","guid":{"rendered":"https:\/\/www.united-europe.eu\/?p=7450"},"modified":"2018-03-03T11:17:24","modified_gmt":"2018-03-03T10:17:24","slug":"lektionen-der-eurokrise-eine-betrachtung-aus-spanien","status":"publish","type":"post","link":"https:\/\/www.united-europe.eu\/de\/2017\/03\/lektionen-der-eurokrise-eine-betrachtung-aus-spanien\/","title":{"rendered":"Lektionen der Eurokrise: Eine Perspektive aus Spanien"},"content":{"rendered":"<figure id=\"attachment_7443\" aria-describedby=\"caption-attachment-7443\" style=\"width: 199px\" class=\"wp-caption alignright\"><img loading=\"lazy\" decoding=\"async\" class=\"wp-image-7443\" src=\"https:\/\/www.united-europe.eu\/wp-content\/uploads\/2017\/03\/Fernando-Primo-de-Rivera-291x300.jpg\" width=\"199\" height=\"205\" srcset=\"https:\/\/www.united-europe.eu\/wp-content\/uploads\/2017\/03\/Fernando-Primo-de-Rivera-291x300.jpg 291w, https:\/\/www.united-europe.eu\/wp-content\/uploads\/2017\/03\/Fernando-Primo-de-Rivera-800x825.jpg 800w, https:\/\/www.united-europe.eu\/wp-content\/uploads\/2017\/03\/Fernando-Primo-de-Rivera-1160x1196.jpg 1160w, https:\/\/www.united-europe.eu\/wp-content\/uploads\/2017\/03\/Fernando-Primo-de-Rivera-320x330.jpg 320w, https:\/\/www.united-europe.eu\/wp-content\/uploads\/2017\/03\/Fernando-Primo-de-Rivera-560x577.jpg 560w, https:\/\/www.united-europe.eu\/wp-content\/uploads\/2017\/03\/Fernando-Primo-de-Rivera-1920x1980.jpg 1920w, https:\/\/www.united-europe.eu\/wp-content\/uploads\/2017\/03\/Fernando-Primo-de-Rivera-640x660.jpg 640w, https:\/\/www.united-europe.eu\/wp-content\/uploads\/2017\/03\/Fernando-Primo-de-Rivera-1120x1155.jpg 1120w, https:\/\/www.united-europe.eu\/wp-content\/uploads\/2017\/03\/Fernando-Primo-de-Rivera-1600x1650.jpg 1600w, https:\/\/www.united-europe.eu\/wp-content\/uploads\/2017\/03\/Fernando-Primo-de-Rivera-1266x1305.jpg 1266w, https:\/\/www.united-europe.eu\/wp-content\/uploads\/2017\/03\/Fernando-Primo-de-Rivera-194x200.jpg 194w, https:\/\/www.united-europe.eu\/wp-content\/uploads\/2017\/03\/Fernando-Primo-de-Rivera-633x653.jpg 633w, https:\/\/www.united-europe.eu\/wp-content\/uploads\/2017\/03\/Fernando-Primo-de-Rivera-97x100.jpg 97w, https:\/\/www.united-europe.eu\/wp-content\/uploads\/2017\/03\/Fernando-Primo-de-Rivera-768x792.jpg 768w, https:\/\/www.united-europe.eu\/wp-content\/uploads\/2017\/03\/Fernando-Primo-de-Rivera.jpg 2052w\" sizes=\"auto, (max-width: 199px) 100vw, 199px\" \/><figcaption id=\"caption-attachment-7443\" class=\"wp-caption-text\">Fernando Primo de Rivera, CEO und Chief Investment Officer, Armada Capital<\/figcaption><\/figure>\n<p>Es ist eine ungew\u00f6hnliche Betrachtung der Eurokrise, die der Finanzmarkt-Experte Fernando Primo de Rivera hier f\u00fcr United Europe vornimmt. In seinem Beitrag lobt er die Strukturreformen, zu denen Spanien in der Krise gezwungen wurde. Ihnen sei es zu verdanken, dass sich das Land nun in deutlich besserer \u00f6konomischer Verfassung befinde.<\/p>\n<p>Das Jahr 2017 er\u00f6ffne Europa gro\u00dfe Chncen, wenn es bei den anstehenden Wahlen in den Niederlanden, Frankeich, Deutschland und m\u00f6glicherweise auch Italien gelinge, den Populisten eine Niederlage zu bescheren. Wenn es Europa gelinge, sich zu einer wirklichen Union weiterzuentwickeln, k\u00f6nne es auch international eine F\u00fchrungsrolle spielen, um die liberale Weltordnung zu erhalten.<\/p>\n<p>Den vollst\u00e4ndigen Beitrag von Fernando Primo de Revera lesen Sie <a href=\"https:\/\/www.united-europe.eu\/news-and-opinions\/coming-out-of-the-euro-crisis-a-viewpoint-from-spain\/\">auf Englisch hier<\/a>.<\/p>\n","protected":false},"excerpt":{"rendered":"<p>Es ist eine ungew\u00f6hnliche Betrachtung der Eurokrise, die der Finanzmarkt-Experte Fernando Primo de Rivera hier f\u00fcr United Europe vornimmt. In seinem Beitrag lobt er die Strukturreformen, zu denen Spanien in&hellip;<\/p>\n","protected":false},"author":16,"featured_media":7443,"comment_status":"closed","ping_status":"closed","sticky":false,"template":"","format":"image","meta":{"_acf_changed":false,"footnotes":""},"categories":[620],"tags":[183,115,153,377,458,155,746,161],"powerkit_post_featured":[],"class_list":{"0":"post-7450","1":"post","2":"type-post","3":"status-publish","4":"format-image","5":"has-post-thumbnail","7":"category-news-de","8":"tag-euro-en-de","9":"tag-euro","10":"tag-europaische-zentralbank","11":"tag-european-central-bank-de","12":"tag-greece-de","13":"tag-griechenland","14":"tag-populismus","15":"tag-reform-de","16":"post_format-post-format-image"},"acf":[],"aioseo_notices":[],"_links":{"self":[{"href":"https:\/\/www.united-europe.eu\/de\/wp-json\/wp\/v2\/posts\/7450","targetHints":{"allow":["GET"]}}],"collection":[{"href":"https:\/\/www.united-europe.eu\/de\/wp-json\/wp\/v2\/posts"}],"about":[{"href":"https:\/\/www.united-europe.eu\/de\/wp-json\/wp\/v2\/types\/post"}],"author":[{"embeddable":true,"href":"https:\/\/www.united-europe.eu\/de\/wp-json\/wp\/v2\/users\/16"}],"replies":[{"embeddable":true,"href":"https:\/\/www.united-europe.eu\/de\/wp-json\/wp\/v2\/comments?post=7450"}],"version-history":[{"count":6,"href":"https:\/\/www.united-europe.eu\/de\/wp-json\/wp\/v2\/posts\/7450\/revisions"}],"predecessor-version":[{"id":9358,"href":"https:\/\/www.united-europe.eu\/de\/wp-json\/wp\/v2\/posts\/7450\/revisions\/9358"}],"wp:featuredmedia":[{"embeddable":true,"href":"https:\/\/www.united-europe.eu\/de\/wp-json\/wp\/v2\/media\/7443"}],"wp:attachment":[{"href":"https:\/\/www.united-europe.eu\/de\/wp-json\/wp\/v2\/media?parent=7450"}],"wp:term":[{"taxonomy":"category","embeddable":true,"href":"https:\/\/www.united-europe.eu\/de\/wp-json\/wp\/v2\/categories?post=7450"},{"taxonomy":"post_tag","embeddable":true,"href":"https:\/\/www.united-europe.eu\/de\/wp-json\/wp\/v2\/tags?post=7450"},{"taxonomy":"powerkit_post_featured","embeddable":true,"href":"https:\/\/www.united-europe.eu\/de\/wp-json\/wp\/v2\/powerkit_post_featured?post=7450"}],"curies":[{"name":"wp","href":"https:\/\/api.w.org\/{rel}","templated":true}]}}