{"id":7404,"date":"2017-02-23T17:39:40","date_gmt":"2017-02-23T16:39:40","guid":{"rendered":"https:\/\/www.united-europe.eu\/?p=7404"},"modified":"2018-03-03T11:22:15","modified_gmt":"2018-03-03T10:22:15","slug":"j-bindenagel-der-anfang-vom-ende-der-liberalen-weltordnung","status":"publish","type":"post","link":"https:\/\/www.united-europe.eu\/de\/2017\/02\/j-bindenagel-der-anfang-vom-ende-der-liberalen-weltordnung\/","title":{"rendered":"J. Bindenagel: Der Anfang vom Ende der liberalen Weltordnung?"},"content":{"rendered":"<figure id=\"attachment_7399\" aria-describedby=\"caption-attachment-7399\" style=\"width: 216px\" class=\"wp-caption alignleft\"><img loading=\"lazy\" decoding=\"async\" class=\"wp-image-7399\" src=\"https:\/\/www.united-europe.eu\/wp-content\/uploads\/2017\/02\/James-Bindenagel-302x300.jpg\" width=\"216\" height=\"215\" srcset=\"https:\/\/www.united-europe.eu\/wp-content\/uploads\/2017\/02\/James-Bindenagel-302x300.jpg 302w, https:\/\/www.united-europe.eu\/wp-content\/uploads\/2017\/02\/James-Bindenagel-320x320.jpg 320w, https:\/\/www.united-europe.eu\/wp-content\/uploads\/2017\/02\/James-Bindenagel-560x560.jpg 560w, https:\/\/www.united-europe.eu\/wp-content\/uploads\/2017\/02\/James-Bindenagel-90x90.jpg 90w, https:\/\/www.united-europe.eu\/wp-content\/uploads\/2017\/02\/James-Bindenagel-640x640.jpg 640w, https:\/\/www.united-europe.eu\/wp-content\/uploads\/2017\/02\/James-Bindenagel-180x180.jpg 180w, https:\/\/www.united-europe.eu\/wp-content\/uploads\/2017\/02\/James-Bindenagel-201x200.jpg 201w, https:\/\/www.united-europe.eu\/wp-content\/uploads\/2017\/02\/James-Bindenagel-300x298.jpg 300w, https:\/\/www.united-europe.eu\/wp-content\/uploads\/2017\/02\/James-Bindenagel-768x764.jpg 768w, https:\/\/www.united-europe.eu\/wp-content\/uploads\/2017\/02\/James-Bindenagel-633x630.jpg 633w, https:\/\/www.united-europe.eu\/wp-content\/uploads\/2017\/02\/James-Bindenagel-101x100.jpg 101w, https:\/\/www.united-europe.eu\/wp-content\/uploads\/2017\/02\/James-Bindenagel-150x150.jpg 150w, https:\/\/www.united-europe.eu\/wp-content\/uploads\/2017\/02\/James-Bindenagel.jpg 776w\" sizes=\"auto, (max-width: 216px) 100vw, 216px\" \/><figcaption id=\"caption-attachment-7399\" class=\"wp-caption-text\">Professor James Bindenagel, ehemaliger US-Botschafter in Deutschland<\/figcaption><\/figure>\n<p>Die Trump-Administration ist\u00a0erst\u00a0seit gut einem Monat im Amt.\u00a0Manchmal f\u00fchlt es sich jedoch so an als w\u00e4ren bereits Jahre vergangen.<\/p>\n<p>In seiner kurzen Zeit im Amt\u00a0erlie\u00df\u00a0Trump eine\u00a0Flut an pr\u00e4sidialen Dekreten:<\/p>\n<ul>\n<li>den Austritt aus dem Handelsabkommen TPP, mit dem\u00a0er den pazifischen Wirtschaftsraum\u00a0China \u00fcberl\u00e4sst<\/li>\n<li>ein Einwanderungsverbot f\u00fcr Muslime aus bestimmten L\u00e4ndern des Mittleren Ostens, der\u00a0einen globalen Aufruhr\u00a0verursachte und von Al Kaida und ISIS gelobt wurde<\/li>\n<li>der Mauerbau an der Grenze zu Mexiko, welches\u00a0die Beziehungen zum Nachbarn schwer belastet.<\/li>\n<\/ul>\n<p>Hinzukommen\u00a0sein Isolationismus: die Ablehnung der NATO-Beistandsgarantie nach Artikel 5, das Nein zum Nordamerikanischen Freihandelsabkommens (NAFTA)\u00a0und den TTIP-Verhandlungen mit Europa.<\/p>\n<p>Trump lehnt das Klimaabkommen von Paris ab, missversteht die Grunds\u00e4tze des Atomwaffensperrvertrags und fordert Korea und Japan auf, sich Atomwaffen anzuschaffen.\u00a0Er unterst\u00fctzt den\u00a0Brexit und\u00a0attackiert\u00a0neben\u00a0Deutschlands F\u00fchrung in Europa auch die\u00a0Handels\u00fcbersch\u00fcsse und\u00a0die\u00a0Einwanderungspolitik\u00a0der Bundesrepublik.<\/p>\n<p>Als ob das alles die Welt noch nicht genug schockieren w\u00fcrde, musste Trump in dieser kurzen Zeit auch noch seinen neuen Nationalen Sicherheitsberater austauschen. Die Welt\u00f6ffentlichkeit wird Zeuge\u00a0einer\u00a0politischen Inkoh\u00e4renz einer neugew\u00e4hlten US-Regierung wie es sie noch nicht gegeben hat.<\/p>\n<p>Bedeutet Donald Trump das Ende der liberalen Weltordnung? Einer Ordnung, die sich durch praktischen Realismus auszeichnet und einst gemeinsam von den USA und ihren europ\u00e4ischen Partnern aufgebaut wurde?<\/p>\n<p>Sicher ist, dass der jetzige Zustand chaotisch ist, angefangen von der Fl\u00fcchtlingsproblematik, \u00fcber die territorialen Streitigkeiten im asiatisch-pazifischen Raum und den Ukraine-Konflikt bis hin zum syrischen B\u00fcrgerkrieg und der ISIS-Herrschaft im Mittleren Osten.<\/p>\n<p>Donald Trump ist der \u00dcberzeugung, dass Amerika sich in\u00a0dieser\u00a0Welt\u00a0der Krisen\u00a0aufreibt, indem es sich zu viel um die Probleme anderer k\u00fcmmert.\u00a0Und im Gegensatz zu der Weltsicht von Realisten, Neokonservativen und liberalen Internationalisten gibt es f\u00fcr Trump keine Wechselwirkung zwischen Allianzen wie der Nato und der amerikanischen Sicherheit.<\/p>\n<p>Trump h\u00e4lt Geld f\u00fcr verschwendet, das die USA f\u00fcr die politische, wirtschaftliche und milit\u00e4rische St\u00e4rkung anderer Nationen ausgeben \u2013 eine Ansicht, die der Auffassung all seiner republikanischen und demokratischen Amtsvorg\u00e4nger seit Harry Truman und dem Marshallplan widerspricht.<\/p>\n<p>Auch wird der\u00a0Brexit \u00fcberraschenderweise von der neuen US-Regierung\u00a0unterst\u00fctzt. Nach sieben Jahrzehnten unersch\u00fctterlicher Unterst\u00fctzung f\u00fcr die europ\u00e4ische Integration ist dies eine erstaunliche politische Kehrtwende. Das Vordringen des populistischen Nationalismus zu Lasten der\u00a0multilateralen Weltordnung wird\u00a0dadurch nicht gebremst.<\/p>\n<p>Trumps politische Aussagen und sein Lob f\u00fcr starke Politiker wie den russischen Pr\u00e4sidenten Wladimir Putin verkomplizieren die Situation f\u00fcr den Westen\u00a0weiter. China hat die USA dazu aufgerufen, ihre Rolle als Schutzmacht in Asien aufzugeben, und Russland l\u00e4sst verlauten, die NATO sei eine Bedrohung. Beide Gro\u00dfm\u00e4chte wollen die Bedeutung ihrer Nation auf Kosten der internationalen Ordnung hervorheben.<\/p>\n<p>So haben\u00a0Donald Trumps\u00a0Aussagen,\u00a0Ansichten\u00a0und erlassene Dekrete\u00a0das Vertrauen der wichtigsten Partner der USA, der Europ\u00e4er\u00a0und insbesondere der Deutschen, bereits zutiefst ersch\u00fcttert.\u00a0Bundeskanzlerin Angela Merkel machte in ihrer Gratulation an den neuen amerikanischen Pr\u00e4sidenten ihre Bef\u00fcrchtung deutlich, durch die US-Wahl k\u00f6nnte die Erosion der westlichen Weltordnung beschleunigt werden. Dennoch betonte sie die enge Partnerschaft Deutschlands mit den Vereinigten Staaten durch gemeinsame Werte wie Demokratie, Freiheit, Rechtsstaatlichkeit und Achtung der Menschenw\u00fcrde.<\/p>\n<p>Die\u00a0transatlantische Partnerschaft bildet einen Grundstein deutscher Au\u00dfenpolitik; das wird auch in Zukunft so bleiben. Deutschland, Europa und die USA haben gemeinsam die gro\u00dfen Herausforderungen unserer Zeit wie Terrorismus, Klimawandel, Armut, Hunger, Krankheiten und die Intervention f\u00fcr Frieden und Sicherheit in Angriff genommen. Man denke an H\u00f6lderlin: \u201cWo aber Gefahr ist, w\u00e4chst das Rettende auch.\u201d<\/p>\n<p>In Zukunft werden Europa\u00a0und Deutschland die Initiative ergreifen m\u00fcssen, um gemeinsame Ziele mit den USA erreichen zu k\u00f6nnen. Sie werden st\u00e4rker an der auf gemeinsamen Werten basierenden transatlantischen Partnerschaft arbeiten m\u00fcssen. Dieser Idealismus\u00a0sollte als Inspiration dienen, um Chancen zu nutzen, die sich durch die Wahl Donald Trumps ergeben:\u00a0Deutschland und Europa\u00a0sollten\u00a0mehr Verantwortung f\u00fcr\u00a0die eigene Sicherheit \u00fcbernehmen, sich gegen den Aufstieg rechtspopulistischer Parteien wehren\u00a0und weiter f\u00fcr\u00a0stabile internationale Institutionen\u00a0und\u00a0den freien und fairen Handel\u00a0eintreten.<\/p>\n<p>Donald Trump\u00a0hingegen sollte die Errungenschaften der transatlantischen Beziehungen ernst nehmen und in seine Au\u00dfenpolitik einbeziehen. Von Einzelabsprachen mit Politikern und von Entscheidungen nach Ma\u00dfgabe seines Gesch\u00e4ftslebens sollte er Abstand nehmen. Sie w\u00fcrden die multilaterale Weltordnung\u00a0weiter untergraben.<\/p>\n<p>Rufen wir uns, wenn wir an\u00a0den Ausgang der US-Wahlen und die bisherige Regierungszeit Donald Trumps\u00a0denken, ein Zitat von Sir Winston Churchill ins Ged\u00e4chtnis: \u201eMan kann sich immer darauf verlassen, dass die Amerikaner das Richtige tun, nachdem sie alles andere ausprobiert haben.\u201c<\/p>\n<p>Mit der Wahl Donald Trumps haben die Amerikaner wirklich alles ausprobiert.<\/p>\n<p><em>James Bindenagel, US-Botschafter a.D., ist Henry Kissinger Professor und Leiter des Center for International Security and Governance an der Universit\u00e4t Bonn. Seit 2016 ist er Mitglied von United Europe.<\/em><\/p>\n","protected":false},"excerpt":{"rendered":"<p>Die Trump-Administration ist\u00a0erst\u00a0seit gut einem Monat im Amt.\u00a0Manchmal f\u00fchlt es sich jedoch so an als w\u00e4ren bereits Jahre vergangen. In seiner kurzen Zeit im Amt\u00a0erlie\u00df\u00a0Trump eine\u00a0Flut an pr\u00e4sidialen Dekreten: den&hellip;<\/p>\n","protected":false},"author":16,"featured_media":7399,"comment_status":"closed","ping_status":"closed","sticky":false,"template":"","format":"image","meta":{"_acf_changed":false,"footnotes":""},"categories":[620],"tags":[604,738,781,146,748,746,1088,780,607],"powerkit_post_featured":[],"class_list":{"0":"post-7404","1":"post","2":"type-post","3":"status-publish","4":"format-image","5":"has-post-thumbnail","7":"category-news-de","8":"tag-defence-de","9":"tag-donald-trump-de","10":"tag-einwanderungn","11":"tag-handel","12":"tag-immigration-de","13":"tag-populismus","14":"tag-transatlantic-relations-de","15":"tag-transatlantische-beziehungen","16":"tag-verteidigung","17":"post_format-post-format-image"},"acf":[],"aioseo_notices":[],"_links":{"self":[{"href":"https:\/\/www.united-europe.eu\/de\/wp-json\/wp\/v2\/posts\/7404","targetHints":{"allow":["GET"]}}],"collection":[{"href":"https:\/\/www.united-europe.eu\/de\/wp-json\/wp\/v2\/posts"}],"about":[{"href":"https:\/\/www.united-europe.eu\/de\/wp-json\/wp\/v2\/types\/post"}],"author":[{"embeddable":true,"href":"https:\/\/www.united-europe.eu\/de\/wp-json\/wp\/v2\/users\/16"}],"replies":[{"embeddable":true,"href":"https:\/\/www.united-europe.eu\/de\/wp-json\/wp\/v2\/comments?post=7404"}],"version-history":[{"count":6,"href":"https:\/\/www.united-europe.eu\/de\/wp-json\/wp\/v2\/posts\/7404\/revisions"}],"predecessor-version":[{"id":9363,"href":"https:\/\/www.united-europe.eu\/de\/wp-json\/wp\/v2\/posts\/7404\/revisions\/9363"}],"wp:featuredmedia":[{"embeddable":true,"href":"https:\/\/www.united-europe.eu\/de\/wp-json\/wp\/v2\/media\/7399"}],"wp:attachment":[{"href":"https:\/\/www.united-europe.eu\/de\/wp-json\/wp\/v2\/media?parent=7404"}],"wp:term":[{"taxonomy":"category","embeddable":true,"href":"https:\/\/www.united-europe.eu\/de\/wp-json\/wp\/v2\/categories?post=7404"},{"taxonomy":"post_tag","embeddable":true,"href":"https:\/\/www.united-europe.eu\/de\/wp-json\/wp\/v2\/tags?post=7404"},{"taxonomy":"powerkit_post_featured","embeddable":true,"href":"https:\/\/www.united-europe.eu\/de\/wp-json\/wp\/v2\/powerkit_post_featured?post=7404"}],"curies":[{"name":"wp","href":"https:\/\/api.w.org\/{rel}","templated":true}]}}