{"id":6972,"date":"2017-01-13T16:14:52","date_gmt":"2017-01-13T15:14:52","guid":{"rendered":"https:\/\/www.united-europe.eu\/?p=6972&#038;lang=de"},"modified":"2017-02-11T17:02:01","modified_gmt":"2017-02-11T16:02:01","slug":"das-roemische-manifest-vorschlaege-der-naechsten-generation","status":"publish","type":"post","link":"https:\/\/www.united-europe.eu\/de\/2017\/01\/das-roemische-manifest-vorschlaege-der-naechsten-generation\/","title":{"rendered":"Das R\u00f6mische Manifest: Vorschl\u00e4ge der n\u00e4chsten Generation"},"content":{"rendered":"<p>Am 25. M\u00e4rz feiert die Europ\u00e4ische Union Geburtstag. Dann ist es 60 Jahren her, dass die sechs Gr\u00fcndungsmitglieder die R\u00f6mischen Vertr\u00e4ge unterzeichnet haben. Zur Vorbereitung dieses Jahrestags hat United Europe ein besonders wichtiges Projekt gestartet: Zusammen mit dem Deutsch-Italienischen Zentrum f\u00fcr Europ\u00e4ische Exzellenz <a href=\"http:\/\/villavigoni.it\/home.php?sez_id=9&amp;pag_id=1&amp;ed_kind=2&amp;lang_id=4\">Villa Vigoni<\/a> haben wir eine kleine Gruppe von herausragenden jungen Wissenschaftlern und anderen Berufst\u00e4tigen versammelt. Ihr Auftrag ist es, eine gemeinsame Vision der Zukunft Europas zu erarbeiten. Gerade in dieser Zeit der Krisen und der Selbstzweifel in der EU ist es die n\u00e4chste Generation, die Europas Mission neu bestimmen sollte.<\/p>\n<p><img loading=\"lazy\" decoding=\"async\" class=\"aligncenter wp-image-7057 size-large\" src=\"https:\/\/www.united-europe.eu\/wp-content\/uploads\/2017\/01\/Villa-Vigoni-Header_Deutsch-674x182.jpeg\" alt=\"Villa Vigoni Header_Deutsch\" width=\"640\" height=\"173\" srcset=\"https:\/\/www.united-europe.eu\/wp-content\/uploads\/2017\/01\/Villa-Vigoni-Header_Deutsch-674x182.jpeg 674w, https:\/\/www.united-europe.eu\/wp-content\/uploads\/2017\/01\/Villa-Vigoni-Header_Deutsch-800x216.jpeg 800w, https:\/\/www.united-europe.eu\/wp-content\/uploads\/2017\/01\/Villa-Vigoni-Header_Deutsch-1160x313.jpeg 1160w, https:\/\/www.united-europe.eu\/wp-content\/uploads\/2017\/01\/Villa-Vigoni-Header_Deutsch-320x86.jpeg 320w, https:\/\/www.united-europe.eu\/wp-content\/uploads\/2017\/01\/Villa-Vigoni-Header_Deutsch-560x151.jpeg 560w, https:\/\/www.united-europe.eu\/wp-content\/uploads\/2017\/01\/Villa-Vigoni-Header_Deutsch-640x173.jpeg 640w, https:\/\/www.united-europe.eu\/wp-content\/uploads\/2017\/01\/Villa-Vigoni-Header_Deutsch-1120x302.jpeg 1120w, https:\/\/www.united-europe.eu\/wp-content\/uploads\/2017\/01\/Villa-Vigoni-Header_Deutsch-1266x341.jpeg 1266w, https:\/\/www.united-europe.eu\/wp-content\/uploads\/2017\/01\/Villa-Vigoni-Header_Deutsch-360x97.jpeg 360w, https:\/\/www.united-europe.eu\/wp-content\/uploads\/2017\/01\/Villa-Vigoni-Header_Deutsch-633x171.jpeg 633w, https:\/\/www.united-europe.eu\/wp-content\/uploads\/2017\/01\/Villa-Vigoni-Header_Deutsch-180x49.jpeg 180w, https:\/\/www.united-europe.eu\/wp-content\/uploads\/2017\/01\/Villa-Vigoni-Header_Deutsch-300x81.jpeg 300w, https:\/\/www.united-europe.eu\/wp-content\/uploads\/2017\/01\/Villa-Vigoni-Header_Deutsch-768x207.jpeg 768w, https:\/\/www.united-europe.eu\/wp-content\/uploads\/2017\/01\/Villa-Vigoni-Header_Deutsch.jpeg 1328w\" sizes=\"auto, (max-width: 640px) 100vw, 640px\" \/><\/p>\n<p>Das Ergebnis dieser Arbeit \u2013 unser R\u00f6misches Manifest \u2013 werden wir den europ\u00e4ischen Regierungen und Institutionen im Vorfeld des Jahrestages im M\u00e4rz 2017 in Rom vorstellen. Die Autoren sind junge Europ\u00e4er im Alter zwischen 25 und 40. Sie stammen aus Deutschland und Italien, aber auch aus L\u00e4ndern wie den Niederlanden, \u00d6sterreich, Bosnien, Griechenland und Gro\u00dfbritannien. Zur H\u00e4lfte besteht die Gruppe aus jungen Wissenschaftlern aus Fachbereichen wie Geschichte, Philosophie, EU-Recht und \u00f6ffentlicher F\u00fchrung. Die andere H\u00e4lfte sind\u00a0junge Berufst\u00e4tige, beispielsweise aus Wirtschaft, Medizin und \u00d6ffentlichkeitsarbeit.<\/p>\n<p>Im Januar und Februar 2017 treffen sich die Teilnehmer in drei Arbeitsgruppen, um ihre Vorstellungen f\u00fcr das Manifest zu entwickeln. Jede Arbeitsgruppe wird von einem Schirmherrn oder einer Schirmherrin begleitet, die wegen ihrer gro\u00dfen politischen Erfahrung und europ\u00e4ischen \u00dcberzeugung ausgew\u00e4hlt wurden.<\/p>\n<figure id=\"attachment_7015\" aria-describedby=\"caption-attachment-7015\" style=\"width: 120px\" class=\"wp-caption alignright\"><img loading=\"lazy\" decoding=\"async\" class=\"wp-image-7015\" src=\"https:\/\/www.united-europe.eu\/wp-content\/uploads\/2017\/01\/Peer-Steinbr\u00fcck-1-206x300.jpg\" alt=\"Peer Steinbr\u00fcck\" width=\"120\" height=\"175\" srcset=\"https:\/\/www.united-europe.eu\/wp-content\/uploads\/2017\/01\/Peer-Steinbr\u00fcck-1-206x300.jpg 206w, https:\/\/www.united-europe.eu\/wp-content\/uploads\/2017\/01\/Peer-Steinbr\u00fcck-1-800x1163.jpg 800w, https:\/\/www.united-europe.eu\/wp-content\/uploads\/2017\/01\/Peer-Steinbr\u00fcck-1-1160x1686.jpg 1160w, https:\/\/www.united-europe.eu\/wp-content\/uploads\/2017\/01\/Peer-Steinbr\u00fcck-1-320x465.jpg 320w, https:\/\/www.united-europe.eu\/wp-content\/uploads\/2017\/01\/Peer-Steinbr\u00fcck-1-560x814.jpg 560w, https:\/\/www.united-europe.eu\/wp-content\/uploads\/2017\/01\/Peer-Steinbr\u00fcck-1-1920x2790.jpg 1920w, https:\/\/www.united-europe.eu\/wp-content\/uploads\/2017\/01\/Peer-Steinbr\u00fcck-1-640x930.jpg 640w, https:\/\/www.united-europe.eu\/wp-content\/uploads\/2017\/01\/Peer-Steinbr\u00fcck-1-1120x1628.jpg 1120w, https:\/\/www.united-europe.eu\/wp-content\/uploads\/2017\/01\/Peer-Steinbr\u00fcck-1-1600x2325.jpg 1600w, https:\/\/www.united-europe.eu\/wp-content\/uploads\/2017\/01\/Peer-Steinbr\u00fcck-1-2320x3372.jpg 2320w, https:\/\/www.united-europe.eu\/wp-content\/uploads\/2017\/01\/Peer-Steinbr\u00fcck-1-1266x1840.jpg 1266w, https:\/\/www.united-europe.eu\/wp-content\/uploads\/2017\/01\/Peer-Steinbr\u00fcck-1-138x200.jpg 138w, https:\/\/www.united-europe.eu\/wp-content\/uploads\/2017\/01\/Peer-Steinbr\u00fcck-1-633x920.jpg 633w, https:\/\/www.united-europe.eu\/wp-content\/uploads\/2017\/01\/Peer-Steinbr\u00fcck-1-69x100.jpg 69w, https:\/\/www.united-europe.eu\/wp-content\/uploads\/2017\/01\/Peer-Steinbr\u00fcck-1-768x1116.jpg 768w, https:\/\/www.united-europe.eu\/wp-content\/uploads\/2017\/01\/Peer-Steinbr\u00fcck-1.jpg 2557w\" sizes=\"auto, (max-width: 120px) 100vw, 120px\" \/><figcaption id=\"caption-attachment-7015\" class=\"wp-caption-text\">Peer Steinbr\u00fcck<\/figcaption><\/figure>\n<p><strong>Arbeitsgruppe 1<\/strong>\u00a0hat den Auftrag, ein neues Narrativ f\u00fcr Europa zu entwerfen. Seit den Anf\u00e4ngen war es das wichtigste Ziel des vereinten Europas, Frieden und Wohlstand auf unserem Kontinent zu sichern. Grunds\u00e4tzlich wollen wir an diesem Ziel festhalten. Es bedarf aber einer neuen Interpretation, um den Europ\u00e4ern vor Augen zu f\u00fchren wozu Europa gebraucht wird. Schirmherr dieser Arbeitsgruppe ist der fr\u00fchere Bundesfinanzminister Peer Steinbr\u00fcck, der sich seit langem mit dem europ\u00e4ischen Narrativ auseinandersetzt.<\/p>\n<p>&nbsp;<\/p>\n<figure id=\"attachment_6996\" aria-describedby=\"caption-attachment-6996\" style=\"width: 168px\" class=\"wp-caption alignleft\"><img loading=\"lazy\" decoding=\"async\" class=\" wp-image-6996\" src=\"https:\/\/www.united-europe.eu\/wp-content\/uploads\/2017\/01\/Taddei.jpeg\" alt=\"Felipe Taddei\" width=\"168\" height=\"168\" srcset=\"https:\/\/www.united-europe.eu\/wp-content\/uploads\/2017\/01\/Taddei.jpeg 200w, https:\/\/www.united-europe.eu\/wp-content\/uploads\/2017\/01\/Taddei-90x90.jpeg 90w, https:\/\/www.united-europe.eu\/wp-content\/uploads\/2017\/01\/Taddei-180x180.jpeg 180w, https:\/\/www.united-europe.eu\/wp-content\/uploads\/2017\/01\/Taddei-150x150.jpeg 150w, https:\/\/www.united-europe.eu\/wp-content\/uploads\/2017\/01\/Taddei-100x100.jpeg 100w\" sizes=\"auto, (max-width: 168px) 100vw, 168px\" \/><figcaption id=\"caption-attachment-6996\" class=\"wp-caption-text\">Filippo Taddei<\/figcaption><\/figure>\n<p><strong>Arbeitsgruppe 2<\/strong> befasst sich mit den Institutionen und Entscheidungsverfahren in Europa, die in ihren heutigen Auspr\u00e4gung nicht nur ineffektiv, sondern auch intransparent sind. Es schadet auch der Legitimit\u00e4t der europ\u00e4ischen Institutionen, dass ihre B\u00fcrger nicht verstehen, wie sie funktionieren. Erschwerend kommt hinzu, dass die nationalen Regierungen unpopul\u00e4re Entscheidungen gerne der EU zuschreiben, und zwar auch dann, wenn sie selbst an deren Zustandekommen beteiligt waren. Professor Filippo Taddei, Direktor des Bologna Instituts f\u00fcr Politikforschung der Johns Hopkins Universit\u00e4t und Chef\u00f6konom der italienischen Demokratischen Partei, ist Schirmherr dieser Gruppe.<\/p>\n<p>&nbsp;<\/p>\n<figure id=\"attachment_6800\" aria-describedby=\"caption-attachment-6800\" style=\"width: 210px\" class=\"wp-caption alignright\"><img loading=\"lazy\" decoding=\"async\" class=\" wp-image-6800\" src=\"https:\/\/www.united-europe.eu\/wp-content\/uploads\/2016\/11\/Sylvie-Goulard-e1479133603137-300x225.jpg\" alt=\"Sylvie Goulard\" width=\"210\" height=\"157\" \/><figcaption id=\"caption-attachment-6800\" class=\"wp-caption-text\">Sylvie Goulard<\/figcaption><\/figure>\n<p><strong>Arbeitsgruppe 3<\/strong> wird ein Konzept entwickeln, wie sich die europ\u00e4ische Identit\u00e4t konkretisieren und im Bewusstsein der Europ\u00e4er verankern l\u00e4sst, um Europa seinen B\u00fcrgern n\u00e4her zu bringen. \u00dcberall in Europa haben die Menschen gemeinsame Wurzeln in der Geschichte, der Kultur, der Politik, der Gesellschaft und ihren Werten. Auch die geografische N\u00e4he f\u00fchrt dazu, dass die Europ\u00e4er eine gemeinsame Bestimmung haben. Aber wir m\u00fcssen erreichen, dass sich sehr viel mehr Menschen in Europa \u2013 einschlie\u00dflich der \u00c4lteren und einschlie\u00dflich von Menschen unterschiedlichen Bildungsniveaus \u2013 dieses Bewusstsein zu eigen machen. Nur dann wird die europ\u00e4ische Einigung wieder an Akzeptanz gewinnen. Sylvie Goulard, franz\u00f6sische Europa-Abgeordnete und liberale Politikerin, ist Schirmherrin dieser Arbeitsgruppe.<\/p>\n<p>Ende Februar werden sich alle drei Arbeitsgruppen zur Schlussredaktion des Manifests in der Villa Vigoni am Comer See treffen. F\u00fcr die Pr\u00e4sentation in Rom wird das Dokument in drei Sprachen \u2013 Englisch, Italienisch und Deutsch \u2013 ver\u00f6ffentlicht.<\/p>\n<p>Wir danken den folgenden Organisationen und europ\u00e4ischen Universit\u00e4ten f\u00fcr Ihre Unterst\u00fctzung.<\/p>\n<p><strong>Finanzielle Unterst\u00fctzung:<\/strong><br \/>\n<div class=\"supporters-container\"><div class=\"content-column one_third\"><div><a href=\"http:\/\/erhard-friedrich-stiftung.de\" target=\"_blank\"><img decoding=\"async\" src=\"https:\/\/www.united-europe.eu\/wp-content\/uploads\/2017\/02\/friedrich-stiftung-logo-180x100.png\" srcset=\"https:\/\/www.united-europe.eu\/wp-content\/uploads\/2017\/02\/friedrich-stiftung-logo-180x100.png 1x, https:\/\/www.united-europe.eu\/wp-content\/uploads\/2017\/02\/friedrich-stiftung-logo.png 2x\" alt=\"Friedrich Stiftung\" \/><\/a><\/div><\/div><div class=\"content-column one_third\"><div><img decoding=\"async\" src=\"https:\/\/www.united-europe.eu\/wp-content\/uploads\/2017\/02\/Jaakko-P\u00f6yry-Holding-Oy-logo-180x100.png\" srcset=\"https:\/\/www.united-europe.eu\/wp-content\/uploads\/2017\/02\/Jaakko-P\u00f6yry-Holding-Oy-logo-180x100.png 1x, https:\/\/www.united-europe.eu\/wp-content\/uploads\/2017\/02\/Jaakko-P\u00f6yry-Holding-Oy-logo.png 2x\" alt=\"Jaakko P\u00f6yry Holding Oy\" \/><\/div><\/div><div class=\"content-column one_third last_column\"><div><img decoding=\"async\" src=\"https:\/\/www.united-europe.eu\/wp-content\/uploads\/2017\/02\/stiftung-mercator-logo-180x100.png\" srcset=\"https:\/\/www.united-europe.eu\/wp-content\/uploads\/2017\/02\/stiftung-mercator-logo-180x100.png 1x, https:\/\/www.united-europe.eu\/wp-content\/uploads\/2017\/02\/stiftung-mercator-logo.png 2x\" alt=\"Stiftung Mercator\" \/><\/div><\/div><\/div><div class=\"clear\"><\/div>\n<p><strong>Kooperationspartner:<\/strong><br \/>\n<div class=\"supporters-container\"><div class=\"content-column one_third\"><div><a href=\"http:\/\/www.italien.diplo.de\/Vertretung\/italien\/de\/Startseite.html\" target=\"_blank\"><img decoding=\"async\" src=\"https:\/\/www.united-europe.eu\/wp-content\/uploads\/2017\/02\/German-embassy-Italy-logo-1-180x100.png\" srcset=\"https:\/\/www.united-europe.eu\/wp-content\/uploads\/2017\/02\/German-embassy-Italy-logo-1-180x100.png 1x, https:\/\/www.united-europe.eu\/wp-content\/uploads\/2017\/02\/German-embassy-Italy-logo-1.png 2x\" alt=\"Ambasciata della Repubblica Federale die Germania Roma\" \/><\/a><\/div><\/div><div class=\"content-column one_third\"><div><a href=\"http:\/\/www.bipr.eu\/\" target=\"_blank\"><img decoding=\"async\" src=\"https:\/\/www.united-europe.eu\/wp-content\/uploads\/2017\/04\/Bologna-Institute-180x100.png\" srcset=\"https:\/\/www.united-europe.eu\/wp-content\/uploads\/2017\/04\/Bologna-Institute-180x100.png 1x, https:\/\/www.united-europe.eu\/wp-content\/uploads\/2017\/04\/Bologna-Institute.png 2x\" alt=\"Bologna Institute for Policy Research\" \/><\/a><\/div><\/div><div class=\"content-column one_third last_column\"><div><a href=\"http:\/\/www.unive.it\/pag\/13526\/\" target=\"_blank\"><img decoding=\"async\" src=\"https:\/\/www.united-europe.eu\/wp-content\/uploads\/2017\/02\/ca-foscari-university-venice-logo-180x100.png\" srcset=\"https:\/\/www.united-europe.eu\/wp-content\/uploads\/2017\/02\/ca-foscari-university-venice-logo-180x100.png 1x, https:\/\/www.united-europe.eu\/wp-content\/uploads\/2017\/02\/ca-foscari-university-venice-logo.png 2x\" alt=\"Ca&#8216; Foscari University of Venice\" \/><\/a><\/div><\/div><div class=\"content-column one_third\"><div><a href=\"http:\/\/dcu.ie\" target=\"_blank\"><img decoding=\"async\" src=\"https:\/\/www.united-europe.eu\/wp-content\/uploads\/2017\/02\/dublin-city-university-long-logo-180x100.png\" srcset=\"https:\/\/www.united-europe.eu\/wp-content\/uploads\/2017\/02\/dublin-city-university-long-logo-180x100.png 1x, https:\/\/www.united-europe.eu\/wp-content\/uploads\/2017\/02\/dublin-city-university-long-logo.png 2x\" alt=\"Dublin City University\" \/><\/a><\/div><\/div><div class=\"content-column one_third\"><div><a href=\"http:\/\/www.eab-berlin.eu\" target=\"_blank\"><img decoding=\"async\" src=\"https:\/\/www.united-europe.eu\/wp-content\/uploads\/2017\/02\/european-academy-berlin-logo-180x100.png\" srcset=\"https:\/\/www.united-europe.eu\/wp-content\/uploads\/2017\/02\/european-academy-berlin-logo-180x100.png 1x, https:\/\/www.united-europe.eu\/wp-content\/uploads\/2017\/02\/european-academy-berlin-logo.png 2x\" alt=\"Europ\u00e4ische Akademie Berlin\" \/><\/a><\/div><\/div><div class=\"content-column one_third last_column\"><div><a href=\"http:\/\/www.europawissenschaften-berlin.de\" target=\"_blank\"><img decoding=\"async\" src=\"https:\/\/www.united-europe.eu\/wp-content\/uploads\/2017\/02\/europawissenschaften-berlin-logo-1-180x100.png\" srcset=\"https:\/\/www.united-europe.eu\/wp-content\/uploads\/2017\/02\/europawissenschaften-berlin-logo-1-180x100.png 1x, https:\/\/www.united-europe.eu\/wp-content\/uploads\/2017\/02\/europawissenschaften-berlin-logo-1.png 2x\" alt=\"Europawissenschaften Berlin\" \/><\/a><\/div><\/div><div class=\"content-column one_third\"><div><a href=\"http:\/\/www.fds.si\/index.php\/en\/school\/about\" target=\"_blank\"><img decoding=\"async\" src=\"https:\/\/www.united-europe.eu\/wp-content\/uploads\/2017\/02\/graduate-school-govt-europeanStudies-slovenia-180x100.png\" srcset=\"https:\/\/www.united-europe.eu\/wp-content\/uploads\/2017\/02\/graduate-school-govt-europeanStudies-slovenia-180x100.png 1x, https:\/\/www.united-europe.eu\/wp-content\/uploads\/2017\/02\/graduate-school-govt-europeanStudies-slovenia.png 2x\" alt=\"Graduate School Government and European Studies Slovenia\" \/><\/a><\/div><\/div><div class=\"content-column one_third\"><div><a href=\"https:\/\/www.hu-berlin.de\/de\/\" target=\"_blank\"><img decoding=\"async\" src=\"https:\/\/www.united-europe.eu\/wp-content\/uploads\/2017\/03\/Humboldt-Universit\u00e4t-180x100.png\" srcset=\"https:\/\/www.united-europe.eu\/wp-content\/uploads\/2017\/03\/Humboldt-Universit\u00e4t-180x100.png 1x, https:\/\/www.united-europe.eu\/wp-content\/uploads\/2017\/03\/Humboldt-Universit\u00e4t.png 2x\" alt=\"Humboldt Universit\u00e4t\" \/><\/a><\/div><\/div><div class=\"content-column one_third last_column\"><div><a href=\"http:\/\/polis180.org\" target=\"_blank\"><img decoding=\"async\" src=\"https:\/\/www.united-europe.eu\/wp-content\/uploads\/2017\/02\/Polis-180-180x100.png\" srcset=\"https:\/\/www.united-europe.eu\/wp-content\/uploads\/2017\/02\/Polis-180-180x100.png 1x, https:\/\/www.united-europe.eu\/wp-content\/uploads\/2017\/02\/Polis-180.png 2x\" alt=\"Polis 180\" \/><\/a><\/div><\/div><div class=\"content-column one_third\"><div><img decoding=\"async\" src=\"https:\/\/www.united-europe.eu\/wp-content\/uploads\/2017\/03\/PDU-180x100.png\" srcset=\"https:\/\/www.united-europe.eu\/wp-content\/uploads\/2017\/03\/PDU-180x100.png 1x, https:\/\/www.united-europe.eu\/wp-content\/uploads\/2017\/03\/PDU.png 2x\" alt=\"Project for democratic union\" \/><\/div><\/div><div class=\"content-column one_third\"><div><a href=\"http:\/\/rub-europadialog.eu\" target=\"_blank\"><img decoding=\"async\" src=\"https:\/\/www.united-europe.eu\/wp-content\/uploads\/2017\/02\/rub-europadialog-logo-180x100.png\" srcset=\"https:\/\/www.united-europe.eu\/wp-content\/uploads\/2017\/02\/rub-europadialog-logo-180x100.png 1x, https:\/\/www.united-europe.eu\/wp-content\/uploads\/2017\/02\/rub-europadialog-logo.png 2x\" alt=\"RUB Europadialog\" \/><\/a><\/div><\/div><div class=\"content-column one_third last_column\"><div><a href=\"http:\/\/www.ruhr-uni-bochum.de\" target=\"_blank\"><img decoding=\"async\" src=\"https:\/\/www.united-europe.eu\/wp-content\/uploads\/2017\/02\/ruhr-university-bochum-logo-180x100.png\" srcset=\"https:\/\/www.united-europe.eu\/wp-content\/uploads\/2017\/02\/ruhr-university-bochum-logo-180x100.png 1x, https:\/\/www.united-europe.eu\/wp-content\/uploads\/2017\/02\/ruhr-university-bochum-logo.png 2x\" alt=\"Ruhr Universit\u00e4t Bochum\" \/><\/a><\/div><\/div><div class=\"content-column one_third\"><div><a href=\"http:\/\/schwarzkopf-stiftung.de\" target=\"_blank\"><img decoding=\"async\" src=\"https:\/\/www.united-europe.eu\/wp-content\/uploads\/2017\/02\/Schwarzkopf-Stiftung-180x100.png\" srcset=\"https:\/\/www.united-europe.eu\/wp-content\/uploads\/2017\/02\/Schwarzkopf-Stiftung-180x100.png 1x, https:\/\/www.united-europe.eu\/wp-content\/uploads\/2017\/02\/Schwarzkopf-Stiftung.png 2x\" alt=\"Schwarzkopf Stiftung\" \/><\/a><\/div><\/div><div class=\"content-column one_third\"><div><a href=\"http:\/\/www.yesforeurope.eu\" target=\"_blank\"><img decoding=\"async\" src=\"https:\/\/www.united-europe.eu\/wp-content\/uploads\/2017\/02\/yes-young-entrepreneurs-logo-180x100.png\" srcset=\"https:\/\/www.united-europe.eu\/wp-content\/uploads\/2017\/02\/yes-young-entrepreneurs-logo-180x100.png 1x, https:\/\/www.united-europe.eu\/wp-content\/uploads\/2017\/02\/yes-young-entrepreneurs-logo.png 2x\" alt=\"Yes\" \/><\/a><\/div><\/div><\/div><div class=\"clear\"><\/div>\n<p><strong>Medienpartner:<\/strong><br \/>\n<div class=\"supporters-container\"><div class=\"content-column one_third\"><div><a href=\"http:\/\/cicero.de\" target=\"_blank\"><img decoding=\"async\" src=\"https:\/\/www.united-europe.eu\/wp-content\/uploads\/2017\/02\/cicero-logo-180x100.png\" srcset=\"https:\/\/www.united-europe.eu\/wp-content\/uploads\/2017\/02\/cicero-logo-180x100.png 1x, https:\/\/www.united-europe.eu\/wp-content\/uploads\/2017\/02\/cicero-logo.png 2x\" alt=\"Cicero\" \/><\/a><\/div><\/div><div class=\"content-column one_third\"><div><a href=\"https:\/\/www.facebook.com\/Comvento3\/\" target=\"_blank\"><img decoding=\"async\" src=\"https:\/\/www.united-europe.eu\/wp-content\/uploads\/2017\/02\/Comitato-Ventotene-180x100.png\" srcset=\"https:\/\/www.united-europe.eu\/wp-content\/uploads\/2017\/02\/Comitato-Ventotene-180x100.png 1x, https:\/\/www.united-europe.eu\/wp-content\/uploads\/2017\/02\/Comitato-Ventotene.png 2x\" alt=\"Comitate Ventotene\" \/><\/a><\/div><\/div><div class=\"content-column one_third last_column\"><div><a href=\"https:\/\/europaunited.eu\" target=\"_blank\"><img decoding=\"async\" src=\"https:\/\/www.united-europe.eu\/wp-content\/uploads\/2017\/02\/europa-united-logo-180x100.png\" srcset=\"https:\/\/www.united-europe.eu\/wp-content\/uploads\/2017\/02\/europa-united-logo-180x100.png 1x, https:\/\/www.united-europe.eu\/wp-content\/uploads\/2017\/02\/europa-united-logo.png 2x\" alt=\"Europa United\" \/><\/a><\/div><\/div><div class=\"content-column one_third\"><div><a href=\"http:\/\/europeangeneration.wixsite.com\/home\/who-we-are\" target=\"_blank\"><img decoding=\"async\" src=\"https:\/\/www.united-europe.eu\/wp-content\/uploads\/2017\/02\/European-Generation-180x100.png\" srcset=\"https:\/\/www.united-europe.eu\/wp-content\/uploads\/2017\/02\/European-Generation-180x100.png 1x, https:\/\/www.united-europe.eu\/wp-content\/uploads\/2017\/02\/European-Generation.png 2x\" alt=\"European Generation\" \/><\/a><\/div><\/div><div class=\"content-column one_third\"><div><a href=\"http:\/\/www.ilcaffegeopolitico.org\" target=\"_blank\"><img decoding=\"async\" src=\"https:\/\/www.united-europe.eu\/wp-content\/uploads\/2017\/02\/caffe-geopolitico-logo-180x100.png\" srcset=\"https:\/\/www.united-europe.eu\/wp-content\/uploads\/2017\/02\/caffe-geopolitico-logo-180x100.png 1x, https:\/\/www.united-europe.eu\/wp-content\/uploads\/2017\/02\/caffe-geopolitico-logo.png 2x\" alt=\"Il Caff\u00e9 Geopolitico\" \/><\/a><\/div><\/div><div class=\"content-column one_third last_column\"><div><a href=\"http:\/\/www.neosmagazine.it\/new\/en\/\" target=\"_blank\"><img decoding=\"async\" src=\"https:\/\/www.united-europe.eu\/wp-content\/uploads\/2017\/02\/neos-logo-180x100.png\" srcset=\"https:\/\/www.united-europe.eu\/wp-content\/uploads\/2017\/02\/neos-logo-180x100.png 1x, https:\/\/www.united-europe.eu\/wp-content\/uploads\/2017\/02\/neos-logo.png 2x\" alt=\"neos\" \/><\/a><\/div><\/div><div class=\"content-column one_third\"><div><a href=\"http:\/\/europalab.org\" target=\"_blank\"><img decoding=\"async\" src=\"https:\/\/www.united-europe.eu\/wp-content\/uploads\/2017\/02\/prospettiva-europea-logo-180x100.png\" srcset=\"https:\/\/www.united-europe.eu\/wp-content\/uploads\/2017\/02\/prospettiva-europea-logo-180x100.png 1x, https:\/\/www.united-europe.eu\/wp-content\/uploads\/2017\/02\/prospettiva-europea-logo.png 2x\" alt=\"Prospettiva Europea\" \/><\/a><\/div><\/div><div class=\"content-column one_third\"><div><a href=\"https:\/\/www.standupforeurope.eu\/\" target=\"_blank\"><img decoding=\"async\" src=\"https:\/\/www.united-europe.eu\/wp-content\/uploads\/2017\/02\/stand-up-for-europe-logo-180x100.png\" srcset=\"https:\/\/www.united-europe.eu\/wp-content\/uploads\/2017\/02\/stand-up-for-europe-logo-180x100.png 1x, https:\/\/www.united-europe.eu\/wp-content\/uploads\/2017\/02\/stand-up-for-europe-logo.png 2x\" alt=\"Stand Up For Europe\" \/><\/a><\/div><\/div><div class=\"content-column one_third last_column\"><div><img decoding=\"async\" src=\"https:\/\/www.united-europe.eu\/wp-content\/uploads\/2017\/03\/The-European-180x100.png\" srcset=\"https:\/\/www.united-europe.eu\/wp-content\/uploads\/2017\/03\/The-European-180x100.png 1x, https:\/\/www.united-europe.eu\/wp-content\/uploads\/2017\/03\/The-European.png 2x\" alt=\"The European\" \/><\/div><\/div><div class=\"content-column one_third\"><div><a href=\"http:\/\/www.voxeurop.eu\/de\" target=\"_blank\"><img decoding=\"async\" src=\"https:\/\/www.united-europe.eu\/wp-content\/uploads\/2017\/02\/vox-europ-logo-180x100.png\" srcset=\"https:\/\/www.united-europe.eu\/wp-content\/uploads\/2017\/02\/vox-europ-logo-180x100.png 1x, https:\/\/www.united-europe.eu\/wp-content\/uploads\/2017\/02\/vox-europ-logo.png 2x\" alt=\"Vox Europ\" \/><\/a><\/div><\/div><\/div><div class=\"clear\"><\/div>\n","protected":false},"excerpt":{"rendered":"<p>Am 25. M\u00e4rz feiert die Europ\u00e4ische Union Geburtstag. Dann ist es 60 Jahren her, dass die sechs Gr\u00fcndungsmitglieder die R\u00f6mischen Vertr\u00e4ge unterzeichnet haben. Zur Vorbereitung dieses Jahrestags hat United Europe&hellip;<\/p>\n","protected":false},"author":16,"featured_media":0,"comment_status":"open","ping_status":"closed","sticky":false,"template":"","format":"standard","meta":{"_acf_changed":false,"footnotes":""},"categories":[620],"tags":[756,274,101,757,746],"powerkit_post_featured":[],"class_list":{"0":"post-6972","1":"post","2":"type-post","3":"status-publish","4":"format-standard","6":"category-news-de","7":"tag-europaeische-union","8":"tag-identitat","9":"tag-institutionen","10":"tag-narrativ","11":"tag-populismus"},"acf":[],"aioseo_notices":[],"_links":{"self":[{"href":"https:\/\/www.united-europe.eu\/de\/wp-json\/wp\/v2\/posts\/6972","targetHints":{"allow":["GET"]}}],"collection":[{"href":"https:\/\/www.united-europe.eu\/de\/wp-json\/wp\/v2\/posts"}],"about":[{"href":"https:\/\/www.united-europe.eu\/de\/wp-json\/wp\/v2\/types\/post"}],"author":[{"embeddable":true,"href":"https:\/\/www.united-europe.eu\/de\/wp-json\/wp\/v2\/users\/16"}],"replies":[{"embeddable":true,"href":"https:\/\/www.united-europe.eu\/de\/wp-json\/wp\/v2\/comments?post=6972"}],"version-history":[{"count":25,"href":"https:\/\/www.united-europe.eu\/de\/wp-json\/wp\/v2\/posts\/6972\/revisions"}],"predecessor-version":[{"id":7292,"href":"https:\/\/www.united-europe.eu\/de\/wp-json\/wp\/v2\/posts\/6972\/revisions\/7292"}],"wp:attachment":[{"href":"https:\/\/www.united-europe.eu\/de\/wp-json\/wp\/v2\/media?parent=6972"}],"wp:term":[{"taxonomy":"category","embeddable":true,"href":"https:\/\/www.united-europe.eu\/de\/wp-json\/wp\/v2\/categories?post=6972"},{"taxonomy":"post_tag","embeddable":true,"href":"https:\/\/www.united-europe.eu\/de\/wp-json\/wp\/v2\/tags?post=6972"},{"taxonomy":"powerkit_post_featured","embeddable":true,"href":"https:\/\/www.united-europe.eu\/de\/wp-json\/wp\/v2\/powerkit_post_featured?post=6972"}],"curies":[{"name":"wp","href":"https:\/\/api.w.org\/{rel}","templated":true}]}}