{"id":5835,"date":"2016-04-19T10:33:12","date_gmt":"2016-04-19T10:33:12","guid":{"rendered":"https:\/\/www.united-europe.eu\/?p=5835&#038;lang=de"},"modified":"2016-04-19T13:29:49","modified_gmt":"2016-04-19T13:29:49","slug":"was-haelt-europa-zusammen-ein-bericht-vom-young-professionals-seminar-in-london","status":"publish","type":"post","link":"https:\/\/www.united-europe.eu\/de\/2016\/04\/was-haelt-europa-zusammen-ein-bericht-vom-young-professionals-seminar-in-london\/","title":{"rendered":"Was h\u00e4lt Europa zusammen? Ein Bericht vom Young Professionals Seminar in London"},"content":{"rendered":"<figure id=\"attachment_5710\" aria-describedby=\"caption-attachment-5710\" style=\"width: 225px\" class=\"wp-caption alignleft\"><img loading=\"lazy\" decoding=\"async\" class=\"size-large wp-image-5710\" src=\"https:\/\/www.united-europe.eu\/wp-content\/uploads\/2016\/03\/P1010555-225x300.jpg\" alt=\"Gruppenbild vor Westminster: Teilnehmer des Young Professionals Seminars in London\" width=\"225\" height=\"300\" srcset=\"https:\/\/www.united-europe.eu\/wp-content\/uploads\/2016\/03\/P1010555-225x300.jpg 225w, https:\/\/www.united-europe.eu\/wp-content\/uploads\/2016\/03\/P1010555-320x427.jpg 320w, https:\/\/www.united-europe.eu\/wp-content\/uploads\/2016\/03\/P1010555-75x100.jpg 75w, https:\/\/www.united-europe.eu\/wp-content\/uploads\/2016\/03\/P1010555.jpg 480w, https:\/\/www.united-europe.eu\/wp-content\/uploads\/2016\/03\/P1010555-150x200.jpg 150w, https:\/\/www.united-europe.eu\/wp-content\/uploads\/2016\/03\/P1010555-90x120.jpg 90w\" sizes=\"auto, (max-width: 225px) 100vw, 225px\" \/><figcaption id=\"caption-attachment-5710\" class=\"wp-caption-text\">Gruppenbild vor Westminster: Teilnehmer des Young Professionals Seminars in London<\/figcaption><\/figure>\n<p>Ist Europa eine Sache des Kopfes? Sind es vor allem die rationalen Gr\u00fcnde, k\u00fchl und pr\u00e4zise abgewogen, die den Ausschlag f\u00fcr eine Mitgliedschaft in der Europ\u00e4ischen Union geben? Oder wird Europa vom Herzen zusammengehalten, von Emotionen und einer\u00a0 tiefen \u00dcberzeugung, dass das europ\u00e4ische Projekt richtig und notwendig ist? Beim Young Professionals Seminar Anfang M\u00e4rz in London stie\u00dfen beide Ans\u00e4tze immer wieder aufeinander. Sehr rasch wurde deutlich, wie wenig es der Europ\u00e4ischen Union gerade in Gro\u00dfbritannien gelungen ist, die Herzen zu gewinnen.<\/p>\n<p>Zu dem Seminar in London kamen\u00a022 junge Berufst\u00e4tige aus insgesamt 16 europ\u00e4ischen Nationen zusammen, um gemeinsam \u00fcber das Thema &#8222;Wie l\u00e4sst sich Europa zusammenhalten&#8220; nachzudenken. Eine besondere Rolle spielte das Thema Brexit. Der britische Premierminister David Cameron hatte erst wenige Tage vor Beginn des Seminars angek\u00fcndigt, dass das Referendum \u00fcber die weitere Mitgliedschaft seines Landes in der Europ\u00e4ischen Union am 23. Juni stattfinden w\u00fcrde. M\u00f6glich wurde dieses Seminar durch die gro\u00dfz\u00fcgige Unterst\u00fctzung von Hanover Acceptances und Morgan Stanley. Wir bedanken uns.<\/p>\n<p>Das Ergebnis des Seminars ist <a href=\"https:\/\/www.united-europe.eu\/news-and-opinions\/conclusions-of-the-london-young-professionals-seminar-march-2016\/\">ein Thesenpapier<\/a> mit Vorschl\u00e4gen, wie Europa die Zustimmung seiner B\u00fcrger zur\u00fcckgewinnen kann. Um den ausf\u00fchrlichen Bericht zum Young Professionals Seminar in London zu lesen, nutzen Sie bitte <a href=\"https:\/\/www.united-europe.eu\/uncategorized\/the-heart-or-mind-question-about-europe\/\">diesen Link<\/a>.<\/p>\n","protected":false},"excerpt":{"rendered":"<p>Ist Europa eine Sache des Kopfes? Sind es vor allem die rationalen Gr\u00fcnde, k\u00fchl und pr\u00e4zise abgewogen, die den Ausschlag f\u00fcr eine Mitgliedschaft in der Europ\u00e4ischen Union geben? Oder wird&hellip;<\/p>\n","protected":false},"author":16,"featured_media":0,"comment_status":"open","ping_status":"closed","sticky":false,"template":"","format":"standard","meta":{"_acf_changed":false,"footnotes":""},"categories":[587,585,2],"tags":[],"powerkit_post_featured":[],"class_list":{"0":"post-5835","1":"post","2":"type-post","3":"status-publish","4":"format-standard","6":"category-advocacy-seminare","7":"category-ue-advocacy-programm","8":"category-unkategorisiert"},"acf":[],"aioseo_notices":[],"_links":{"self":[{"href":"https:\/\/www.united-europe.eu\/de\/wp-json\/wp\/v2\/posts\/5835","targetHints":{"allow":["GET"]}}],"collection":[{"href":"https:\/\/www.united-europe.eu\/de\/wp-json\/wp\/v2\/posts"}],"about":[{"href":"https:\/\/www.united-europe.eu\/de\/wp-json\/wp\/v2\/types\/post"}],"author":[{"embeddable":true,"href":"https:\/\/www.united-europe.eu\/de\/wp-json\/wp\/v2\/users\/16"}],"replies":[{"embeddable":true,"href":"https:\/\/www.united-europe.eu\/de\/wp-json\/wp\/v2\/comments?post=5835"}],"version-history":[{"count":6,"href":"https:\/\/www.united-europe.eu\/de\/wp-json\/wp\/v2\/posts\/5835\/revisions"}],"predecessor-version":[{"id":5850,"href":"https:\/\/www.united-europe.eu\/de\/wp-json\/wp\/v2\/posts\/5835\/revisions\/5850"}],"wp:attachment":[{"href":"https:\/\/www.united-europe.eu\/de\/wp-json\/wp\/v2\/media?parent=5835"}],"wp:term":[{"taxonomy":"category","embeddable":true,"href":"https:\/\/www.united-europe.eu\/de\/wp-json\/wp\/v2\/categories?post=5835"},{"taxonomy":"post_tag","embeddable":true,"href":"https:\/\/www.united-europe.eu\/de\/wp-json\/wp\/v2\/tags?post=5835"},{"taxonomy":"powerkit_post_featured","embeddable":true,"href":"https:\/\/www.united-europe.eu\/de\/wp-json\/wp\/v2\/powerkit_post_featured?post=5835"}],"curies":[{"name":"wp","href":"https:\/\/api.w.org\/{rel}","templated":true}]}}