{"id":5480,"date":"2016-03-07T22:00:18","date_gmt":"2016-03-07T21:00:18","guid":{"rendered":"https:\/\/www.united-europe.eu\/?p=5480&#038;lang=de"},"modified":"2018-02-08T14:21:24","modified_gmt":"2018-02-08T13:21:24","slug":"alumni-abend-fluechtlingspolitik-in-europa","status":"publish","type":"post","link":"https:\/\/www.united-europe.eu\/de\/2016\/03\/alumni-abend-fluechtlingspolitik-in-europa\/","title":{"rendered":"Alumni Abend &#8211; Fl\u00fcchtlingspolitik in Europa"},"content":{"rendered":"<p><img loading=\"lazy\" decoding=\"async\" class=\"alignleft size-thumbnail wp-image-5431\" src=\"https:\/\/www.united-europe.eu\/wp-content\/uploads\/2016\/02\/Refugee-e1455806499315-150x88.jpg\" alt=\"Urheber: photoman \/ 123RF Lizenzfreie Bilder\" width=\"150\" height=\"88\" \/>Unser erster Young Professional Alumni Abend fand\u00a0am <strong>7.M\u00e4rz<\/strong> 2016 in <strong>Berlin<\/strong> statt.\u00a0Wir diskutierten\u00a0an diesem Abend\u00a0das Thema der <strong>Fl\u00fcchtlingspolitik in Europa<\/strong>.\u00a0Als Mitglied des Europ\u00e4ischen Parlaments f\u00fcr Brandenburg, leitete\u00a0Dr. Christian Ehler den Abend als Sprecher ein.<\/p>\n<p>Vor seiner politischen Karriere bei der CDU war Dr. Christian Ehler Journalist und Unternehmensgr\u00fcnder. Nach\u00a0zw\u00f6lf Jahren Erfahrung im Europ\u00e4ischen Parlament, ist\u00a0Dr. Ehler seit 2014\u00a0Vize-Vorsitzender des SEDE-Ausschusses (Unterausschuss f\u00fcr Sicherheit und Verteidigung) und Co-Koordinator im Ausschuss f\u00fcr Industrie, Forschung und Energie (ITRE).<\/p>\n<p>Der Abend war ein solcher Erfolg, dass unsere Berlin Alumnis im Anschluss spontan einen <strong>viertelj\u00e4hrlichen Stammtisch<\/strong> ins Leben riefen, um die Diskussion weiterzuf\u00fchren. Der erste Stammtisch wird in der dritten Maiwoche in Berlin stattfinden, genauere Details zu Datum und Ort werden noch ver\u00f6ffentlicht. Alle Alumnis und Freunde von United Europe sind herzlich eingeladen daran teilzunehmen. Falls Sie Interesse haben an dem Stammtisch\u00a0teilzunehmen, <a href=\"mailto:events@united-europe.eu\" target=\"_blank\">kontaktieren<\/a> Sie uns\u00a0einfach per Email.<\/p>\n<p>Nat\u00fcrlich stehen wir f\u00fcr Fragen oder Vorschl\u00e4ge jederzeit gerne zur Verf\u00fcgung. Insbesondere freuen wir uns auf Ihre Ideen f\u00fcr weitere Alumni Abende!<\/p>\n","protected":false},"excerpt":{"rendered":"<p>Unser erster Young Professional Alumni Abend fand\u00a0am 7.M\u00e4rz 2016 in Berlin statt.\u00a0Wir diskutierten\u00a0an diesem Abend\u00a0das Thema der Fl\u00fcchtlingspolitik in Europa.\u00a0Als Mitglied des Europ\u00e4ischen Parlaments f\u00fcr Brandenburg, leitete\u00a0Dr. Christian Ehler den&hellip;<\/p>\n","protected":false},"author":16,"featured_media":0,"comment_status":"closed","ping_status":"closed","sticky":false,"template":"","format":"standard","meta":{"_acf_changed":false,"footnotes":""},"categories":[587],"tags":[831,668,562,287],"powerkit_post_featured":[],"class_list":{"0":"post-5480","1":"post","2":"type-post","3":"status-publish","4":"format-standard","6":"category-advocacy-seminare","7":"tag-alumni-de","8":"tag-refugees-de","9":"tag-young-professionals-de","10":"tag-young-professionals-seminars-de"},"acf":[],"aioseo_notices":[],"_links":{"self":[{"href":"https:\/\/www.united-europe.eu\/de\/wp-json\/wp\/v2\/posts\/5480","targetHints":{"allow":["GET"]}}],"collection":[{"href":"https:\/\/www.united-europe.eu\/de\/wp-json\/wp\/v2\/posts"}],"about":[{"href":"https:\/\/www.united-europe.eu\/de\/wp-json\/wp\/v2\/types\/post"}],"author":[{"embeddable":true,"href":"https:\/\/www.united-europe.eu\/de\/wp-json\/wp\/v2\/users\/16"}],"replies":[{"embeddable":true,"href":"https:\/\/www.united-europe.eu\/de\/wp-json\/wp\/v2\/comments?post=5480"}],"version-history":[{"count":4,"href":"https:\/\/www.united-europe.eu\/de\/wp-json\/wp\/v2\/posts\/5480\/revisions"}],"predecessor-version":[{"id":5598,"href":"https:\/\/www.united-europe.eu\/de\/wp-json\/wp\/v2\/posts\/5480\/revisions\/5598"}],"wp:attachment":[{"href":"https:\/\/www.united-europe.eu\/de\/wp-json\/wp\/v2\/media?parent=5480"}],"wp:term":[{"taxonomy":"category","embeddable":true,"href":"https:\/\/www.united-europe.eu\/de\/wp-json\/wp\/v2\/categories?post=5480"},{"taxonomy":"post_tag","embeddable":true,"href":"https:\/\/www.united-europe.eu\/de\/wp-json\/wp\/v2\/tags?post=5480"},{"taxonomy":"powerkit_post_featured","embeddable":true,"href":"https:\/\/www.united-europe.eu\/de\/wp-json\/wp\/v2\/powerkit_post_featured?post=5480"}],"curies":[{"name":"wp","href":"https:\/\/api.w.org\/{rel}","templated":true}]}}