{"id":4409,"date":"2015-07-20T17:28:38","date_gmt":"2015-07-20T17:28:38","guid":{"rendered":"https:\/\/www.united-europe.eu\/?p=4409"},"modified":"2015-12-23T20:19:37","modified_gmt":"2015-12-23T20:19:37","slug":"europa-ideen-der-young-professionals","status":"publish","type":"post","link":"https:\/\/www.united-europe.eu\/de\/2015\/07\/europa-ideen-der-young-professionals\/","title":{"rendered":"Wie vermarktet man Europa: Ideen der Young Professionals"},"content":{"rendered":"<figure id=\"attachment_4180\" aria-describedby=\"caption-attachment-4180\" style=\"width: 445px\" class=\"wp-caption alignright\"><a href=\"https:\/\/www.united-europe.eu\/wp-content\/uploads\/2015\/06\/DSC01912.jpg\"><img loading=\"lazy\" decoding=\"async\" class=\" wp-image-4180\" src=\"https:\/\/www.united-europe.eu\/wp-content\/uploads\/2015\/06\/DSC01912-300x225.jpg\" alt=\"DSC01912\" width=\"445\" height=\"334\" srcset=\"https:\/\/www.united-europe.eu\/wp-content\/uploads\/2015\/06\/DSC01912-300x225.jpg 300w, https:\/\/www.united-europe.eu\/wp-content\/uploads\/2015\/06\/DSC01912-320x240.jpg 320w, https:\/\/www.united-europe.eu\/wp-content\/uploads\/2015\/06\/DSC01912-800x600.jpg 800w, https:\/\/www.united-europe.eu\/wp-content\/uploads\/2015\/06\/DSC01912-560x420.jpg 560w, https:\/\/www.united-europe.eu\/wp-content\/uploads\/2015\/06\/DSC01912-133x100.jpg 133w, https:\/\/www.united-europe.eu\/wp-content\/uploads\/2015\/06\/DSC01912-640x480.jpg 640w, https:\/\/www.united-europe.eu\/wp-content\/uploads\/2015\/06\/DSC01912-267x200.jpg 267w, https:\/\/www.united-europe.eu\/wp-content\/uploads\/2015\/06\/DSC01912-400x300.jpg 400w, https:\/\/www.united-europe.eu\/wp-content\/uploads\/2015\/06\/DSC01912-633x475.jpg 633w, https:\/\/www.united-europe.eu\/wp-content\/uploads\/2015\/06\/DSC01912-160x120.jpg 160w, https:\/\/www.united-europe.eu\/wp-content\/uploads\/2015\/06\/DSC01912.jpg 1000w\" sizes=\"auto, (max-width: 445px) 100vw, 445px\" \/><\/a><figcaption id=\"caption-attachment-4180\" class=\"wp-caption-text\">Young Professionals Seminar in der Casa de America in Madrid<\/figcaption><\/figure>\n<p>Bei vielen seiner B\u00fcrger genie\u00dft Europa keinen sonderlich guten Ruf. Die Europ\u00e4ische Union und ihre Institutionen gelten als abgehoben und b\u00fcrokratisch. Fast \u00fcberall gewinnt der anti-europ\u00e4ische Populismus dramatisch an Boden. Mit welchen Mitteln l\u00e4sst sich dieses problematische Image verbessern?<\/p>\n<p>Ende Mai lud United Europe 20 junge Berufst\u00e4tige aus zw\u00f6lf Nationen Europas zu einem Young Professionals Seminar nach Spanien ein, um nach Antworten auf diese schwierige Frage zu suchen. In der Casa de America, einem der sch\u00f6nsten Pal\u00e4ste Madrids, diskutierten die Teilnehmer anderthalb Tage lange \u00fcber &#8222;How to Brand Europe&#8220;. Bei unseren Sponsoren, Iberdrola SA und Gerdau, bedanken wir uns f\u00fcr die gro\u00dfz\u00fcgige Unterst\u00fctzung.<\/p>\n<p>Das Ergebnis des Seminars ist <a href=\"https:\/\/www.united-europe.eu\/news-and-topics\/only-in-europe-a-young-professionals-proposal-on-branding-europe\/\" target=\"_blank\">ein Marketing-Konzept<\/a> auf Basis der europ\u00e4ischen Identit\u00e4t &#8211; Wer sind wir? Wer wollen wir sein? &#8222;Only in Europe&#8220;, hei\u00dft das Motto der Werbespr\u00fcche, dass auf diesem Konzept aufbaut. Nun l\u00e4dt United Europe die Teilnehmer der bisherigen Young Professionals Seminare, aber auch alle \u00fcbrigen Mitglieder und Freunde von United Europe herzlich ein, sich einen Werbeslogan auf dieser Grundlage auszudenken. F\u00fcr den besten Spruch gibt es eine Einladung zu einem der Young Professionals Seminare in 2016 zu gewinnen, inklusive Anreise und Hotel. Wir hoffen auf rege Beteiligung!<\/p>\n<p>F\u00fcr den ausf\u00fchrlichen Bericht zum Young Professionals Seminar in Madrid nutzen Sie bitte <a href=\"https:\/\/www.united-europe.eu\/news-and-topics\/from-the-initiative\/a-young-professionals-seminar-on-how-to-brand-europe\/\" target=\"_blank\">diesen Link<\/a>.<\/p>\n","protected":false},"excerpt":{"rendered":"<p>Bei vielen seiner B\u00fcrger genie\u00dft Europa keinen sonderlich guten Ruf. Die Europ\u00e4ische Union und ihre Institutionen gelten als abgehoben und b\u00fcrokratisch. Fast \u00fcberall gewinnt der anti-europ\u00e4ische Populismus dramatisch an Boden.&hellip;<\/p>\n","protected":false},"author":16,"featured_media":0,"comment_status":"open","ping_status":"closed","sticky":false,"template":"","format":"standard","meta":{"_acf_changed":false,"footnotes":""},"categories":[587],"tags":[668],"powerkit_post_featured":[],"class_list":{"0":"post-4409","1":"post","2":"type-post","3":"status-publish","4":"format-standard","6":"category-advocacy-seminare","7":"tag-refugees-de"},"acf":[],"aioseo_notices":[],"_links":{"self":[{"href":"https:\/\/www.united-europe.eu\/de\/wp-json\/wp\/v2\/posts\/4409","targetHints":{"allow":["GET"]}}],"collection":[{"href":"https:\/\/www.united-europe.eu\/de\/wp-json\/wp\/v2\/posts"}],"about":[{"href":"https:\/\/www.united-europe.eu\/de\/wp-json\/wp\/v2\/types\/post"}],"author":[{"embeddable":true,"href":"https:\/\/www.united-europe.eu\/de\/wp-json\/wp\/v2\/users\/16"}],"replies":[{"embeddable":true,"href":"https:\/\/www.united-europe.eu\/de\/wp-json\/wp\/v2\/comments?post=4409"}],"version-history":[{"count":6,"href":"https:\/\/www.united-europe.eu\/de\/wp-json\/wp\/v2\/posts\/4409\/revisions"}],"predecessor-version":[{"id":5170,"href":"https:\/\/www.united-europe.eu\/de\/wp-json\/wp\/v2\/posts\/4409\/revisions\/5170"}],"wp:attachment":[{"href":"https:\/\/www.united-europe.eu\/de\/wp-json\/wp\/v2\/media?parent=4409"}],"wp:term":[{"taxonomy":"category","embeddable":true,"href":"https:\/\/www.united-europe.eu\/de\/wp-json\/wp\/v2\/categories?post=4409"},{"taxonomy":"post_tag","embeddable":true,"href":"https:\/\/www.united-europe.eu\/de\/wp-json\/wp\/v2\/tags?post=4409"},{"taxonomy":"powerkit_post_featured","embeddable":true,"href":"https:\/\/www.united-europe.eu\/de\/wp-json\/wp\/v2\/powerkit_post_featured?post=4409"}],"curies":[{"name":"wp","href":"https:\/\/api.w.org\/{rel}","templated":true}]}}