{"id":3926,"date":"2015-05-12T15:33:09","date_gmt":"2015-05-12T15:33:09","guid":{"rendered":"https:\/\/www.united-europe.eu\/?p=3926"},"modified":"2016-02-15T22:03:15","modified_gmt":"2016-02-15T22:03:15","slug":"leonhard-birnbaum-uber-europa-und-die-energiewenden","status":"publish","type":"post","link":"https:\/\/www.united-europe.eu\/de\/2015\/05\/leonhard-birnbaum-uber-europa-und-die-energiewenden\/","title":{"rendered":"Leonhard Birnbaum \u00fcber Europa und die Energiewenden"},"content":{"rendered":"<figure id=\"attachment_3898\" aria-describedby=\"caption-attachment-3898\" style=\"width: 300px\" class=\"wp-caption alignright\"><a href=\"https:\/\/www.united-europe.eu\/wp-content\/uploads\/2015\/05\/e.on_leonhard_birnbaum_mediencenter01_300_0713_01.jpg\"><img loading=\"lazy\" decoding=\"async\" class=\"wp-image-3898 size-medium\" src=\"https:\/\/www.united-europe.eu\/wp-content\/uploads\/2015\/05\/e.on_leonhard_birnbaum_mediencenter01_300_0713_01-300x200.jpg\" alt=\"e.on_se_vorstand_2013\" width=\"300\" height=\"200\" srcset=\"https:\/\/www.united-europe.eu\/wp-content\/uploads\/2015\/05\/e.on_leonhard_birnbaum_mediencenter01_300_0713_01-300x200.jpg 300w, https:\/\/www.united-europe.eu\/wp-content\/uploads\/2015\/05\/e.on_leonhard_birnbaum_mediencenter01_300_0713_01-800x534.jpg 800w, https:\/\/www.united-europe.eu\/wp-content\/uploads\/2015\/05\/e.on_leonhard_birnbaum_mediencenter01_300_0713_01-450x300.jpg 450w, https:\/\/www.united-europe.eu\/wp-content\/uploads\/2015\/05\/e.on_leonhard_birnbaum_mediencenter01_300_0713_01-320x213.jpg 320w, https:\/\/www.united-europe.eu\/wp-content\/uploads\/2015\/05\/e.on_leonhard_birnbaum_mediencenter01_300_0713_01-560x374.jpg 560w, https:\/\/www.united-europe.eu\/wp-content\/uploads\/2015\/05\/e.on_leonhard_birnbaum_mediencenter01_300_0713_01-633x422.jpg 633w, https:\/\/www.united-europe.eu\/wp-content\/uploads\/2015\/05\/e.on_leonhard_birnbaum_mediencenter01_300_0713_01-150x100.jpg 150w, https:\/\/www.united-europe.eu\/wp-content\/uploads\/2015\/05\/e.on_leonhard_birnbaum_mediencenter01_300_0713_01-640x427.jpg 640w, https:\/\/www.united-europe.eu\/wp-content\/uploads\/2015\/05\/e.on_leonhard_birnbaum_mediencenter01_300_0713_01-180x120.jpg 180w, https:\/\/www.united-europe.eu\/wp-content\/uploads\/2015\/05\/e.on_leonhard_birnbaum_mediencenter01_300_0713_01.jpg 1000w\" sizes=\"auto, (max-width: 300px) 100vw, 300px\" \/><\/a><figcaption id=\"caption-attachment-3898\" class=\"wp-caption-text\">Dr. Leonhard Birnbaum, Mitglied des Vorstands der E.ON SE<\/figcaption><\/figure>\n<p>Die Energiewende ist kein deutsches Ph\u00e4nomen. F\u00fcr die Verbraucher in Deutschland mag sie besonders teuer ausfallen, aber besonders einzigartig ist sie nicht. Energiewenden finden \u00fcberall auf der Welt statt.<\/p>\n<p>Der eigentliche Treiber dieser Energiewenden ist nicht die Politik, sondern technische Innovationen: erneuerbare Energien, Fracking, leistungsf\u00e4hige Speicher, die Digitalisierung der Netze und der Energiewirtschaft im Allgemeinen. Deswegen werden die Energiewenden auch weitergehen, egal, was die Politik macht.<\/p>\n<p>Wo Politik aber sehr wohl einen Unterschied machen kann, ist bei den Rahmenbedingungen. Wenn wir in Europa \u00fcber Energiepolitik nachdenken, sollten wir \u00fcberlegen, wie wir die Voraussetzung f\u00fcr Innovationen schaffen.<\/p>\n<p>Wir brauchen keine Mikro-Regulierung, weder von Br\u00fcssel noch aus den nationalen Hauptst\u00e4dten. Europa sollte nicht versuchen, die Zukunft zu planen, sondern sich darauf konzentrieren, Innovationen zu erm\u00f6glichen.<\/p>\n<p>Wenn uns das gelingt, dann bringen wir nicht nur den Energie-Sektor voran, sondern alle Wirtschaftsbereiche. Mit nachhaltigen Innovationen in der Energieversorgung k\u00f6nnen wir viel dazu beitragen, Europa seinen Platz in der Welt zu sichern.<\/p>\n","protected":false},"excerpt":{"rendered":"<p>Die Energiewende ist kein deutsches Ph\u00e4nomen. F\u00fcr die Verbraucher in Deutschland mag sie besonders teuer ausfallen, aber besonders einzigartig ist sie nicht. Energiewenden finden \u00fcberall auf der Welt statt. Der&hellip;<\/p>\n","protected":false},"author":16,"featured_media":3907,"comment_status":"open","ping_status":"closed","sticky":false,"template":"","format":"standard","meta":{"_acf_changed":false,"footnotes":""},"categories":[641],"tags":[448,432],"powerkit_post_featured":[],"class_list":{"0":"post-3926","1":"post","2":"type-post","3":"status-publish","4":"format-standard","5":"has-post-thumbnail","7":"category-prominente-meinungen","8":"tag-energie","9":"tag-energy-de"},"acf":[],"aioseo_notices":[],"_links":{"self":[{"href":"https:\/\/www.united-europe.eu\/de\/wp-json\/wp\/v2\/posts\/3926","targetHints":{"allow":["GET"]}}],"collection":[{"href":"https:\/\/www.united-europe.eu\/de\/wp-json\/wp\/v2\/posts"}],"about":[{"href":"https:\/\/www.united-europe.eu\/de\/wp-json\/wp\/v2\/types\/post"}],"author":[{"embeddable":true,"href":"https:\/\/www.united-europe.eu\/de\/wp-json\/wp\/v2\/users\/16"}],"replies":[{"embeddable":true,"href":"https:\/\/www.united-europe.eu\/de\/wp-json\/wp\/v2\/comments?post=3926"}],"version-history":[{"count":2,"href":"https:\/\/www.united-europe.eu\/de\/wp-json\/wp\/v2\/posts\/3926\/revisions"}],"predecessor-version":[{"id":3930,"href":"https:\/\/www.united-europe.eu\/de\/wp-json\/wp\/v2\/posts\/3926\/revisions\/3930"}],"wp:featuredmedia":[{"embeddable":true,"href":"https:\/\/www.united-europe.eu\/de\/wp-json\/wp\/v2\/media\/3907"}],"wp:attachment":[{"href":"https:\/\/www.united-europe.eu\/de\/wp-json\/wp\/v2\/media?parent=3926"}],"wp:term":[{"taxonomy":"category","embeddable":true,"href":"https:\/\/www.united-europe.eu\/de\/wp-json\/wp\/v2\/categories?post=3926"},{"taxonomy":"post_tag","embeddable":true,"href":"https:\/\/www.united-europe.eu\/de\/wp-json\/wp\/v2\/tags?post=3926"},{"taxonomy":"powerkit_post_featured","embeddable":true,"href":"https:\/\/www.united-europe.eu\/de\/wp-json\/wp\/v2\/powerkit_post_featured?post=3926"}],"curies":[{"name":"wp","href":"https:\/\/api.w.org\/{rel}","templated":true}]}}