{"id":26050,"date":"2026-01-06T10:22:11","date_gmt":"2026-01-06T09:22:11","guid":{"rendered":"https:\/\/www.united-europe.eu\/?p=26050"},"modified":"2026-01-06T10:33:29","modified_gmt":"2026-01-06T09:33:29","slug":"virtuelles-neujahrs-briefing-mit-guenther-h-oettinger","status":"publish","type":"post","link":"https:\/\/www.united-europe.eu\/de\/2026\/01\/virtuelles-neujahrs-briefing-mit-guenther-h-oettinger\/","title":{"rendered":"VIRTUELLES NEUJAHRS BRIEFING mit G\u00fcnther H. Oettinger"},"content":{"rendered":"<div class=\"flex flex-col text-sm pb-25\">\n<article class=\"text-token-text-primary w-full focus:outline-none [--shadow-height:45px] has-data-writing-block:pointer-events-none has-data-writing-block:-mt-(--shadow-height) has-data-writing-block:pt-(--shadow-height) [&amp;:has([data-writing-block])&gt;*]:pointer-events-auto scroll-mt-[calc(var(--header-height)+min(200px,max(70px,20svh)))]\" dir=\"auto\" tabindex=\"-1\" data-turn-id=\"request-WEB:33c5f7ab-b132-41a2-98cc-b716488fb3a9-10\" data-testid=\"conversation-turn-18\" data-scroll-anchor=\"true\" data-turn=\"assistant\">\n<div class=\"text-base my-auto mx-auto pb-10 [--thread-content-margin:--spacing(4)] @w-sm\/main:[--thread-content-margin:--spacing(6)] @w-lg\/main:[--thread-content-margin:--spacing(16)] px-(--thread-content-margin)\">\n<div class=\"[--thread-content-max-width:40rem] @w-lg\/main:[--thread-content-max-width:48rem] mx-auto max-w-(--thread-content-max-width) flex-1 group\/turn-messages focus-visible:outline-hidden relative flex w-full min-w-0 flex-col agent-turn\" tabindex=\"-1\">\n<div class=\"flex max-w-full flex-col grow\">\n<div class=\"min-h-8 text-message relative flex w-full flex-col items-end gap-2 text-start break-words whitespace-normal [.text-message+&amp;]:mt-1\" dir=\"auto\" data-message-author-role=\"assistant\" data-message-id=\"0225b53f-82e9-44c2-ba4a-78b988e61644\" data-message-model-slug=\"gpt-5-2\">\n<div class=\"flex w-full flex-col gap-1 empty:hidden first:pt-[1px]\">\n<div class=\"markdown prose dark:prose-invert w-full break-words light markdown-new-styling\">\n<p data-start=\"0\" data-end=\"206\"><strong>&#8222;Verteidigungsf\u00e4higkeit und Wettbewerbsf\u00e4higkeit &#8211; Wie kann sich Europa im neuen Jahr behaupten?&#8220;<\/strong><\/p>\n<p data-start=\"0\" data-end=\"206\">Zunehmende geopolitische Spannungen und ein sich versch\u00e4rfender globaler Wettbewerb fordern, dass Europa seine Verteidigungsf\u00e4higkeiten st\u00e4rken und zugleich seine wirtschaftliche Wettbewerbsf\u00e4higkeit sichern muss.<\/p>\n<p data-start=\"208\" data-end=\"430\">Echte strategische Autonomie wird nicht von selbst entstehen. Sie erfordert eine engere Zusammenarbeit zwischen den Mitgliedstaaten sowie nachhaltige Investitionen in Innovation, Sicherheit und industrielle Kapazit\u00e4ten.<\/p>\n<p data-start=\"432\" data-end=\"528\">Kurz gesagt:<br data-start=\"444\" data-end=\"447\" \/>eine klare Abstimmung zwischen Industrie-, Technologie- und Verteidigungspolitik.<\/p>\n<p data-start=\"530\" data-end=\"740\"><strong data-start=\"530\" data-end=\"562\">2026 wird entscheidend sein.<\/strong> Europa muss beweisen, dass es in der Lage ist, Ambitionen in Resilienz zu \u00fcbersetzen \u2013 und seine Rolle als starker, glaubw\u00fcrdiger und verl\u00e4sslicher globaler Akteur zu behaupten.<\/p>\n<p data-start=\"742\" data-end=\"997\">Als wichtige Akteure bei der Gestaltung Europas freuen wir uns, Sie zu einem virtuellen Neujahrsbriefing zum Thema<br data-start=\"856\" data-end=\"859\" \/><strong data-start=\"859\" data-end=\"954\">\u201eVerteidigungsf\u00e4higkeit und Wettbewerbsf\u00e4higkeit \u2013 wie kann Europa im neuen Jahr bestehen?\u201c<\/strong><br data-start=\"954\" data-end=\"957\" \/>mit <strong data-start=\"961\" data-end=\"985\">G\u00fcnther H. Oettinger<\/strong> einzuladen.<\/p>\n<p data-start=\"999\" data-end=\"1122\"><strong data-start=\"999\" data-end=\"1009\">DATUM:<\/strong> Donnerstag, 15. Januar 2026<br data-start=\"1037\" data-end=\"1040\" \/><strong data-start=\"1040\" data-end=\"1049\">ZEIT:<\/strong> 17.00 bis 18.00 Uhr (MEZ)<br data-start=\"1075\" data-end=\"1078\" \/><strong data-start=\"1078\" data-end=\"1089\">FORMAT:<\/strong> Virtuelle Veranstaltung via Zoom<\/p>\n<p data-start=\"1124\" data-end=\"1195\">\ud83d\udce7 <strong data-start=\"1127\" data-end=\"1171\">Bitte melden Sie Ihr Interesse an unter:<\/strong> <a class=\"decorated-link cursor-pointer\" rel=\"noopener\" data-start=\"1172\" data-end=\"1195\">events@united-europe.eu<\/a><\/p>\n<p data-start=\"1197\" data-end=\"1358\" data-is-last-node=\"\" data-is-only-node=\"\">Wir freuen uns auf Ihre aktive Teilnahme und wertvollen Beitr\u00e4ge zu diesem wichtigen Austausch und w\u00fcnschen Ihnen ein gesundes und erfolgreiches neues Jahr 2026!<\/p>\n<\/div>\n<\/div>\n<\/div>\n<\/div>\n<div class=\"z-0 flex min-h-[46px] justify-start\"><\/div>\n<div class=\"mt-3 w-full empty:hidden\">\n<div class=\"text-center\"><\/div>\n<\/div>\n<\/div>\n<\/div>\n<\/article>\n<\/div>\n<div class=\"pointer-events-none h-px w-px absolute bottom-0\" aria-hidden=\"true\" data-edge=\"true\"><\/div>\n","protected":false},"excerpt":{"rendered":"<p>&#8222;Verteidigungsf\u00e4higkeit und Wettbewerbsf\u00e4higkeit &#8211; Wie kann sich Europa im neuen Jahr behaupten?&#8220; Zunehmende geopolitische Spannungen und ein sich versch\u00e4rfender globaler Wettbewerb fordern, dass Europa seine Verteidigungsf\u00e4higkeiten st\u00e4rken und zugleich seine&hellip;<\/p>\n","protected":false},"author":31,"featured_media":26052,"comment_status":"closed","ping_status":"closed","sticky":false,"template":"","format":"standard","meta":{"_acf_changed":false,"footnotes":""},"categories":[620],"tags":[],"powerkit_post_featured":[],"class_list":{"0":"post-26050","1":"post","2":"type-post","3":"status-publish","4":"format-standard","5":"has-post-thumbnail","7":"category-news-de"},"acf":[],"aioseo_notices":[],"_links":{"self":[{"href":"https:\/\/www.united-europe.eu\/de\/wp-json\/wp\/v2\/posts\/26050","targetHints":{"allow":["GET"]}}],"collection":[{"href":"https:\/\/www.united-europe.eu\/de\/wp-json\/wp\/v2\/posts"}],"about":[{"href":"https:\/\/www.united-europe.eu\/de\/wp-json\/wp\/v2\/types\/post"}],"author":[{"embeddable":true,"href":"https:\/\/www.united-europe.eu\/de\/wp-json\/wp\/v2\/users\/31"}],"replies":[{"embeddable":true,"href":"https:\/\/www.united-europe.eu\/de\/wp-json\/wp\/v2\/comments?post=26050"}],"version-history":[{"count":3,"href":"https:\/\/www.united-europe.eu\/de\/wp-json\/wp\/v2\/posts\/26050\/revisions"}],"predecessor-version":[{"id":26055,"href":"https:\/\/www.united-europe.eu\/de\/wp-json\/wp\/v2\/posts\/26050\/revisions\/26055"}],"wp:featuredmedia":[{"embeddable":true,"href":"https:\/\/www.united-europe.eu\/de\/wp-json\/wp\/v2\/media\/26052"}],"wp:attachment":[{"href":"https:\/\/www.united-europe.eu\/de\/wp-json\/wp\/v2\/media?parent=26050"}],"wp:term":[{"taxonomy":"category","embeddable":true,"href":"https:\/\/www.united-europe.eu\/de\/wp-json\/wp\/v2\/categories?post=26050"},{"taxonomy":"post_tag","embeddable":true,"href":"https:\/\/www.united-europe.eu\/de\/wp-json\/wp\/v2\/tags?post=26050"},{"taxonomy":"powerkit_post_featured","embeddable":true,"href":"https:\/\/www.united-europe.eu\/de\/wp-json\/wp\/v2\/powerkit_post_featured?post=26050"}],"curies":[{"name":"wp","href":"https:\/\/api.w.org\/{rel}","templated":true}]}}