{"id":26032,"date":"2025-12-16T16:30:15","date_gmt":"2025-12-16T15:30:15","guid":{"rendered":"https:\/\/www.united-europe.eu\/?p=26032"},"modified":"2025-12-16T18:03:27","modified_gmt":"2025-12-16T17:03:27","slug":"rueckblick-podiumsdiskussion-die-eu-die-usa-und-der-westen-welche-lehren-ziehen-wir-fuer-die-zukunft","status":"publish","type":"post","link":"https:\/\/www.united-europe.eu\/de\/2025\/12\/rueckblick-podiumsdiskussion-die-eu-die-usa-und-der-westen-welche-lehren-ziehen-wir-fuer-die-zukunft\/","title":{"rendered":"R\u00fcckblick: Podiumsdiskussion \u201eDie EU, die USA und der Westen \u2013 Welche Lehren ziehen wir f\u00fcr die Zukunft?\u201c"},"content":{"rendered":"<p data-start=\"119\" data-end=\"425\">Vor der Kulisse des <strong data-start=\"139\" data-end=\"171\">Brandenburger Tors in Berlin<\/strong> brachte diese hochrangige Veranstaltung f\u00fchrende Stimmen zusammen, um \u00fcber die Zukunft der transatlantischen Beziehungen, die europ\u00e4ische Sicherheit und die Wettbewerbsf\u00e4higkeit in einer sich rasant ver\u00e4ndernden geopolitischen Landschaft zu diskutieren.<\/p>\n<p data-start=\"427\" data-end=\"812\"><img loading=\"lazy\" decoding=\"async\" class=\"wp-image-26014 alignleft\" src=\"https:\/\/www.united-europe.eu\/wp-content\/uploads\/2025\/12\/55A5558-800x533.jpg\" alt=\"\" width=\"377\" height=\"252\" srcset=\"https:\/\/www.united-europe.eu\/wp-content\/uploads\/2025\/12\/55A5558-800x533.jpg 800w, https:\/\/www.united-europe.eu\/wp-content\/uploads\/2025\/12\/55A5558-1160x773.jpg 1160w, https:\/\/www.united-europe.eu\/wp-content\/uploads\/2025\/12\/55A5558-1536x1024.jpg 1536w, https:\/\/www.united-europe.eu\/wp-content\/uploads\/2025\/12\/55A5558-120x80.jpg 120w, https:\/\/www.united-europe.eu\/wp-content\/uploads\/2025\/12\/55A5558-90x60.jpg 90w, https:\/\/www.united-europe.eu\/wp-content\/uploads\/2025\/12\/55A5558-320x213.jpg 320w, https:\/\/www.united-europe.eu\/wp-content\/uploads\/2025\/12\/55A5558-560x373.jpg 560w, https:\/\/www.united-europe.eu\/wp-content\/uploads\/2025\/12\/55A5558-1920x1280.jpg 1920w, https:\/\/www.united-europe.eu\/wp-content\/uploads\/2025\/12\/55A5558-633x422.jpg 633w, https:\/\/www.united-europe.eu\/wp-content\/uploads\/2025\/12\/55A5558-150x100.jpg 150w, https:\/\/www.united-europe.eu\/wp-content\/uploads\/2025\/12\/55A5558-220x147.jpg 220w, https:\/\/www.united-europe.eu\/wp-content\/uploads\/2025\/12\/55A5558-240x160.jpg 240w, https:\/\/www.united-europe.eu\/wp-content\/uploads\/2025\/12\/55A5558-180x120.jpg 180w, https:\/\/www.united-europe.eu\/wp-content\/uploads\/2025\/12\/55A5558-640x427.jpg 640w, https:\/\/www.united-europe.eu\/wp-content\/uploads\/2025\/12\/55A5558-1120x746.jpg 1120w, https:\/\/www.united-europe.eu\/wp-content\/uploads\/2025\/12\/55A5558-1600x1066.jpg 1600w, https:\/\/www.united-europe.eu\/wp-content\/uploads\/2025\/12\/55A5558-1266x844.jpg 1266w, https:\/\/www.united-europe.eu\/wp-content\/uploads\/2025\/12\/55A5558-300x200.jpg 300w, https:\/\/www.united-europe.eu\/wp-content\/uploads\/2025\/12\/55A5558-440x293.jpg 440w, https:\/\/www.united-europe.eu\/wp-content\/uploads\/2025\/12\/55A5558.jpg 2000w\" sizes=\"auto, (max-width: 377px) 100vw, 377px\" \/>Der Abend wurde gepr\u00e4gt von <strong data-start=\"455\" data-end=\"472\">zwei Keynotes<\/strong> des <strong data-start=\"477\" data-end=\"532\">Pr\u00e4sidenten von United Europe, G\u00fcnther H. Oettinger<\/strong>, sowie der <strong data-start=\"544\" data-end=\"637\">stellvertretenden Leiterin der Vertretung der Europ\u00e4ischen Kommission, Frau Gosia Binczyk<\/strong>, die den strategischen Rahmen f\u00fcr eine vertiefte Debatte \u00fcber Europas Rolle zwischen den Vereinigten Staaten, globalen Machtverschiebungen und innerer Transformation setzten.<\/p>\n<p data-start=\"814\" data-end=\"885\">Die <strong data-start=\"818\" data-end=\"839\">Podiumsdiskussion<\/strong>, moderiert von <strong data-start=\"855\" data-end=\"874\">Dr. Laura Hirvi<\/strong>, umfasste:<\/p>\n<ul data-start=\"887\" data-end=\"1058\">\n<li data-start=\"887\" data-end=\"940\">\n<p data-start=\"889\" data-end=\"940\"><strong data-start=\"889\" data-end=\"916\">Cathryn Cl\u00fcver Ashbrook<\/strong>, Bertelsmann Stiftung<\/p>\n<\/li>\n<li data-start=\"941\" data-end=\"1009\">\n<p data-start=\"943\" data-end=\"1009\"><strong data-start=\"943\" data-end=\"966\">Wolfgang Niedermark<\/strong>, Mitglied der Hauptgesch\u00e4ftsf\u00fchrung, BDI<\/p>\n<\/li>\n<li data-start=\"1010\" data-end=\"1058\">\n<p data-start=\"1012\" data-end=\"1058\"><strong data-start=\"1012\" data-end=\"1028\">Felix Herter<\/strong>, Managing Director, Eurazeo<\/p>\n<\/li>\n<\/ul>\n<p data-start=\"1060\" data-end=\"1351\">Die Diskussion unterstrich die dringende Notwendigkeit einer klaren europ\u00e4ischen Strategie, die Sicherheit, wirtschaftliche Resilienz, Innovation und demokratischen Zusammenhalt miteinander verbindet, um vom reaktiven Handeln zu einer proaktiven F\u00fchrungsrolle auf globaler Ebene zu gelangen.<\/p>\n<h2 id=\"1-rueckblick-die-vereinigten-staaten-als-pfeiler-europaeischer-sicherheit\" data-start=\"1358\" data-end=\"1434\">1. R\u00fcckblick: Die Vereinigten Staaten als Pfeiler europ\u00e4ischer Sicherheit<img loading=\"lazy\" decoding=\"async\" class=\" wp-image-26016 alignright\" src=\"https:\/\/www.united-europe.eu\/wp-content\/uploads\/2025\/12\/55A5281-800x533.jpg\" alt=\"\" width=\"360\" height=\"240\" srcset=\"https:\/\/www.united-europe.eu\/wp-content\/uploads\/2025\/12\/55A5281-800x533.jpg 800w, https:\/\/www.united-europe.eu\/wp-content\/uploads\/2025\/12\/55A5281-1160x773.jpg 1160w, https:\/\/www.united-europe.eu\/wp-content\/uploads\/2025\/12\/55A5281-1536x1024.jpg 1536w, https:\/\/www.united-europe.eu\/wp-content\/uploads\/2025\/12\/55A5281-120x80.jpg 120w, https:\/\/www.united-europe.eu\/wp-content\/uploads\/2025\/12\/55A5281-90x60.jpg 90w, https:\/\/www.united-europe.eu\/wp-content\/uploads\/2025\/12\/55A5281-320x213.jpg 320w, https:\/\/www.united-europe.eu\/wp-content\/uploads\/2025\/12\/55A5281-560x373.jpg 560w, https:\/\/www.united-europe.eu\/wp-content\/uploads\/2025\/12\/55A5281-1920x1280.jpg 1920w, https:\/\/www.united-europe.eu\/wp-content\/uploads\/2025\/12\/55A5281-633x422.jpg 633w, https:\/\/www.united-europe.eu\/wp-content\/uploads\/2025\/12\/55A5281-150x100.jpg 150w, https:\/\/www.united-europe.eu\/wp-content\/uploads\/2025\/12\/55A5281-220x147.jpg 220w, https:\/\/www.united-europe.eu\/wp-content\/uploads\/2025\/12\/55A5281-240x160.jpg 240w, https:\/\/www.united-europe.eu\/wp-content\/uploads\/2025\/12\/55A5281-180x120.jpg 180w, https:\/\/www.united-europe.eu\/wp-content\/uploads\/2025\/12\/55A5281-640x427.jpg 640w, https:\/\/www.united-europe.eu\/wp-content\/uploads\/2025\/12\/55A5281-1120x746.jpg 1120w, https:\/\/www.united-europe.eu\/wp-content\/uploads\/2025\/12\/55A5281-1600x1066.jpg 1600w, https:\/\/www.united-europe.eu\/wp-content\/uploads\/2025\/12\/55A5281-1266x844.jpg 1266w, https:\/\/www.united-europe.eu\/wp-content\/uploads\/2025\/12\/55A5281-300x200.jpg 300w, https:\/\/www.united-europe.eu\/wp-content\/uploads\/2025\/12\/55A5281-440x293.jpg 440w, https:\/\/www.united-europe.eu\/wp-content\/uploads\/2025\/12\/55A5281.jpg 2000w\" sizes=\"auto, (max-width: 360px) 100vw, 360px\" \/><\/h2>\n<p data-start=\"1436\" data-end=\"2011\"><strong data-start=\"1436\" data-end=\"1460\">G\u00fcnther H. Oettinger<\/strong> betonte, dass Deutschland und Europa historisch in hohem Ma\u00dfe von der sicherheitspolitischen und wirtschaftlichen Unterst\u00fctzung der USA profitiert haben \u2013 vom Wiederaufbau nach dem Zweiten Weltkrieg \u00fcber die Wiedervereinigung Berlins bis hin zu umfangreichen amerikanischen Investitionen. Heute sei jedoch klar: Europa m\u00fcsse eigenst\u00e4ndigere Sicherheitsf\u00e4higkeiten aufbauen. Die j\u00fcngste Nationale Sicherheitsstrategie der USA sei ein letzter Weckruf, die Verteidigungsausgaben zu erh\u00f6hen und mehr Verantwortung f\u00fcr die eigene Sicherheit zu \u00fcbernehmen.<\/p>\n<h2 id=\"2-europa-zwischen-alten-allianzen-und-neuen-realitaeten\" data-start=\"2018\" data-end=\"2076\">2. Europa zwischen alten Allianzen und neuen Realit\u00e4ten<\/h2>\n<p data-start=\"2078\" data-end=\"2474\">Europa sollte die transatlantische Partnerschaft weiter pflegen, m\u00fcsse jedoch gleichzeitig seine strategischen Beziehungen diversifizieren \u2013 etwa durch eine engere Zusammenarbeit mit L\u00e4ndern wie Japan, Australien, S\u00fcdkorea, den westlichen Balkanl\u00e4ndern und dem Vereinigten K\u00f6nigreich. Der globale Systemkonflikt zwischen \u201eDemokratie und Autokratie\u201c erfordere eine koh\u00e4rente europ\u00e4ische Strategie.<\/p>\n<h2 id=\"3-der-amerikanische-weckruf-politische-verschiebungen-in-den-usa-betreffen-europa-direkt\" data-start=\"2481\" data-end=\"2577\"><img loading=\"lazy\" decoding=\"async\" class=\" wp-image-26022 alignleft\" src=\"https:\/\/www.united-europe.eu\/wp-content\/uploads\/2025\/12\/55A5447-800x533.jpg\" alt=\"\" width=\"330\" height=\"220\" srcset=\"https:\/\/www.united-europe.eu\/wp-content\/uploads\/2025\/12\/55A5447-800x533.jpg 800w, https:\/\/www.united-europe.eu\/wp-content\/uploads\/2025\/12\/55A5447-1160x773.jpg 1160w, https:\/\/www.united-europe.eu\/wp-content\/uploads\/2025\/12\/55A5447-1536x1024.jpg 1536w, https:\/\/www.united-europe.eu\/wp-content\/uploads\/2025\/12\/55A5447-120x80.jpg 120w, https:\/\/www.united-europe.eu\/wp-content\/uploads\/2025\/12\/55A5447-90x60.jpg 90w, https:\/\/www.united-europe.eu\/wp-content\/uploads\/2025\/12\/55A5447-320x213.jpg 320w, https:\/\/www.united-europe.eu\/wp-content\/uploads\/2025\/12\/55A5447-560x373.jpg 560w, https:\/\/www.united-europe.eu\/wp-content\/uploads\/2025\/12\/55A5447-1920x1280.jpg 1920w, https:\/\/www.united-europe.eu\/wp-content\/uploads\/2025\/12\/55A5447-633x422.jpg 633w, https:\/\/www.united-europe.eu\/wp-content\/uploads\/2025\/12\/55A5447-150x100.jpg 150w, https:\/\/www.united-europe.eu\/wp-content\/uploads\/2025\/12\/55A5447-220x147.jpg 220w, https:\/\/www.united-europe.eu\/wp-content\/uploads\/2025\/12\/55A5447-240x160.jpg 240w, https:\/\/www.united-europe.eu\/wp-content\/uploads\/2025\/12\/55A5447-180x120.jpg 180w, https:\/\/www.united-europe.eu\/wp-content\/uploads\/2025\/12\/55A5447-640x427.jpg 640w, https:\/\/www.united-europe.eu\/wp-content\/uploads\/2025\/12\/55A5447-1120x746.jpg 1120w, https:\/\/www.united-europe.eu\/wp-content\/uploads\/2025\/12\/55A5447-1600x1066.jpg 1600w, https:\/\/www.united-europe.eu\/wp-content\/uploads\/2025\/12\/55A5447-1266x844.jpg 1266w, https:\/\/www.united-europe.eu\/wp-content\/uploads\/2025\/12\/55A5447-300x200.jpg 300w, https:\/\/www.united-europe.eu\/wp-content\/uploads\/2025\/12\/55A5447-440x293.jpg 440w, https:\/\/www.united-europe.eu\/wp-content\/uploads\/2025\/12\/55A5447.jpg 2000w\" sizes=\"auto, (max-width: 330px) 100vw, 330px\" \/>3. \u201eDer amerikanische Weckruf\u201c \u2013 Politische Verschiebungen in den USA betreffen Europa direkt<\/h2>\n<p data-start=\"2579\" data-end=\"2719\"><strong data-start=\"2579\" data-end=\"2606\">Cathryn Cl\u00fcver Ashbrook<\/strong>, Autorin von <em data-start=\"2620\" data-end=\"2649\">\u201eDer amerikanische Weckruf\u201c<\/em>, skizzierte die politischen Ver\u00e4nderungen in den Vereinigten Staaten:<\/p>\n<ul data-start=\"2721\" data-end=\"3333\">\n<li data-start=\"2721\" data-end=\"2867\">\n<p data-start=\"2723\" data-end=\"2867\">Die strategische Neuausrichtung sei seit Jahren erkennbar: Project 2025, die Rede von JD Vance sowie neue au\u00dfenpolitische Priorit\u00e4ten der USA.<\/p>\n<\/li>\n<li data-start=\"2868\" data-end=\"3003\">\n<p data-start=\"2870\" data-end=\"3003\">China werde als zentraler Herausforderer benannt, Russland als akute Bedrohung \u2013 Europa verliere dabei an geopolitischer Priorit\u00e4t.<\/p>\n<\/li>\n<li data-start=\"3004\" data-end=\"3107\">\n<p data-start=\"3006\" data-end=\"3107\"><strong data-start=\"3006\" data-end=\"3022\">Steve Bannon<\/strong> \u00e4u\u00dfere offen, die USA h\u00e4tten \u201e80 Jahre lang auf den falschen Verb\u00fcndeten gesetzt\u201c.<\/p>\n<\/li>\n<li data-start=\"3108\" data-end=\"3222\">\n<p data-start=\"3110\" data-end=\"3222\">Offizielle Dokumente und politische Kommunikation zeigten zunehmend einen neo-kolonialen Ton gegen\u00fcber Europa.<\/p>\n<\/li>\n<li data-start=\"3223\" data-end=\"3333\">\n<p data-start=\"3225\" data-end=\"3333\">Finanzielle Mittel aus den USA und aus Russland fl\u00f6ssen verst\u00e4rkt in rechtspopulistische Parteien in Europa.<\/p>\n<\/li>\n<\/ul>\n<p data-start=\"3335\" data-end=\"3497\">Europa k\u00f6nne es sich nicht l\u00e4nger leisten, diese Signale zu ignorieren, betonte Cl\u00fcver Ashbrook. Reaktion allein reiche nicht aus \u2013 Europa m\u00fcsse proaktiv handeln.<\/p>\n<h2 id=\"4-wirtschaft-pessimismus-unsicherheit-und-neue-chancen\" data-start=\"3504\" data-end=\"3566\">4. Wirtschaft: Pessimismus, Unsicherheit \u2013 und neue Chancen<img loading=\"lazy\" decoding=\"async\" class=\" wp-image-26026 alignright\" src=\"https:\/\/www.united-europe.eu\/wp-content\/uploads\/2025\/12\/55A5401-800x533.jpg\" alt=\"\" width=\"392\" height=\"261\" srcset=\"https:\/\/www.united-europe.eu\/wp-content\/uploads\/2025\/12\/55A5401-800x533.jpg 800w, https:\/\/www.united-europe.eu\/wp-content\/uploads\/2025\/12\/55A5401-1160x773.jpg 1160w, https:\/\/www.united-europe.eu\/wp-content\/uploads\/2025\/12\/55A5401-1536x1024.jpg 1536w, https:\/\/www.united-europe.eu\/wp-content\/uploads\/2025\/12\/55A5401-120x80.jpg 120w, https:\/\/www.united-europe.eu\/wp-content\/uploads\/2025\/12\/55A5401-90x60.jpg 90w, https:\/\/www.united-europe.eu\/wp-content\/uploads\/2025\/12\/55A5401-320x213.jpg 320w, https:\/\/www.united-europe.eu\/wp-content\/uploads\/2025\/12\/55A5401-560x373.jpg 560w, https:\/\/www.united-europe.eu\/wp-content\/uploads\/2025\/12\/55A5401-1920x1280.jpg 1920w, https:\/\/www.united-europe.eu\/wp-content\/uploads\/2025\/12\/55A5401-633x422.jpg 633w, https:\/\/www.united-europe.eu\/wp-content\/uploads\/2025\/12\/55A5401-150x100.jpg 150w, https:\/\/www.united-europe.eu\/wp-content\/uploads\/2025\/12\/55A5401-220x147.jpg 220w, https:\/\/www.united-europe.eu\/wp-content\/uploads\/2025\/12\/55A5401-240x160.jpg 240w, https:\/\/www.united-europe.eu\/wp-content\/uploads\/2025\/12\/55A5401-180x120.jpg 180w, https:\/\/www.united-europe.eu\/wp-content\/uploads\/2025\/12\/55A5401-640x427.jpg 640w, https:\/\/www.united-europe.eu\/wp-content\/uploads\/2025\/12\/55A5401-1120x746.jpg 1120w, https:\/\/www.united-europe.eu\/wp-content\/uploads\/2025\/12\/55A5401-1600x1066.jpg 1600w, https:\/\/www.united-europe.eu\/wp-content\/uploads\/2025\/12\/55A5401-1266x844.jpg 1266w, https:\/\/www.united-europe.eu\/wp-content\/uploads\/2025\/12\/55A5401-300x200.jpg 300w, https:\/\/www.united-europe.eu\/wp-content\/uploads\/2025\/12\/55A5401-440x293.jpg 440w, https:\/\/www.united-europe.eu\/wp-content\/uploads\/2025\/12\/55A5401.jpg 2000w\" sizes=\"auto, (max-width: 392px) 100vw, 392px\" \/><\/h2>\n<p data-start=\"3568\" data-end=\"3736\"><strong data-start=\"3568\" data-end=\"3597\">Wolfgang Niedermark (BDI)<\/strong> und <strong data-start=\"3602\" data-end=\"3628\">Felix Herter (Eurazeo)<\/strong> beschrieben, wie geopolitische Verschiebungen und Marktvolatilit\u00e4t die wirtschaftliche Lage Europas pr\u00e4gen:<\/p>\n<ul data-start=\"3738\" data-end=\"4378\">\n<li data-start=\"3738\" data-end=\"3904\">\n<p data-start=\"3740\" data-end=\"3904\">Viele Investoren ziehen sich aus gro\u00dfen Eigenkapitalinvestitionen in den USA zur\u00fcck, w\u00e4hrend nachhaltige europ\u00e4ische Anlagen f\u00fcr US-Investoren attraktiver werden.<\/p>\n<\/li>\n<li data-start=\"3905\" data-end=\"4081\">\n<p data-start=\"3907\" data-end=\"4081\">Europas Innovationspotenzial sei vorhanden, werde jedoch h\u00e4ufig durch das regulatorische Umfeld ausgebremst. <em data-start=\"4016\" data-end=\"4079\">\u201eDie EU darf nicht zum Silicon Valley der B\u00fcrokratie werden.\u201c<\/em><\/p>\n<\/li>\n<li data-start=\"4082\" data-end=\"4253\">\n<p data-start=\"4084\" data-end=\"4253\">Das Vertrauen von Industrie und Familienunternehmen in die Europ\u00e4ische Union nehme ab; viele orientierten sich zunehmend in Richtung T\u00fcrkei, Kanada, Afrika oder China.<\/p>\n<\/li>\n<li data-start=\"4254\" data-end=\"4378\">\n<p data-start=\"4256\" data-end=\"4378\">Europa m\u00fcsse seine Wettbewerbsf\u00e4higkeit st\u00e4rken \u2013 k\u00f6nne dies jedoch mit den heutigen EU-Strukturen allein nicht erreichen.<\/p>\n<\/li>\n<\/ul>\n<h2 id=\"5-strategische-neuausrichtung-innovation-verteidigung-und-neue-denkweisen\" data-start=\"4385\" data-end=\"4464\"><img loading=\"lazy\" decoding=\"async\" class=\" wp-image-26024 alignleft\" src=\"https:\/\/www.united-europe.eu\/wp-content\/uploads\/2025\/12\/55A5421-800x533.jpg\" alt=\"\" width=\"401\" height=\"267\" srcset=\"https:\/\/www.united-europe.eu\/wp-content\/uploads\/2025\/12\/55A5421-800x533.jpg 800w, https:\/\/www.united-europe.eu\/wp-content\/uploads\/2025\/12\/55A5421-1160x773.jpg 1160w, https:\/\/www.united-europe.eu\/wp-content\/uploads\/2025\/12\/55A5421-1536x1024.jpg 1536w, https:\/\/www.united-europe.eu\/wp-content\/uploads\/2025\/12\/55A5421-120x80.jpg 120w, https:\/\/www.united-europe.eu\/wp-content\/uploads\/2025\/12\/55A5421-90x60.jpg 90w, https:\/\/www.united-europe.eu\/wp-content\/uploads\/2025\/12\/55A5421-320x213.jpg 320w, https:\/\/www.united-europe.eu\/wp-content\/uploads\/2025\/12\/55A5421-560x373.jpg 560w, https:\/\/www.united-europe.eu\/wp-content\/uploads\/2025\/12\/55A5421-1920x1280.jpg 1920w, https:\/\/www.united-europe.eu\/wp-content\/uploads\/2025\/12\/55A5421-633x422.jpg 633w, https:\/\/www.united-europe.eu\/wp-content\/uploads\/2025\/12\/55A5421-150x100.jpg 150w, https:\/\/www.united-europe.eu\/wp-content\/uploads\/2025\/12\/55A5421-220x147.jpg 220w, https:\/\/www.united-europe.eu\/wp-content\/uploads\/2025\/12\/55A5421-240x160.jpg 240w, https:\/\/www.united-europe.eu\/wp-content\/uploads\/2025\/12\/55A5421-180x120.jpg 180w, https:\/\/www.united-europe.eu\/wp-content\/uploads\/2025\/12\/55A5421-640x427.jpg 640w, https:\/\/www.united-europe.eu\/wp-content\/uploads\/2025\/12\/55A5421-1120x746.jpg 1120w, https:\/\/www.united-europe.eu\/wp-content\/uploads\/2025\/12\/55A5421-1600x1066.jpg 1600w, https:\/\/www.united-europe.eu\/wp-content\/uploads\/2025\/12\/55A5421-1266x844.jpg 1266w, https:\/\/www.united-europe.eu\/wp-content\/uploads\/2025\/12\/55A5421-300x200.jpg 300w, https:\/\/www.united-europe.eu\/wp-content\/uploads\/2025\/12\/55A5421-440x293.jpg 440w, https:\/\/www.united-europe.eu\/wp-content\/uploads\/2025\/12\/55A5421.jpg 2000w\" sizes=\"auto, (max-width: 401px) 100vw, 401px\" \/>5. Strategische Neuausrichtung: Innovation, Verteidigung und neue Denkweisen<\/h2>\n<p data-start=\"4466\" data-end=\"4525\">Die Expertinnen und Experten waren sich einig, dass Europa:<\/p>\n<ul data-start=\"4527\" data-end=\"4952\">\n<li data-start=\"4527\" data-end=\"4625\">\n<p data-start=\"4529\" data-end=\"4625\">traditionelle Industrien modernisieren und zugleich in Zukunftstechnologien investieren m\u00fcsse,<\/p>\n<\/li>\n<li data-start=\"4626\" data-end=\"4732\">\n<p data-start=\"4628\" data-end=\"4732\">einen Mentalit\u00e4tswandel vollziehen m\u00fcsse \u2013 weg von Stagnation, hin zu strategischem Gestaltungswillen,<\/p>\n<\/li>\n<li data-start=\"4733\" data-end=\"4818\">\n<p data-start=\"4735\" data-end=\"4818\">Talent-\u00d6kosysteme f\u00fcr Biotechnologie, Frontier Tech und Deep Tech aufbauen m\u00fcsse,<\/p>\n<\/li>\n<li data-start=\"4819\" data-end=\"4952\">\n<p data-start=\"4821\" data-end=\"4952\">wirtschaftliche und sicherheitspolitische Verwundbarkeiten \u2013 von Cybersicherheit bis nukleare Abschreckung \u2013 gezielt angehen m\u00fcsse.<\/p>\n<\/li>\n<\/ul>\n<p data-start=\"4954\" data-end=\"5184\">Europa fehle bislang eine Strategie der <strong data-start=\"4994\" data-end=\"5044\">\u00f6konomischen Staatskunst (Economic Statecraft)<\/strong> \u2013 also die F\u00e4higkeit, wirtschaftliche St\u00e4rke gezielt einzusetzen und selbstbewusst mit den USA und anderen globalen Akteuren zu verhandeln.<\/p>\n<h2 id=\"6-fazit\" data-start=\"5191\" data-end=\"5224\">6. FAZIT<\/h2>\n<p data-start=\"5226\" data-end=\"5314\">Europa steht an einem historischen Wendepunkt.<br data-start=\"5272\" data-end=\"5275\" \/>Die Podiumsteilnehmer waren sich einig:<\/p>\n<ul data-start=\"5316\" data-end=\"5500\">\n<li data-start=\"5316\" data-end=\"5352\">\n<p data-start=\"5318\" data-end=\"5352\"><strong data-start=\"5318\" data-end=\"5350\">Wir m\u00fcssen schneller werden.<\/strong><\/p>\n<\/li>\n<li data-start=\"5353\" data-end=\"5387\">\n<p data-start=\"5355\" data-end=\"5387\"><strong data-start=\"5355\" data-end=\"5385\">Wir m\u00fcssen mutiger werden.<\/strong><\/p>\n<\/li>\n<li data-start=\"5388\" data-end=\"5500\">\n<p data-start=\"5390\" data-end=\"5500\"><strong data-start=\"5390\" data-end=\"5500\">Wir brauchen eine europ\u00e4ische Strategie, die wirtschaftliche St\u00e4rke, Innovation und Sicherheit integriert.<\/strong><\/p>\n<\/li>\n<\/ul>\n<p data-start=\"5502\" data-end=\"5700\" data-is-last-node=\"\" data-is-only-node=\"\">Nur durch gemeinsame Verantwortung, neue Allianzen und ein erneuertes europ\u00e4isches Selbstbewusstsein kann die Europ\u00e4ische Union die kommenden geopolitischen Herausforderungen erfolgreich bew\u00e4ltigen.<\/p>\n","protected":false},"excerpt":{"rendered":"<p>Vor der Kulisse des Brandenburger Tors in Berlin brachte diese hochrangige Veranstaltung f\u00fchrende Stimmen zusammen, um \u00fcber die Zukunft der transatlantischen Beziehungen, die europ\u00e4ische Sicherheit und die Wettbewerbsf\u00e4higkeit in einer&hellip;<\/p>\n","protected":false},"author":31,"featured_media":26012,"comment_status":"closed","ping_status":"closed","sticky":false,"template":"","format":"standard","meta":{"_acf_changed":false,"footnotes":""},"categories":[620],"tags":[],"powerkit_post_featured":[],"class_list":{"0":"post-26032","1":"post","2":"type-post","3":"status-publish","4":"format-standard","5":"has-post-thumbnail","7":"category-news-de"},"acf":[],"aioseo_notices":[],"_links":{"self":[{"href":"https:\/\/www.united-europe.eu\/de\/wp-json\/wp\/v2\/posts\/26032","targetHints":{"allow":["GET"]}}],"collection":[{"href":"https:\/\/www.united-europe.eu\/de\/wp-json\/wp\/v2\/posts"}],"about":[{"href":"https:\/\/www.united-europe.eu\/de\/wp-json\/wp\/v2\/types\/post"}],"author":[{"embeddable":true,"href":"https:\/\/www.united-europe.eu\/de\/wp-json\/wp\/v2\/users\/31"}],"replies":[{"embeddable":true,"href":"https:\/\/www.united-europe.eu\/de\/wp-json\/wp\/v2\/comments?post=26032"}],"version-history":[{"count":3,"href":"https:\/\/www.united-europe.eu\/de\/wp-json\/wp\/v2\/posts\/26032\/revisions"}],"predecessor-version":[{"id":26035,"href":"https:\/\/www.united-europe.eu\/de\/wp-json\/wp\/v2\/posts\/26032\/revisions\/26035"}],"wp:featuredmedia":[{"embeddable":true,"href":"https:\/\/www.united-europe.eu\/de\/wp-json\/wp\/v2\/media\/26012"}],"wp:attachment":[{"href":"https:\/\/www.united-europe.eu\/de\/wp-json\/wp\/v2\/media?parent=26032"}],"wp:term":[{"taxonomy":"category","embeddable":true,"href":"https:\/\/www.united-europe.eu\/de\/wp-json\/wp\/v2\/categories?post=26032"},{"taxonomy":"post_tag","embeddable":true,"href":"https:\/\/www.united-europe.eu\/de\/wp-json\/wp\/v2\/tags?post=26032"},{"taxonomy":"powerkit_post_featured","embeddable":true,"href":"https:\/\/www.united-europe.eu\/de\/wp-json\/wp\/v2\/powerkit_post_featured?post=26032"}],"curies":[{"name":"wp","href":"https:\/\/api.w.org\/{rel}","templated":true}]}}