{"id":25985,"date":"2025-12-15T18:11:16","date_gmt":"2025-12-15T17:11:16","guid":{"rendered":"https:\/\/www.united-europe.eu\/?p=25985"},"modified":"2025-12-15T18:11:16","modified_gmt":"2025-12-15T17:11:16","slug":"rueckblick-united-europes-politischer-stammtisch-mit-wolfgang-schuessel-bundeskanzler-a-d","status":"publish","type":"post","link":"https:\/\/www.united-europe.eu\/de\/2025\/12\/rueckblick-united-europes-politischer-stammtisch-mit-wolfgang-schuessel-bundeskanzler-a-d\/","title":{"rendered":"R\u00fcckblick: United Europes Politischer Stammtisch mit Wolfgang Sch\u00fcssel, Bundeskanzler a.D."},"content":{"rendered":"<p>W\u00e4hrend unseres <em data-start=\"96\" data-end=\"118\">Political Stammtisch<\/em> in Wien gaben United Europe Pr\u00e4sident G\u00fcnther H. Oettinger und der ehemalige \u00f6sterreichische Bundeskanzler Wolfgang Sch\u00fcssel eine eindringliche Analyse der geopolitischen und wirtschaftlichen Lage Europas. Die Botschaft war klar: <strong data-start=\"349\" data-end=\"408\">Europa befindet sich an einem entscheidenden Wendepunkt<\/strong>, und die Entscheidungen, die wir jetzt treffen, bestimmen, ob wir in einer sich rasant ver\u00e4ndernden globalen Machtordnung relevant bleiben.<\/p>\n<h4 id=\"1-eine-welt-der-gegensaetzlichen-systeme\" data-start=\"555\" data-end=\"602\"><strong data-start=\"558\" data-end=\"602\">1. Eine Welt der gegens\u00e4tzlichen Systeme<\/strong><\/h4>\n<p data-start=\"604\" data-end=\"866\">Autorit\u00e4re F\u00fchrer und Diktatoren verfolgen ein gemeinsames Ziel: <strong data-start=\"669\" data-end=\"696\">den Westen zu schw\u00e4chen<\/strong>\u2014seine demokratischen Werte, seine Freiheiten und seine soziale Marktwirtschaft. Zusammen vertreten sie mehr als ein Drittel der Weltbev\u00f6lkerung, und ihr Einfluss w\u00e4chst.<\/p>\n<h4 id=\"2-europas-wettbewerbsnachteile\" data-start=\"873\" data-end=\"911\"><strong data-start=\"876\" data-end=\"911\">2. Europas Wettbewerbsnachteile<\/strong><\/h4>\n<p data-start=\"913\" data-end=\"990\">Die aktuellen Handelsbedingungen zeigen, wie verletzlich die EU geworden ist:<\/p>\n<ul data-start=\"992\" data-end=\"1199\">\n<li data-start=\"992\" data-end=\"1078\">\n<p data-start=\"994\" data-end=\"1078\"><strong data-start=\"994\" data-end=\"1021\">US-Exporte nach Europa:<\/strong> null Z\u00f6lle auf zentrale Sektoren wie Chemie und Pharma<\/p>\n<\/li>\n<li data-start=\"1079\" data-end=\"1199\">\n<p data-start=\"1081\" data-end=\"1199\"><strong data-start=\"1081\" data-end=\"1116\">Europ\u00e4ische Exporte in die USA:<\/strong> 15 % Z\u00f6lle auf Waren sowie bis zu 50 % auf Stahl, Kupfer und andere Halbprodukte<\/p>\n<\/li>\n<\/ul>\n<p data-start=\"1201\" data-end=\"1231\">Und Europa hat dem zugestimmt.<\/p>\n<p data-start=\"1233\" data-end=\"1397\">Gleichzeitig werden <strong data-start=\"1253\" data-end=\"1309\">90 % der kritischen Rohstoffe von China kontrolliert<\/strong>, und nahezu die gesamte globale Raffineriekapazit\u00e4t befindet sich in chinesischer Hand.<\/p>\n<p data-start=\"1399\" data-end=\"1414\">Die Konsequenz:<\/p>\n<blockquote data-start=\"1416\" data-end=\"1505\">\n<p data-start=\"1418\" data-end=\"1505\"><strong data-start=\"1418\" data-end=\"1505\">\u201eWir sind nicht mehr wettbewerbsf\u00e4hig, nicht mehr relevant. Wir haben keine Macht.\u201c<\/strong><\/p>\n<\/blockquote>\n<p data-start=\"1507\" data-end=\"1658\">Die Priorit\u00e4ten Europas f\u00fcr die kommenden Jahre m\u00fcssen sich daher auf zwei wesentliche Punkte konzentrieren:<br data-start=\"1615\" data-end=\"1618\" \/><strong data-start=\"1618\" data-end=\"1658\">Sicherheit und Wettbewerbsf\u00e4higkeit.<\/strong><\/p>\n<h4 id=\"3-europaeische-staerke-und-strategischer-fokus\" data-start=\"1665\" data-end=\"1717\"><strong data-start=\"1668\" data-end=\"1717\">3. Europ\u00e4ische St\u00e4rke und strategischer Fokus<\/strong><\/h4>\n<p data-start=\"1719\" data-end=\"1972\">In einer Welt, gepr\u00e4gt von Trump, Xi Jinping, Putin und aufstrebenden Machtbl\u00f6cken, muss Europa seine Kr\u00e4fte b\u00fcndeln und st\u00e4rkere Kompetenzen auf europ\u00e4ischer Ebene aufbauen. K\u00fcnftige Generationen werden fragen, was wir an diesem Wendepunkt getan haben.<\/p>\n<p data-start=\"1974\" data-end=\"2185\">Doch heute wird Europa von <strong data-start=\"2001\" data-end=\"2027\">\u00fcberm\u00e4\u00dfiger B\u00fcrokratie<\/strong> belastet\u2014zum Nachteil von KMU, multinationalen Unternehmen und Innovations\u00f6kosystemen.<br data-start=\"2114\" data-end=\"2117\" \/>Um L\u00f6sungen zu finden, m\u00fcssen wir zun\u00e4chst das gro\u00dfe Ganze erkennen.<\/p>\n<h4 id=\"4-ein-weckruf-langsame-fortschritte-echte-chancen\" data-start=\"2192\" data-end=\"2251\"><strong data-start=\"2195\" data-end=\"2251\">4. Ein Weckruf: Langsame Fortschritte, echte Chancen<\/strong><\/h4>\n<p data-start=\"2253\" data-end=\"2413\">Europa stagniert wirtschaftlich seit 2015. Doch der Weckruf\u2014ausgel\u00f6st durch Krieg, geopolitische Spannungen und Schocks in den Lieferketten\u2014zeigt erste Wirkung:<\/p>\n<ul data-start=\"2415\" data-end=\"2681\">\n<li data-start=\"2415\" data-end=\"2459\">\n<p data-start=\"2417\" data-end=\"2459\">Europa erh\u00f6ht seine Verteidigungsbudgets<\/p>\n<\/li>\n<li data-start=\"2460\" data-end=\"2535\">\n<p data-start=\"2462\" data-end=\"2535\">Die NATO-Zusammenarbeit unter den gro\u00dfen Akteuren ist st\u00e4rker als zuvor<\/p>\n<\/li>\n<li data-start=\"2536\" data-end=\"2614\">\n<p data-start=\"2538\" data-end=\"2614\">Eine kompetente neue EU-Verteidigungskommissarin koordiniert die Ma\u00dfnahmen<\/p>\n<\/li>\n<li data-start=\"2615\" data-end=\"2681\">\n<p data-start=\"2617\" data-end=\"2681\">Das Bewusstsein f\u00fcr Verwundbarkeiten in der Lieferkette w\u00e4chst<\/p>\n<\/li>\n<\/ul>\n<p data-start=\"2683\" data-end=\"2847\">Die kritischen Priorit\u00e4ten liegen klar auf der Hand: <strong data-start=\"2736\" data-end=\"2847\">Rohstoffe, Halbleiter, pharmazeutische Resilienz, KI, Raumfahrttechnologie und sichere Cloud-Infrastruktur.<\/strong><\/p>\n<p data-start=\"2849\" data-end=\"3003\">Diese Bereiche bieten <strong data-start=\"2871\" data-end=\"2900\">reales Wachstumspotenzial<\/strong>\u2014Pharma und Deep Tech entwickeln sich bereits zu Innovationsmotoren. Doch Europa muss schneller werden.<\/p>\n<h4 id=\"5-innovation-als-europas-lebensader\" data-start=\"3010\" data-end=\"3053\"><strong data-start=\"3013\" data-end=\"3053\">5. Innovation als Europas Lebensader<\/strong><\/h4>\n<p data-start=\"3055\" data-end=\"3115\">Um seine Wettbewerbsf\u00e4higkeit zur\u00fcckzugewinnen, muss Europa:<\/p>\n<ul data-start=\"3117\" data-end=\"3439\">\n<li data-start=\"3117\" data-end=\"3208\">\n<p data-start=\"3119\" data-end=\"3208\">Innovatoren, Forschende, Universit\u00e4ten und Deep-Tech-Unternehmen umfassend unterst\u00fctzen<\/p>\n<\/li>\n<li data-start=\"3209\" data-end=\"3321\">\n<p data-start=\"3211\" data-end=\"3321\">Einen echten europ\u00e4ischen Kapitalmarkt schaffen, einschlie\u00dflich eines offenen kapitalgedeckten Rentensystems<\/p>\n<\/li>\n<li data-start=\"3322\" data-end=\"3354\">\n<p data-start=\"3324\" data-end=\"3354\">B\u00fcrokratische H\u00fcrden abbauen<\/p>\n<\/li>\n<li data-start=\"3355\" data-end=\"3439\">\n<p data-start=\"3357\" data-end=\"3439\">Vertrauen in die junge Generation und ihre unternehmerischen F\u00e4higkeiten st\u00e4rken<\/p>\n<\/li>\n<\/ul>\n<h4 id=\"6-den-status-quo-ueberwinden\" data-start=\"3446\" data-end=\"3481\"><strong data-start=\"3449\" data-end=\"3481\">6. Den Status quo \u00fcberwinden<\/strong><\/h4>\n<p data-start=\"3483\" data-end=\"3562\">Im Zentrum der Diskussion stand eine pr\u00e4gnante Botschaft von Wolfgang Sch\u00fcssel:<\/p>\n<blockquote data-start=\"3564\" data-end=\"3650\">\n<p data-start=\"3566\" data-end=\"3650\"><strong data-start=\"3566\" data-end=\"3650\">\u201eWir lieben den Status quo\u2014und der Status quo ist inzwischen die gr\u00f6\u00dfte Gefahr.\u201c<\/strong><\/p>\n<\/blockquote>\n<p data-start=\"3652\" data-end=\"3855\">Europa muss sich entscheiden:<br data-start=\"3681\" data-end=\"3684\" \/><strong data-start=\"3684\" data-end=\"3855\">ein bequemes, aber absteigendes System bewahren oder die schwierigen Reformen angehen, die notwendig sind, um ein starker demokratischer Akteur in der Welt zu bleiben.<\/strong><\/p>\n","protected":false},"excerpt":{"rendered":"<p>W\u00e4hrend unseres Political Stammtisch in Wien gaben United Europe Pr\u00e4sident G\u00fcnther H. Oettinger und der ehemalige \u00f6sterreichische Bundeskanzler Wolfgang Sch\u00fcssel eine eindringliche Analyse der geopolitischen und wirtschaftlichen Lage Europas. Die&hellip;<\/p>\n","protected":false},"author":31,"featured_media":25983,"comment_status":"closed","ping_status":"closed","sticky":false,"template":"","format":"standard","meta":{"_acf_changed":false,"footnotes":""},"categories":[620],"tags":[],"powerkit_post_featured":[],"class_list":{"0":"post-25985","1":"post","2":"type-post","3":"status-publish","4":"format-standard","5":"has-post-thumbnail","7":"category-news-de"},"acf":[],"aioseo_notices":[],"_links":{"self":[{"href":"https:\/\/www.united-europe.eu\/de\/wp-json\/wp\/v2\/posts\/25985","targetHints":{"allow":["GET"]}}],"collection":[{"href":"https:\/\/www.united-europe.eu\/de\/wp-json\/wp\/v2\/posts"}],"about":[{"href":"https:\/\/www.united-europe.eu\/de\/wp-json\/wp\/v2\/types\/post"}],"author":[{"embeddable":true,"href":"https:\/\/www.united-europe.eu\/de\/wp-json\/wp\/v2\/users\/31"}],"replies":[{"embeddable":true,"href":"https:\/\/www.united-europe.eu\/de\/wp-json\/wp\/v2\/comments?post=25985"}],"version-history":[{"count":1,"href":"https:\/\/www.united-europe.eu\/de\/wp-json\/wp\/v2\/posts\/25985\/revisions"}],"predecessor-version":[{"id":25986,"href":"https:\/\/www.united-europe.eu\/de\/wp-json\/wp\/v2\/posts\/25985\/revisions\/25986"}],"wp:featuredmedia":[{"embeddable":true,"href":"https:\/\/www.united-europe.eu\/de\/wp-json\/wp\/v2\/media\/25983"}],"wp:attachment":[{"href":"https:\/\/www.united-europe.eu\/de\/wp-json\/wp\/v2\/media?parent=25985"}],"wp:term":[{"taxonomy":"category","embeddable":true,"href":"https:\/\/www.united-europe.eu\/de\/wp-json\/wp\/v2\/categories?post=25985"},{"taxonomy":"post_tag","embeddable":true,"href":"https:\/\/www.united-europe.eu\/de\/wp-json\/wp\/v2\/tags?post=25985"},{"taxonomy":"powerkit_post_featured","embeddable":true,"href":"https:\/\/www.united-europe.eu\/de\/wp-json\/wp\/v2\/powerkit_post_featured?post=25985"}],"curies":[{"name":"wp","href":"https:\/\/api.w.org\/{rel}","templated":true}]}}