{"id":25715,"date":"2025-10-13T17:32:27","date_gmt":"2025-10-13T15:32:27","guid":{"rendered":"https:\/\/www.united-europe.eu\/?p=25715"},"modified":"2025-10-13T17:32:27","modified_gmt":"2025-10-13T15:32:27","slug":"einladung-wasserkraft-fuer-deutschlands-versorgungssicherheit","status":"publish","type":"post","link":"https:\/\/www.united-europe.eu\/de\/2025\/10\/einladung-wasserkraft-fuer-deutschlands-versorgungssicherheit\/","title":{"rendered":"EINLADUNG: &#8222;Wasserkraft f\u00fcr Deutschlands Versorgungssicherheit&#8220;"},"content":{"rendered":"<p>Wir freuen uns sehr, Sie in Zusammenarbeit mit der \u00d6sterreichische Botschaft Berlin und der <a href=\"https:\/\/www.illwerkevkw.at\/\">illwerke vkw<\/a> herzlich zur Veranstaltung\u00a0<strong>\u201aWasserkraft f\u00fcr Deutschlands Versorgungssicherheit\u2018\u00a0<\/strong>einzuladen.<\/p>\n<p>DATUM: Montag, 3. November 2025 | 18:00\u201319:30 Uhr (Einlass ab 17:30 Uhr)<br \/>\nVENUE: \u00d6sterreichische Botschaft Berlin, Stauffenbergstra\u00dfe 1, 10785 Berlin<\/p>\n<p>In Zeiten des Umbruchs ist Stabilit\u00e4t in der Energieversorgung wichtiger denn je. Wasserkraft \u2013 insbesondere Pumpspeicherkraftwerke \u2013 leistet hier einen unverzichtbaren Beitrag zur Stabilisierung des europ\u00e4ischen Verbundnetzes.<\/p>\n<p>Mit dem Projekt <strong>L\u00fcnerseewerk II<\/strong> investiert die illwerke vkw \u00fcber 2,5 Milliarden Euro in das k\u00fcnftig gr\u00f6\u00dfte Wasserkraftwerk im deutschsprachigen Raum \u2013 ein Meilenstein f\u00fcr die Energiewende.<\/p>\n<p>Nach den Begr\u00fc\u00dfungsworten von S.E. Dr. Alexander Marschik, \u00d6sterreichischer Botschafter in Deutschland, und Mag. Markus Wallner, Landeshauptmann von Vorarlberg, erwarten Sie Impulse von:<br \/>\n&#8211; <strong>Andreas Jung<\/strong>, MdB, Stv. Vorsitzender der CDU\/CSU-Bundestagsfraktion und der CDU Deutschlands<br \/>\n&#8211; <strong>Christof Germann<\/strong>, Vorstandsvorsitzender, illwerke vkw<br \/>\n&#8211; <strong>Peter Heydecker<\/strong>, COO Nachhaltige Erzeugungsinfrastruktur, EnBW Energie Baden-W\u00fcrttemberg AG<br \/>\n&#8211; <strong>Gerd Wegeler<\/strong>, Vorstandsmitglied, illwerke vkw<\/p>\n<p>Im Anschluss laden wir Sie ein, den Abend bei \u00f6sterreichischen Spezialit\u00e4ten in geselliger Runde ausklingen zu lassen.<\/p>\n<p>Bitte melden Sie sich bis sp\u00e4testens 24. Oktober 2025 \u00fcber den <a href=\"https:\/\/bmeia.liland.cloud\/app\/registration\/form\/event\/33768416\/client\/bmeia\/lang\/de?0\">Link<\/a> an.<\/p>\n<p>Wir freuen uns sehr auf Ihre Teilnahme!<\/p>\n","protected":false},"excerpt":{"rendered":"<p>Wir freuen uns sehr, Sie in Zusammenarbeit mit der \u00d6sterreichische Botschaft Berlin und der illwerke vkw herzlich zur Veranstaltung\u00a0\u201aWasserkraft f\u00fcr Deutschlands Versorgungssicherheit\u2018\u00a0einzuladen. DATUM: Montag, 3. November 2025 | 18:00\u201319:30 Uhr&hellip;<\/p>\n","protected":false},"author":31,"featured_media":25716,"comment_status":"closed","ping_status":"closed","sticky":false,"template":"","format":"standard","meta":{"_acf_changed":false,"footnotes":""},"categories":[620],"tags":[],"powerkit_post_featured":[],"class_list":{"0":"post-25715","1":"post","2":"type-post","3":"status-publish","4":"format-standard","5":"has-post-thumbnail","7":"category-news-de"},"acf":[],"aioseo_notices":[],"_links":{"self":[{"href":"https:\/\/www.united-europe.eu\/de\/wp-json\/wp\/v2\/posts\/25715","targetHints":{"allow":["GET"]}}],"collection":[{"href":"https:\/\/www.united-europe.eu\/de\/wp-json\/wp\/v2\/posts"}],"about":[{"href":"https:\/\/www.united-europe.eu\/de\/wp-json\/wp\/v2\/types\/post"}],"author":[{"embeddable":true,"href":"https:\/\/www.united-europe.eu\/de\/wp-json\/wp\/v2\/users\/31"}],"replies":[{"embeddable":true,"href":"https:\/\/www.united-europe.eu\/de\/wp-json\/wp\/v2\/comments?post=25715"}],"version-history":[{"count":1,"href":"https:\/\/www.united-europe.eu\/de\/wp-json\/wp\/v2\/posts\/25715\/revisions"}],"predecessor-version":[{"id":25718,"href":"https:\/\/www.united-europe.eu\/de\/wp-json\/wp\/v2\/posts\/25715\/revisions\/25718"}],"wp:featuredmedia":[{"embeddable":true,"href":"https:\/\/www.united-europe.eu\/de\/wp-json\/wp\/v2\/media\/25716"}],"wp:attachment":[{"href":"https:\/\/www.united-europe.eu\/de\/wp-json\/wp\/v2\/media?parent=25715"}],"wp:term":[{"taxonomy":"category","embeddable":true,"href":"https:\/\/www.united-europe.eu\/de\/wp-json\/wp\/v2\/categories?post=25715"},{"taxonomy":"post_tag","embeddable":true,"href":"https:\/\/www.united-europe.eu\/de\/wp-json\/wp\/v2\/tags?post=25715"},{"taxonomy":"powerkit_post_featured","embeddable":true,"href":"https:\/\/www.united-europe.eu\/de\/wp-json\/wp\/v2\/powerkit_post_featured?post=25715"}],"curies":[{"name":"wp","href":"https:\/\/api.w.org\/{rel}","templated":true}]}}