{"id":25711,"date":"2025-10-12T18:30:04","date_gmt":"2025-10-12T16:30:04","guid":{"rendered":"https:\/\/www.united-europe.eu\/?p=25711"},"modified":"2025-10-12T18:35:35","modified_gmt":"2025-10-12T16:35:35","slug":"bewerbungsaufruf-fuer-das-united-europe-mentoring-programm","status":"publish","type":"post","link":"https:\/\/www.united-europe.eu\/de\/2025\/10\/bewerbungsaufruf-fuer-das-united-europe-mentoring-programm\/","title":{"rendered":"Bewerbungsaufruf f\u00fcr das United Europe Mentoring Programm"},"content":{"rendered":"<p data-start=\"224\" data-end=\"336\"><strong data-start=\"224\" data-end=\"336\">United Europe freut sich, den Start der Bewerbungsphase f\u00fcr den Mentoring-Jahrgang 2025\/26 bekannt zu geben.<\/strong><\/p>\n<p data-start=\"338\" data-end=\"797\">Das <strong data-start=\"342\" data-end=\"379\">United Europe Mentoring Programm<\/strong>\u00a0bringt junge Berufst\u00e4tige aus ganz Europa mit erfahrenen F\u00fchrungspers\u00f6nlichkeiten aus Wirtschaft, Politik, Wissenschaft und Zivilgesellschaft zusammen.<br data-start=\"531\" data-end=\"534\" \/>\u00dcber einen Zeitraum von sechs Monaten treten Mentorinnen und Mentoren sowie Mentees in einen pers\u00f6nlichen Dialog \u00fcber <strong data-start=\"652\" data-end=\"717\">Europa, Leadership, Verantwortung und pers\u00f6nliche Entwicklung<\/strong> \u2013 und bauen dabei Br\u00fccken \u00fcber <strong data-start=\"749\" data-end=\"787\">Grenzen, Generationen und Sektoren<\/strong> hinweg.<\/p>\n<h3 id=\"was-das-programm-bietet\" data-start=\"804\" data-end=\"835\"><strong data-start=\"808\" data-end=\"835\">Was das Programm bietet<\/strong><\/h3>\n<ul data-start=\"836\" data-end=\"1168\">\n<li data-start=\"836\" data-end=\"930\">\n<p data-start=\"838\" data-end=\"930\">Eine <strong data-start=\"843\" data-end=\"880\">sechsmonatige Mentoring-Beziehung<\/strong> mit einem erfahrenen Mitglied von United Europe<\/p>\n<\/li>\n<li data-start=\"931\" data-end=\"1010\">\n<p data-start=\"933\" data-end=\"1010\"><strong data-start=\"933\" data-end=\"960\">Individuelle Begleitung<\/strong> in der pers\u00f6nlichen und beruflichen Entwicklung<\/p>\n<\/li>\n<li data-start=\"1011\" data-end=\"1065\">\n<p data-start=\"1013\" data-end=\"1065\"><strong data-start=\"1013\" data-end=\"1063\">Zugang zum United Europe Young Leaders Network<\/strong><\/p>\n<\/li>\n<li data-start=\"1066\" data-end=\"1168\">\n<p data-start=\"1068\" data-end=\"1168\">Eine <strong data-start=\"1073\" data-end=\"1112\">Plattform f\u00fcr den offenen Austausch<\/strong> \u00fcber Europas zuk\u00fcnftige Herausforderungen und Chancen<\/p>\n<\/li>\n<\/ul>\n<h3 id=\"wer-sich-bewerben-kann\" data-start=\"1175\" data-end=\"1205\"><strong data-start=\"1179\" data-end=\"1205\">Wer sich bewerben kann<\/strong><\/h3>\n<p data-start=\"1206\" data-end=\"1287\">Bewerben k\u00f6nnen sich <strong data-start=\"1227\" data-end=\"1279\">junge Berufst\u00e4tige im Alter von 25 bis 35 Jahren<\/strong>, die:<\/p>\n<ul data-start=\"1288\" data-end=\"1646\">\n<li data-start=\"1288\" data-end=\"1362\">\n<p data-start=\"1290\" data-end=\"1362\">ein <strong data-start=\"1294\" data-end=\"1352\">klares Bekenntnis zu einem starken und geeinten Europa<\/strong> zeigen,<\/p>\n<\/li>\n<li data-start=\"1363\" data-end=\"1476\">\n<p data-start=\"1365\" data-end=\"1476\">erste <strong data-start=\"1371\" data-end=\"1390\">Berufserfahrung<\/strong> in Wirtschaft, \u00f6ffentlichem Dienst, Wissenschaft oder Zivilgesellschaft mitbringen,<\/p>\n<\/li>\n<li data-start=\"1477\" data-end=\"1567\">\n<p data-start=\"1479\" data-end=\"1567\"><strong data-start=\"1479\" data-end=\"1515\">F\u00fchrungspotenzial und Motivation<\/strong> erkennen lassen, zur Zukunft Europas beizutragen,<\/p>\n<\/li>\n<li data-start=\"1568\" data-end=\"1646\">\n<p data-start=\"1570\" data-end=\"1646\"><strong data-start=\"1570\" data-end=\"1600\">Mitglied von United Europe<\/strong> sind oder von Mitgliedern empfohlen werden.<\/p>\n<\/li>\n<\/ul>\n<h3 id=\"bewerbung\" data-start=\"1653\" data-end=\"1670\"><strong data-start=\"1657\" data-end=\"1670\">Bewerbung<\/strong><\/h3>\n<p data-start=\"1671\" data-end=\"1807\">Bitte senden Sie die folgenden Unterlagen <strong data-start=\"1713\" data-end=\"1744\">in einer PDF-Datei<\/strong> bis zum <strong data-start=\"1753\" data-end=\"1773\">30. Oktober 2025<\/strong> an <strong data-start=\"1777\" data-end=\"1804\"><a class=\"decorated-link cursor-pointer\" rel=\"noopener\" data-start=\"1779\" data-end=\"1802\">events@united-europe.eu<\/a><\/strong>:<\/p>\n<ol data-start=\"1809\" data-end=\"2119\">\n<li data-start=\"1809\" data-end=\"1963\">\n<p data-start=\"1812\" data-end=\"1963\">Ein kurzes <strong data-start=\"1823\" data-end=\"1847\">Motivationsschreiben<\/strong> (max. eine Seite), in dem Sie darlegen, warum Sie am Programm teilnehmen m\u00f6chten und welche Erwartungen Sie haben<\/p>\n<\/li>\n<li data-start=\"1964\" data-end=\"2008\">\n<p data-start=\"1967\" data-end=\"2008\">Einen <strong data-start=\"1973\" data-end=\"1987\">Lebenslauf<\/strong> (max. zwei Seiten)<\/p>\n<\/li>\n<li data-start=\"2009\" data-end=\"2119\">\n<p data-start=\"2012\" data-end=\"2119\">Eine kurze <strong data-start=\"2023\" data-end=\"2104\">Beschreibung Ihres europ\u00e4ischen Engagements oder Ihrer Perspektive auf Europa<\/strong> (ein Absatz)<\/p>\n<\/li>\n<\/ol>\n<p data-start=\"2121\" data-end=\"2263\">Bewerberinnen und Bewerber auf der Shortlist werden zu einem <strong data-start=\"2182\" data-end=\"2201\">Online-Gespr\u00e4ch<\/strong> eingeladen. Der neue Jahrgang startet im <strong data-start=\"2243\" data-end=\"2260\">November 2025<\/strong>.<\/p>\n<p data-start=\"2265\" data-end=\"2568\">Bitte beachten Sie: Eine <strong data-start=\"2290\" data-end=\"2326\">Mitgliedschaft bei United Europe<\/strong> ist Voraussetzung f\u00fcr die endg\u00fcltige Auswahl. Kandidaten, die von Mitgliedern empfohlen werden, sind herzlich eingeladen, sich zu bewerben; erfolgreiche Kandidaten m\u00fcssen vor Programmstart Mitglied werden.<\/p>\n<h3 id=\"ueber-das-programm\" data-start=\"2575\" data-end=\"2600\"><strong data-start=\"2579\" data-end=\"2600\">\u00dcber das Programm<\/strong><\/h3>\n<p data-start=\"2601\" data-end=\"3025\">Seit seinem Start hat das United Europe Mentoring Programm <strong data-start=\"2661\" data-end=\"2741\">zahlreiche junge F\u00fchrungspers\u00f6nlichkeiten und Senior Leaders aus ganz Europa<\/strong> zusammengebracht. Es f\u00f6rdert den <strong data-start=\"2771\" data-end=\"2860\">generationen\u00fcbergreifenden Dialog, gegenseitiges Lernen und langfristige Verbindungen<\/strong>.<br \/>\n<br data-start=\"2861\" data-end=\"2864\" \/>Die Teilnehmenden werden Teil einer wachsenden Gemeinschaft, die sich der Vision eines <strong data-start=\"2951\" data-end=\"3003\">wettbewerbsf\u00e4higen, starken und geeinten Europas<\/strong> verpflichtet f\u00fchlt.<\/p>\n","protected":false},"excerpt":{"rendered":"<p>United Europe freut sich, den Start der Bewerbungsphase f\u00fcr den Mentoring-Jahrgang 2025\/26 bekannt zu geben. Das United Europe Mentoring Programm\u00a0bringt junge Berufst\u00e4tige aus ganz Europa mit erfahrenen F\u00fchrungspers\u00f6nlichkeiten aus Wirtschaft,&hellip;<\/p>\n","protected":false},"author":31,"featured_media":25709,"comment_status":"closed","ping_status":"closed","sticky":false,"template":"","format":"standard","meta":{"_acf_changed":false,"footnotes":""},"categories":[620],"tags":[],"powerkit_post_featured":[],"class_list":{"0":"post-25711","1":"post","2":"type-post","3":"status-publish","4":"format-standard","5":"has-post-thumbnail","7":"category-news-de"},"acf":[],"aioseo_notices":[],"_links":{"self":[{"href":"https:\/\/www.united-europe.eu\/de\/wp-json\/wp\/v2\/posts\/25711","targetHints":{"allow":["GET"]}}],"collection":[{"href":"https:\/\/www.united-europe.eu\/de\/wp-json\/wp\/v2\/posts"}],"about":[{"href":"https:\/\/www.united-europe.eu\/de\/wp-json\/wp\/v2\/types\/post"}],"author":[{"embeddable":true,"href":"https:\/\/www.united-europe.eu\/de\/wp-json\/wp\/v2\/users\/31"}],"replies":[{"embeddable":true,"href":"https:\/\/www.united-europe.eu\/de\/wp-json\/wp\/v2\/comments?post=25711"}],"version-history":[{"count":3,"href":"https:\/\/www.united-europe.eu\/de\/wp-json\/wp\/v2\/posts\/25711\/revisions"}],"predecessor-version":[{"id":25714,"href":"https:\/\/www.united-europe.eu\/de\/wp-json\/wp\/v2\/posts\/25711\/revisions\/25714"}],"wp:featuredmedia":[{"embeddable":true,"href":"https:\/\/www.united-europe.eu\/de\/wp-json\/wp\/v2\/media\/25709"}],"wp:attachment":[{"href":"https:\/\/www.united-europe.eu\/de\/wp-json\/wp\/v2\/media?parent=25711"}],"wp:term":[{"taxonomy":"category","embeddable":true,"href":"https:\/\/www.united-europe.eu\/de\/wp-json\/wp\/v2\/categories?post=25711"},{"taxonomy":"post_tag","embeddable":true,"href":"https:\/\/www.united-europe.eu\/de\/wp-json\/wp\/v2\/tags?post=25711"},{"taxonomy":"powerkit_post_featured","embeddable":true,"href":"https:\/\/www.united-europe.eu\/de\/wp-json\/wp\/v2\/powerkit_post_featured?post=25711"}],"curies":[{"name":"wp","href":"https:\/\/api.w.org\/{rel}","templated":true}]}}