{"id":25502,"date":"2025-06-26T08:44:05","date_gmt":"2025-06-26T06:44:05","guid":{"rendered":"https:\/\/www.united-europe.eu\/?p=25502"},"modified":"2025-06-30T08:49:12","modified_gmt":"2025-06-30T06:49:12","slug":"interview-30-jahre-wto-zwischen-jubilaeum-und-dauerkrise-welche-rolle-spielt-europa","status":"publish","type":"post","link":"https:\/\/www.united-europe.eu\/de\/2025\/06\/interview-30-jahre-wto-zwischen-jubilaeum-und-dauerkrise-welche-rolle-spielt-europa\/","title":{"rendered":"Interview: &#8222;30 Jahre WTO: Zwischen Jubil\u00e4um und Dauerkrise \u2013 Welche Rolle spielt Europa?&#8220;"},"content":{"rendered":"<p>In einer Zeit zunehmenden Protektionismus und wachsender Skepsis gegen\u00fcber internationalen Institutionen steht die Welthandelsorganisation (WTO) an einem entscheidenden Wendepunkt. Anl\u00e4sslich des 30-j\u00e4hrigen Bestehens der WTO sprach <strong>Barbara Tasch-Ronner<\/strong>, <strong>Vorstandsmitglied von United Europe<\/strong>, mit <strong>Danai Budas,<\/strong> s<strong>tellvertretende Direktorin f\u00fcr internationale Beziehungen und M\u00e4rkte bei der \u00d6sterreichischen Industriellenvereinigung (IV)<\/strong>, dar\u00fcber, warum diese Institution nach wie vor unverzichtbar ist \u2013 insbesondere f\u00fcr kleine, exportorientierte Volkswirtschaften wie \u00d6sterreich. Im Gespr\u00e4ch thematisierten sie die Vorteile des multilateralen Handels, die Herausforderungen der globalen Zusammenarbeit und warum Reformen sowie ein erneuertes Bekenntnis zur WTO dringend erforderlich sind.<\/p>\n<figure id=\"attachment_25491\" aria-describedby=\"caption-attachment-25491\" style=\"width: 438px\" class=\"wp-caption alignleft\"><img loading=\"lazy\" decoding=\"async\" class=\"wp-image-25491\" src=\"https:\/\/www.united-europe.eu\/wp-content\/uploads\/2025\/06\/young_leaders_advocacy_seminar_2025_04_30_by_markus_lang_bichl_0183.jpeg\" alt=\"\" width=\"438\" height=\"292\" srcset=\"https:\/\/www.united-europe.eu\/wp-content\/uploads\/2025\/06\/young_leaders_advocacy_seminar_2025_04_30_by_markus_lang_bichl_0183.jpeg 640w, https:\/\/www.united-europe.eu\/wp-content\/uploads\/2025\/06\/young_leaders_advocacy_seminar_2025_04_30_by_markus_lang_bichl_0183-120x80.jpeg 120w, https:\/\/www.united-europe.eu\/wp-content\/uploads\/2025\/06\/young_leaders_advocacy_seminar_2025_04_30_by_markus_lang_bichl_0183-90x60.jpeg 90w, https:\/\/www.united-europe.eu\/wp-content\/uploads\/2025\/06\/young_leaders_advocacy_seminar_2025_04_30_by_markus_lang_bichl_0183-320x214.jpeg 320w, https:\/\/www.united-europe.eu\/wp-content\/uploads\/2025\/06\/young_leaders_advocacy_seminar_2025_04_30_by_markus_lang_bichl_0183-560x374.jpeg 560w, https:\/\/www.united-europe.eu\/wp-content\/uploads\/2025\/06\/young_leaders_advocacy_seminar_2025_04_30_by_markus_lang_bichl_0183-633x422.jpeg 633w, https:\/\/www.united-europe.eu\/wp-content\/uploads\/2025\/06\/young_leaders_advocacy_seminar_2025_04_30_by_markus_lang_bichl_0183-150x100.jpeg 150w, https:\/\/www.united-europe.eu\/wp-content\/uploads\/2025\/06\/young_leaders_advocacy_seminar_2025_04_30_by_markus_lang_bichl_0183-220x147.jpeg 220w, https:\/\/www.united-europe.eu\/wp-content\/uploads\/2025\/06\/young_leaders_advocacy_seminar_2025_04_30_by_markus_lang_bichl_0183-240x160.jpeg 240w, https:\/\/www.united-europe.eu\/wp-content\/uploads\/2025\/06\/young_leaders_advocacy_seminar_2025_04_30_by_markus_lang_bichl_0183-180x120.jpeg 180w, https:\/\/www.united-europe.eu\/wp-content\/uploads\/2025\/06\/young_leaders_advocacy_seminar_2025_04_30_by_markus_lang_bichl_0183-300x200.jpeg 300w, https:\/\/www.united-europe.eu\/wp-content\/uploads\/2025\/06\/young_leaders_advocacy_seminar_2025_04_30_by_markus_lang_bichl_0183-440x294.jpeg 440w\" sizes=\"auto, (max-width: 438px) 100vw, 438px\" \/><figcaption id=\"caption-attachment-25491\" class=\"wp-caption-text\">Danai Budas, Barbara Tasch-Ronner (v. l.)<\/figcaption><\/figure>\n<p><strong>Barbara Tasch-Ronner: Warum brauchen wir eine multilaterale Handelsorganisation wie die WTO \u2013 und welchen Nutzen haben Unternehmen davon?\u00a0<\/strong><br \/>\n<strong>Danai Budas:<\/strong> Aus Sicht der Unternehmen \u2013 und ich spreche hier in meiner Funktion als Vertreterin der <strong>\u00d6stereichischen<\/strong> <strong>Industriellenvereinigung (IV)<\/strong> \u2013 ist klar: Offene M\u00e4rkte sind f\u00fcr die Wirtschaft essenziell. \u00d6sterreich ist ein kleines, exportorientiertes Land \u2013 rund 60% unseres BIP werden durch Exporte erwirtschaftet. Der Zugang zu internationalen M\u00e4rkten ist daher entscheidend f\u00fcr unseren Wohlstand.<br \/>\nViele Menschen erkennen die Vorteile der WTO nicht mehr bewusst, weil sie diese als selbstverst\u00e4ndlich ansehen. Doch eines der Kernprinzipien der WTO ist die Nichtdiskriminierung \u2013 also gleiche Handelsbedingungen f\u00fcr alle Mitgliedsstaaten. Etwa 74% des weltweiten Handels erfolgen derzeit auf Basis der WTO-Regeln. Allein diese Zahl unterstreicht die enorme Bedeutung der Organisation. Studien des Kiel Instituts f\u00fcr Weltwirtschaft zeigen, welche Folgen ein Ausfall der WTO h\u00e4tte: Es entst\u00fcnde eine stark fragmentierte Weltwirtschaftsordnung. Kurzfristig w\u00fcrde das BIP etwa in Deutschland um 3% sinken, in China sogar um 6%. Diese Zahlen machen deutlich, wie wichtig die WTO f\u00fcr die Stabilit\u00e4t des globalen Handels ist.<\/p>\n<p><strong>Barbara Tasch-Ronner: 30 Jahre WTO \u2013 Gibt es Grund zu feiern?\u00a0<\/strong><br \/>\n<strong>Danai Budas:<\/strong> Die WTO feiert in diesem Jahr ihr 30-j\u00e4hriges Bestehen \u2013 ein bedeutender Meilenstein seit ihrer Gr\u00fcndung 1995. Sie hat ma\u00dfgeblich zu wirtschaftlichen Globalisierung und zur Erleichterung des Welthandels beigetragen. Gleichzeitig sah sich die WTO mit gro\u00dfen Herausforderungen konfrontiert: Handelskriege, zunehmend komplexe Lieferketten, scheinbar unl\u00f6sbare Interessenskonflikte zwischen Industrie- und\u00a0 Entwicklungsl\u00e4nder und ein dringender Reformbedarf. Die letzte gr\u00f6\u00dfere Reform \u2013 das Abkommen zu Fischereisubventionen zur Eind\u00e4mmung der \u00dcberfischung \u2013 war zwar ein wichtiger Schritt, doch aus Sicht der Industrie sind noch viele Themen ungel\u00f6st. Ein Konsens unter 166 Mitgliedsstaaten ist zweifelos schwer zu erreichen. Dass aber weiterhin L\u00e4nder der WTO beitreten m\u00f6chten, zeigt ihre ungebrochene Relevanz. Trotz aller Herausforderungen bleibt die WTO ein Eckpfeiler des globalen Handelssystems \u2013 allein das ist Grund f\u00fcr vorsichtigen Optimismus.<\/p>\n<p><strong>Barbara Tasch-Ronner: Was sind die gr\u00f6\u00dften Herausforderungen der WTO?<\/strong><br \/>\n<strong>Danai Budas:<\/strong> Eine der gr\u00f6\u00dften Herausforderungen \u2013 und zugleich eine gro\u00dfe Chance \u2013 ist die Vielfalt der Mitgliedsstaaten. 166 L\u00e4nder mit unterschiedlichen<img loading=\"lazy\" decoding=\"async\" class=\" wp-image-25500 alignright\" src=\"https:\/\/www.united-europe.eu\/wp-content\/uploads\/2025\/06\/young_leaders_advocacy_seminar_2025_04_30_by_markus_lang_bichl_0185.jpeg\" alt=\"\" width=\"376\" height=\"251\" srcset=\"https:\/\/www.united-europe.eu\/wp-content\/uploads\/2025\/06\/young_leaders_advocacy_seminar_2025_04_30_by_markus_lang_bichl_0185.jpeg 640w, https:\/\/www.united-europe.eu\/wp-content\/uploads\/2025\/06\/young_leaders_advocacy_seminar_2025_04_30_by_markus_lang_bichl_0185-120x80.jpeg 120w, https:\/\/www.united-europe.eu\/wp-content\/uploads\/2025\/06\/young_leaders_advocacy_seminar_2025_04_30_by_markus_lang_bichl_0185-90x60.jpeg 90w, https:\/\/www.united-europe.eu\/wp-content\/uploads\/2025\/06\/young_leaders_advocacy_seminar_2025_04_30_by_markus_lang_bichl_0185-320x214.jpeg 320w, https:\/\/www.united-europe.eu\/wp-content\/uploads\/2025\/06\/young_leaders_advocacy_seminar_2025_04_30_by_markus_lang_bichl_0185-560x374.jpeg 560w, https:\/\/www.united-europe.eu\/wp-content\/uploads\/2025\/06\/young_leaders_advocacy_seminar_2025_04_30_by_markus_lang_bichl_0185-633x422.jpeg 633w, https:\/\/www.united-europe.eu\/wp-content\/uploads\/2025\/06\/young_leaders_advocacy_seminar_2025_04_30_by_markus_lang_bichl_0185-150x100.jpeg 150w, https:\/\/www.united-europe.eu\/wp-content\/uploads\/2025\/06\/young_leaders_advocacy_seminar_2025_04_30_by_markus_lang_bichl_0185-220x147.jpeg 220w, https:\/\/www.united-europe.eu\/wp-content\/uploads\/2025\/06\/young_leaders_advocacy_seminar_2025_04_30_by_markus_lang_bichl_0185-240x160.jpeg 240w, https:\/\/www.united-europe.eu\/wp-content\/uploads\/2025\/06\/young_leaders_advocacy_seminar_2025_04_30_by_markus_lang_bichl_0185-180x120.jpeg 180w, https:\/\/www.united-europe.eu\/wp-content\/uploads\/2025\/06\/young_leaders_advocacy_seminar_2025_04_30_by_markus_lang_bichl_0185-300x200.jpeg 300w, https:\/\/www.united-europe.eu\/wp-content\/uploads\/2025\/06\/young_leaders_advocacy_seminar_2025_04_30_by_markus_lang_bichl_0185-440x294.jpeg 440w\" sizes=\"auto, (max-width: 376px) 100vw, 376px\" \/> Wirtschaftsstrukturen, Interessen und politischen Systemen an einen Tisch zu bringen, ist eine enorme Aufgabe. Dennoch zeigt die Tatsache, dass sie sich regelm\u00e4\u00dfig bem\u00fchen, Kompromisse zu finden, wie stark die Idee des Multilateralismus trotz aller Spannungen weiterhin ist. Wir d\u00fcrfen nicht vergessen: Selbst bilaterale Handelsabkommen brauchen oft f\u00fcnf bis sechs Jahre bis zum Abschluss. Dass multilaterale Verhandlungen mit noch mehr Akteuren Zeit und Geduld erfordern, ist daher nachvollziehbar.<\/p>\n<p><strong>Barbara Tasch-Ronner: Wie steht es um den Druck auf den Welthandel \u2013 insbesondere aus den USA?<\/strong><br \/>\n<strong>Danai Budas: <\/strong>Ja, es sind schwierige Zeiten f\u00fcr den globalen Handel. Die Drohung neuer Z\u00f6lle und der grunds\u00e4tzliche Angriff auf den Multilateralismus unter Pr\u00e4sident Trump haben erheblichen Schaden angerichtet. Doch wie die derzeitige Generaldirektorin der WTO betont, zeigt gerade diese Entwicklung, wie wichtig ein funktionierendes multilaterales Handelssystem ist. Eine reale Bedrohung ist, dass die USA seit 2024 keine Mitgliedsbeitr\u00e4ge mehr gezahlt hat. Als gr\u00f6\u00dfter Einzelzahler stellt das ein ernstzunehmendes Risiko dar. Die USA als gro\u00dfe Volkswirtschaft bevorzugen h\u00e4ufig bilaterale Abkommen, bei denen sie eine st\u00e4rkere Verhandlungsposition haben, doch genau deshalb ist die WTO so wichtig: Sie gibt auch kleineren L\u00e4ndern eine Stimme auf der Weltb\u00fchne.<br \/>\nIch hoffe sehr, dass die USA Teil der WTO bleiben. Selbst wenn nicht\u2013 die Organisation wird weiter bestehen und auch relevant bleiben. Aber ja, ohne die USA w\u00e4re sie deutlich weniger effektiv.<\/p>\n<p><strong>Barbara Tasch-Ronner: Wie steht es um die Blockade des WTO-Berufungsgremiums. Kann die Streitbeilegung wiederhergestellt werden?\u00a0<\/strong><br \/>\n<strong>Danai Budas: <\/strong>Das ist eines der dringendsten Probleme. Das Berufungsgremium \u2013 gewisserma\u00dfen das oberste Gericht der WTO- Streitbeiegung \u2013 ist seit 2019 aufgrund einer Blockade der USA bei der Ernennung neuer Richter nicht mehr funktionsf\u00e4hig. Dieses Gremium gilt als das &#8222;Kronjuwel&#8220; der WTO, da es f\u00fcr die Durchsetzung der internationalen Regeln steht. Die USA kritisieren, dass Entscheidungen ihre nationale Souver\u00e4nit\u00e4t beeintr\u00e4chtigen \u2013 und in gewissem Ma\u00df sind diese Bedenken nachvollziehbar. Wir m\u00fcssen diese ernst nehmen und als Ausgangspunkt f\u00fcr Verhandlungen nutzen.<br data-start=\"5683\" data-end=\"5686\" \/><strong>Die EU und gleichgesinnte Partner wie Australien, Kanada und auch China haben bereits plurilaterale \u00dcbergangsl\u00f6sungen geschaffen, um Streitigkeiten bis zur Wiederherstellung des WTO-Systems beizulegen. <\/strong>Langfristig muss das Berufungsgremium jedoch wieder voll funktionsf\u00e4hig sein. Ohne dieses Gremium gehen Berufungen ins Leere \u2013 was das gesamte System schw\u00e4cht.<\/p>\n<p><strong>Barbara Tasch-Ronner:<\/strong> <strong>Was muss geschehen, um die WTO wieder fit f\u00fcr die Zukunft zu machen?\u00a0<\/strong><br \/>\n<strong>Danai Budas:<\/strong> Die WTO braucht dringend Reformen, um im heutigen globalen Wirtschaftssystem relevant zu bleiben. Ein zentrales Thema ist der faire Wettbewerb. Seit 1995 hat sich die Welt grundlegend ver\u00e4ndert, viele neue L\u00e4nder sind beigetreten. L\u00e4nder wie \u00d6sterreich haben zunehmend Schwierigkeiten, in Drittstaaten mit stark subventionierten <strong>chinesischen<\/strong> <strong>Automobilherstellern<\/strong> zu konkurrieren.<br \/>\nDie EU unterliegt strengen Beihilfevorschriften, andere L\u00e4nder halten sich nicht an solche Standards. Zwar gibt es WTO-Regeln zu Subventionen, aber diese werden oft nicht ausreichend durchgesetzt.<br \/>\nEin weiteres Beispiel ist die <strong>Stahlindustrie<\/strong>: \u00dcberkapazit\u00e4ten weltweit, kombiniert mit Strafz\u00f6llen, versch\u00e4rfen die Situation zus\u00e4tzlich. Plurilaterale Abkommen k\u00f6nnen kurzfristig ein pragmatischer Weg sein \u2013 dennoch hoffen wir langfristig auf einen breiteren Konsens zu den zentralen Fragen des Welthandels.<\/p>\n<p><strong>Q&amp;A<\/strong><br \/>\n<strong><img loading=\"lazy\" decoding=\"async\" class=\" wp-image-25498 alignleft\" src=\"https:\/\/www.united-europe.eu\/wp-content\/uploads\/2025\/06\/young_leaders_advocacy_seminar_2025_05_30_by_markus_lang_bichl_0302-2.jpeg\" alt=\"\" width=\"335\" height=\"223\" srcset=\"https:\/\/www.united-europe.eu\/wp-content\/uploads\/2025\/06\/young_leaders_advocacy_seminar_2025_05_30_by_markus_lang_bichl_0302-2.jpeg 640w, https:\/\/www.united-europe.eu\/wp-content\/uploads\/2025\/06\/young_leaders_advocacy_seminar_2025_05_30_by_markus_lang_bichl_0302-2-120x80.jpeg 120w, https:\/\/www.united-europe.eu\/wp-content\/uploads\/2025\/06\/young_leaders_advocacy_seminar_2025_05_30_by_markus_lang_bichl_0302-2-90x60.jpeg 90w, https:\/\/www.united-europe.eu\/wp-content\/uploads\/2025\/06\/young_leaders_advocacy_seminar_2025_05_30_by_markus_lang_bichl_0302-2-320x214.jpeg 320w, https:\/\/www.united-europe.eu\/wp-content\/uploads\/2025\/06\/young_leaders_advocacy_seminar_2025_05_30_by_markus_lang_bichl_0302-2-560x374.jpeg 560w, https:\/\/www.united-europe.eu\/wp-content\/uploads\/2025\/06\/young_leaders_advocacy_seminar_2025_05_30_by_markus_lang_bichl_0302-2-633x422.jpeg 633w, https:\/\/www.united-europe.eu\/wp-content\/uploads\/2025\/06\/young_leaders_advocacy_seminar_2025_05_30_by_markus_lang_bichl_0302-2-150x100.jpeg 150w, https:\/\/www.united-europe.eu\/wp-content\/uploads\/2025\/06\/young_leaders_advocacy_seminar_2025_05_30_by_markus_lang_bichl_0302-2-220x147.jpeg 220w, https:\/\/www.united-europe.eu\/wp-content\/uploads\/2025\/06\/young_leaders_advocacy_seminar_2025_05_30_by_markus_lang_bichl_0302-2-240x160.jpeg 240w, https:\/\/www.united-europe.eu\/wp-content\/uploads\/2025\/06\/young_leaders_advocacy_seminar_2025_05_30_by_markus_lang_bichl_0302-2-180x120.jpeg 180w, https:\/\/www.united-europe.eu\/wp-content\/uploads\/2025\/06\/young_leaders_advocacy_seminar_2025_05_30_by_markus_lang_bichl_0302-2-300x200.jpeg 300w, https:\/\/www.united-europe.eu\/wp-content\/uploads\/2025\/06\/young_leaders_advocacy_seminar_2025_05_30_by_markus_lang_bichl_0302-2-440x294.jpeg 440w\" sizes=\"auto, (max-width: 335px) 100vw, 335px\" \/>W\u00fcrde die WTO ohne die USA noch funktionieren \u2013 und warum sollten kleinere L\u00e4nder Mitglied bleiben?\u00a0<\/strong><br \/>\n<strong>Danai Budas:<\/strong> Technisch gesehen ja \u2013 die WTO w\u00fcrde auch ohne die USA weiterexistieren. Aber sie w\u00fcrde einen Gro\u00dfteil ihres Gewichts und Einflusses verlieren. Es ist allerdings auch nicht realistisch anzunehmen, dass sich die USA vollst\u00e4ndig zur\u00fcckziehen. Ein Austritt w\u00fcrde bedeuten, dass die USA s\u00e4mtliche Handelsabkommen mit 166 L\u00e4ndern neu verhandeln m\u00fcssten \u2013 ein gewaltiger und kostspieliger Kraftakt, der sichc \u00fcber Jahre hinziehen k\u00f6nnte.<\/p>\n<p><strong>Wie steht es um Z\u00f6lle und globale Lieferketten \u2013 handelt es sich dabei um reale Bedrohungen oder nur politisches Theater?\u00a0<\/strong><br \/>\nLieferketten sind heute tief miteinander verflochten. In den vergangenen 50 Jahren ist die Logstik des Welthandels enorm komplex geworden \u2013 ein Auto \u00fcberquert w\u00e4hrend der Montage mehrmals Landesgrenzen. In den USA kann es vorkommen, dass ein Fahrzeug bis zu sieben Mal zwischen den USA und Mexico hin- und her transportiert wird, bevor es fertiggestellt ist.<br \/>\n<strong>Danai Budas:<\/strong> Diese Komplexit\u00e4t macht es extrem schwierig, Z\u00f6lle wirksam umzusetzen, ohne unbeabsichtigte Sch\u00e4den zu verursachen. Deshalb sehe ich viele dieser angedrohten Z\u00f6lle eher als Verhandlungstaktik. Sie dienen dazu, Druck auszu\u00fcben und die Gegenseite zu Zugest\u00e4ndnissen zu bewegen.<br data-start=\"1304\" data-end=\"1307\" \/>In diesem Sinne sind Z\u00f6lle oft ein Mittel, um Gespr\u00e4che zu er\u00f6ffnen \u2013 nicht unbedingt langfristige handelspolitische Ma\u00dfnahmen.<\/p>\n<p><em>Das Interview wurde im Rahmen des Young-Leaders-Seminar am 30. April 2025\u00a0 in Wien gef\u00fchrt. Wir danken Barbara Tasch-Ronner und Danai Budas f\u00fcr ihre Teilnahme.<\/em><\/p>\n","protected":false},"excerpt":{"rendered":"<p>In einer Zeit zunehmenden Protektionismus und wachsender Skepsis gegen\u00fcber internationalen Institutionen steht die Welthandelsorganisation (WTO) an einem entscheidenden Wendepunkt. Anl\u00e4sslich des 30-j\u00e4hrigen Bestehens der WTO sprach Barbara Tasch-Ronner, Vorstandsmitglied von&hellip;<\/p>\n","protected":false},"author":31,"featured_media":25489,"comment_status":"closed","ping_status":"closed","sticky":false,"template":"","format":"standard","meta":{"_acf_changed":false,"footnotes":""},"categories":[587,620],"tags":[],"powerkit_post_featured":[],"class_list":{"0":"post-25502","1":"post","2":"type-post","3":"status-publish","4":"format-standard","5":"has-post-thumbnail","7":"category-advocacy-seminare","8":"category-news-de"},"acf":[],"aioseo_notices":[],"_links":{"self":[{"href":"https:\/\/www.united-europe.eu\/de\/wp-json\/wp\/v2\/posts\/25502","targetHints":{"allow":["GET"]}}],"collection":[{"href":"https:\/\/www.united-europe.eu\/de\/wp-json\/wp\/v2\/posts"}],"about":[{"href":"https:\/\/www.united-europe.eu\/de\/wp-json\/wp\/v2\/types\/post"}],"author":[{"embeddable":true,"href":"https:\/\/www.united-europe.eu\/de\/wp-json\/wp\/v2\/users\/31"}],"replies":[{"embeddable":true,"href":"https:\/\/www.united-europe.eu\/de\/wp-json\/wp\/v2\/comments?post=25502"}],"version-history":[{"count":11,"href":"https:\/\/www.united-europe.eu\/de\/wp-json\/wp\/v2\/posts\/25502\/revisions"}],"predecessor-version":[{"id":25528,"href":"https:\/\/www.united-europe.eu\/de\/wp-json\/wp\/v2\/posts\/25502\/revisions\/25528"}],"wp:featuredmedia":[{"embeddable":true,"href":"https:\/\/www.united-europe.eu\/de\/wp-json\/wp\/v2\/media\/25489"}],"wp:attachment":[{"href":"https:\/\/www.united-europe.eu\/de\/wp-json\/wp\/v2\/media?parent=25502"}],"wp:term":[{"taxonomy":"category","embeddable":true,"href":"https:\/\/www.united-europe.eu\/de\/wp-json\/wp\/v2\/categories?post=25502"},{"taxonomy":"post_tag","embeddable":true,"href":"https:\/\/www.united-europe.eu\/de\/wp-json\/wp\/v2\/tags?post=25502"},{"taxonomy":"powerkit_post_featured","embeddable":true,"href":"https:\/\/www.united-europe.eu\/de\/wp-json\/wp\/v2\/powerkit_post_featured?post=25502"}],"curies":[{"name":"wp","href":"https:\/\/api.w.org\/{rel}","templated":true}]}}