{"id":25435,"date":"2025-06-30T14:47:54","date_gmt":"2025-06-30T12:47:54","guid":{"rendered":"https:\/\/www.united-europe.eu\/?p=25435"},"modified":"2025-07-18T12:42:40","modified_gmt":"2025-07-18T10:42:40","slug":"kluge-koepfe-bewegen-europa-european-economic-conference-4-rueckblick-auf-2025-save-the-date-2026","status":"publish","type":"post","link":"https:\/\/www.united-europe.eu\/de\/2025\/06\/kluge-koepfe-bewegen-europa-european-economic-conference-4-rueckblick-auf-2025-save-the-date-2026\/","title":{"rendered":"Kluge K\u00f6pfe bewegen Europa: European Economic Conference #4 \u2013 R\u00fcckblick auf 2025 &#038; Save the Date 2026"},"content":{"rendered":"<p data-start=\"80\" data-end=\"644\">Zum vierten Mal fand am 3. und 4. Juni 2025 die <strong data-start=\"128\" data-end=\"166\">European Economic Conference (EEC)<\/strong> statt, die im Jahr 2022 von der Frankfurter Allgemeinen Zeitung (FAZ), der European School of Management and Technology (ESMT) sowie United Europe ins Leben gerufen wurde. In diesem Jahr hatten sich \u00fcber 300 Entscheiderinnen und Entscheider aus Wirtschaft und Politik zur Teilnahme angemeldet \u2013 die EEC w\u00e4chst weiter und entwickelt sich zunehmend zu einem bedeutenden Treffpunkt f\u00fcr all jene, die die politische und wirtschaftliche Zukunft Europas mitgestalten m\u00f6chten.<\/p>\n<p data-start=\"646\" data-end=\"941\">Rund 40 Sprecherinnen und Sprecher sowie Impulsgeberinnen und Impulsgeber diskutierten in 15 Reden und Diskussionsrunden dar\u00fcber, wie der Wirtschaftsstandort Europa sicher und nachhaltig wachsen kann \u2013 und mit welchen Initiativen Wettbewerbsf\u00e4higkeit und Innovationskraft gest\u00e4rkt werden k\u00f6nnen.<\/p>\n<p>Nach den Begr\u00fc\u00dfungsreden von <strong>Gerald Braunberger<\/strong> (Herausgeber Frankfurter Allgemeine Zeitung) und <strong>J\u00f6rg Rocholl<\/strong> (Pr\u00e4sident der ESMT), die in diesem Jahr gemeinsam mit <strong>G\u00fcnther H. Oettinger<\/strong> (Pr\u00e4sident United Europe, e.V.) die 2-t\u00e4gige Konferenz er\u00f6ffneten, diskutierten Wirtschaftsf\u00fchrer und Politiker zu aktuellen europ\u00e4ischen Themenschwerpunkten, darunter <strong>Karan Bhatia<\/strong>, Global Head Government Affairs &amp; Public Policy, Google, <strong>Andrea Casaluci,<\/strong> CEO, Pirelli, <strong>Dr. Markus Krebber,<\/strong> CEO, RWE AG, <strong>Prof. Reinhold R. Geilsd\u00f6rfer,<\/strong> Gesch\u00e4ftsf\u00fchrer, Dieter Schwarz Stiftung gGmbH, <strong>Marzena Czarnecka<\/strong>, Industrieministerin, Republik Polen,<strong> Jens Spahn<\/strong>, Fraktionsvorsitzender, Bundestagsfraktion CDU\/CSU und <strong>Andreas Mundt<\/strong>, Pr\u00e4sident, Bundeskartellamt. Von United Europe waren zwei Vertreter von Firmenmitgliedern, <strong>Hugh Elliott<\/strong>, Executive Chairman, Iberdrola Energ\u00eda Internacional und <strong>Dr. Laura Hirvi<\/strong>, Public Policy Manager DACH, Meta, vor Ort.<\/p>\n<p>Den vollst\u00e4ndigen R\u00fcckblick auf die EEC k\u00f6nnen Sie auf der <a href=\"https:\/\/www.faz-konferenzen.de\/european-economic-conference\/\">Website<\/a> der EEC <a href=\"https:\/\/www.faz-konferenzen.de\/european-economic-conference\/european-economic-conference-rueckblick\/\">hier <\/a>sehen.<\/p>\n<figure id=\"attachment_25508\" aria-describedby=\"caption-attachment-25508\" style=\"width: 498px\" class=\"wp-caption alignleft\"><img loading=\"lazy\" decoding=\"async\" class=\"wp-image-25508\" src=\"https:\/\/www.united-europe.eu\/wp-content\/uploads\/2025\/06\/20250603-EEC-0696-800x572.jpg\" alt=\"\" width=\"498\" height=\"356\" srcset=\"https:\/\/www.united-europe.eu\/wp-content\/uploads\/2025\/06\/20250603-EEC-0696-800x572.jpg 800w, https:\/\/www.united-europe.eu\/wp-content\/uploads\/2025\/06\/20250603-EEC-0696-1160x829.jpg 1160w, https:\/\/www.united-europe.eu\/wp-content\/uploads\/2025\/06\/20250603-EEC-0696-1536x1097.jpg 1536w, https:\/\/www.united-europe.eu\/wp-content\/uploads\/2025\/06\/20250603-EEC-0696-2048x1463.jpg 2048w, https:\/\/www.united-europe.eu\/wp-content\/uploads\/2025\/06\/20250603-EEC-0696-120x86.jpg 120w, https:\/\/www.united-europe.eu\/wp-content\/uploads\/2025\/06\/20250603-EEC-0696-90x64.jpg 90w, https:\/\/www.united-europe.eu\/wp-content\/uploads\/2025\/06\/20250603-EEC-0696-320x229.jpg 320w, https:\/\/www.united-europe.eu\/wp-content\/uploads\/2025\/06\/20250603-EEC-0696-560x400.jpg 560w, https:\/\/www.united-europe.eu\/wp-content\/uploads\/2025\/06\/20250603-EEC-0696-1920x1372.jpg 1920w, https:\/\/www.united-europe.eu\/wp-content\/uploads\/2025\/06\/20250603-EEC-0696-633x452.jpg 633w, https:\/\/www.united-europe.eu\/wp-content\/uploads\/2025\/06\/20250603-EEC-0696-140x100.jpg 140w, https:\/\/www.united-europe.eu\/wp-content\/uploads\/2025\/06\/20250603-EEC-0696-220x157.jpg 220w, https:\/\/www.united-europe.eu\/wp-content\/uploads\/2025\/06\/20250603-EEC-0696-3072x2195.jpg 3072w, https:\/\/www.united-europe.eu\/wp-content\/uploads\/2025\/06\/20250603-EEC-0696-240x171.jpg 240w, https:\/\/www.united-europe.eu\/wp-content\/uploads\/2025\/06\/20250603-EEC-0696-180x129.jpg 180w, https:\/\/www.united-europe.eu\/wp-content\/uploads\/2025\/06\/20250603-EEC-0696-640x457.jpg 640w, https:\/\/www.united-europe.eu\/wp-content\/uploads\/2025\/06\/20250603-EEC-0696-1120x800.jpg 1120w, https:\/\/www.united-europe.eu\/wp-content\/uploads\/2025\/06\/20250603-EEC-0696-1600x1143.jpg 1600w, https:\/\/www.united-europe.eu\/wp-content\/uploads\/2025\/06\/20250603-EEC-0696-2320x1658.jpg 2320w, https:\/\/www.united-europe.eu\/wp-content\/uploads\/2025\/06\/20250603-EEC-0696-3840x2743.jpg 3840w, https:\/\/www.united-europe.eu\/wp-content\/uploads\/2025\/06\/20250603-EEC-0696-1266x904.jpg 1266w, https:\/\/www.united-europe.eu\/wp-content\/uploads\/2025\/06\/20250603-EEC-0696-280x200.jpg 280w, https:\/\/www.united-europe.eu\/wp-content\/uploads\/2025\/06\/20250603-EEC-0696-440x314.jpg 440w, https:\/\/www.united-europe.eu\/wp-content\/uploads\/2025\/06\/20250603-EEC-0696-scaled.jpg 2560w\" sizes=\"auto, (max-width: 498px) 100vw, 498px\" \/><figcaption id=\"caption-attachment-25508\" class=\"wp-caption-text\">Gerald Braunberger \u00a9 F.A.Z. Business Media GmbH \/ J. Wolter<\/figcaption><\/figure>\n<h3 id=\"europa-ist-wirtschaftlich-ein-riese-politisch-ein-zwerg-und-militaerisch-ein-wurm\" class=\"pk-callout\">Europa ist wirtschaftlich ein Riese, politisch ein Zwerg und milit\u00e4risch ein Wurm<\/h3>\n<p data-start=\"182\" data-end=\"708\">konstatierte bereits 1991 der belgische Premierminister Marc Eyskens. An diese Einsch\u00e4tzung kn\u00fcpfte Gerald Braunberger, Herausgeber der <strong data-start=\"405\" data-end=\"446\">Frankfurter Allgemeinen Zeitung (FAZ)<\/strong>, in seiner Er\u00f6ffnungsrede an. Er warnte: Europa droht nicht nur wirtschaftlich hinter die USA zur\u00fcckzufallen \u2013 es fehlt vor allem an einer umfassenden <strong data-start=\"598\" data-end=\"616\">Grand Strategy<\/strong>, die wirtschaftliche, politische und milit\u00e4rische Ziele definiert und aufeinander abstimmt. Die Defizite der Europ\u00e4ischen Union sind im Vergleich zu den Vereinigten Staaten un\u00fcbersehbar \u2013 sowohl beim Pro-Kopf-Einkommen als auch bei der wirtschaftlichen Leistungsf\u00e4higkeit. Doch der R\u00fcckstand zeigt sich auch auf einem anderen, hochmodernen Terrain: dem Weltraum. Von weltweit rund 10.000 betriebsf\u00e4higen Satelliten entfallen etwa 7.600 auf Starlink, das Satellitennetzwerk von Elon Musk. Das Unternehmen hat bereits Genehmigungen f\u00fcr weitere 20.000 Satelliten erhalten. Im Gegensatz dazu k\u00e4mpft die europ\u00e4ische Raumfahrtagentur mit ihrem Projekt <em data-start=\"1266\" data-end=\"1274\">Iris 2<\/em>, das lediglich 300 Satelliten in den Orbit bringen soll \u2013 ein symbolischer Wert im Vergleich zu den Ambitionen anderer globaler Akteure.<\/p>\n<p data-start=\"1413\" data-end=\"1935\">Europa steht damit vor einem tiefgreifenden Wandel \u2013 und dieser f\u00e4llt schwer. Braunberger bringt es auf den Punkt: \u201eWenn wir ehrlich sind, ver\u00e4ndern wir uns nur unter Druck. Die Wahlergebnisse der letzten Jahre h\u00e4tten bereits genug Druck erzeugen m\u00fcssen. Doch heute stehen wir zus\u00e4tzlich unter dem Druck dreier \u00e4lterer Herren, die nicht in Europa ans\u00e4ssig sind: Donald Trump, Wladimir Putin und Xi Jinping. Ob es ausreicht, wenn der Staat einfach Geld ausgibt, ohne strategische Antworten zu liefern, bleibt fraglich.\u201c<\/p>\n<p data-start=\"1937\" data-end=\"2268\">Einer der Gr\u00fcnderv\u00e4ter der EU und Europavision\u00e4r <strong data-start=\"1956\" data-end=\"1971\">Jean Monnet<\/strong> hatte einst vorausgesagt, Europa werde sich in der Krise formen, und die Summe der L\u00f6sungen werde das Europa der Zukunft pr\u00e4gen. Eine treffende Beobachtung \u2013 doch schnelle Antworten auf unvorhergesehene Krisen bleiben h\u00e4ufig blo\u00dfe Improvisation. Und Improvisation ist das Gegenteil von Strategie.<\/p>\n<p data-start=\"2270\" data-end=\"2448\">Was Europa jetzt braucht, ist ein offener, \u00f6ffentlicher Dialog \u00fcber strategische Fragen \u2013 ein Aufruf, der sich gleicherma\u00dfen an Politik, Medien und die Zivilgesellschaft richtet.<\/p>\n<p data-start=\"2270\" data-end=\"2448\"><strong>Gerald Braunberger<\/strong>, <em>Herausgeber der Frankfurter Allgemeine Zeitung<\/em><\/p>\n<hr \/>\n<figure id=\"attachment_25447\" aria-describedby=\"caption-attachment-25447\" style=\"width: 500px\" class=\"wp-caption alignright\"><img loading=\"lazy\" decoding=\"async\" class=\"wp-image-25447\" src=\"https:\/\/www.united-europe.eu\/wp-content\/uploads\/2025\/06\/20250603-EEC-0841-1_Gunther-H.-Oettinger.jpg\" alt=\"\" width=\"500\" height=\"333\" srcset=\"https:\/\/www.united-europe.eu\/wp-content\/uploads\/2025\/06\/20250603-EEC-0841-1_Gunther-H.-Oettinger.jpg 730w, https:\/\/www.united-europe.eu\/wp-content\/uploads\/2025\/06\/20250603-EEC-0841-1_Gunther-H.-Oettinger-120x80.jpg 120w, https:\/\/www.united-europe.eu\/wp-content\/uploads\/2025\/06\/20250603-EEC-0841-1_Gunther-H.-Oettinger-90x60.jpg 90w, https:\/\/www.united-europe.eu\/wp-content\/uploads\/2025\/06\/20250603-EEC-0841-1_Gunther-H.-Oettinger-320x213.jpg 320w, https:\/\/www.united-europe.eu\/wp-content\/uploads\/2025\/06\/20250603-EEC-0841-1_Gunther-H.-Oettinger-560x374.jpg 560w, https:\/\/www.united-europe.eu\/wp-content\/uploads\/2025\/06\/20250603-EEC-0841-1_Gunther-H.-Oettinger-633x422.jpg 633w, https:\/\/www.united-europe.eu\/wp-content\/uploads\/2025\/06\/20250603-EEC-0841-1_Gunther-H.-Oettinger-150x100.jpg 150w, https:\/\/www.united-europe.eu\/wp-content\/uploads\/2025\/06\/20250603-EEC-0841-1_Gunther-H.-Oettinger-220x147.jpg 220w, https:\/\/www.united-europe.eu\/wp-content\/uploads\/2025\/06\/20250603-EEC-0841-1_Gunther-H.-Oettinger-240x160.jpg 240w, https:\/\/www.united-europe.eu\/wp-content\/uploads\/2025\/06\/20250603-EEC-0841-1_Gunther-H.-Oettinger-180x120.jpg 180w, https:\/\/www.united-europe.eu\/wp-content\/uploads\/2025\/06\/20250603-EEC-0841-1_Gunther-H.-Oettinger-640x427.jpg 640w, https:\/\/www.united-europe.eu\/wp-content\/uploads\/2025\/06\/20250603-EEC-0841-1_Gunther-H.-Oettinger-300x200.jpg 300w, https:\/\/www.united-europe.eu\/wp-content\/uploads\/2025\/06\/20250603-EEC-0841-1_Gunther-H.-Oettinger-440x294.jpg 440w\" sizes=\"auto, (max-width: 500px) 100vw, 500px\" \/><figcaption id=\"caption-attachment-25447\" class=\"wp-caption-text\">G\u00fcnther H. Oettinger, Pr\u00e4sident United Europe e.V. \u00a9 F.A.Z. Business Media GmbH \/ J. Wolter<\/figcaption><\/figure>\n<h3 id=\"welche-chancen-trump-den-europaeern-bietet\" data-start=\"1572\" data-end=\"2042\">Welche Chancen Trump den Europ\u00e4ern bietet<\/h3>\n<p data-start=\"1572\" data-end=\"2042\">er\u00f6rtete <strong>G\u00fcnther H. Oettinger<\/strong> (Pr\u00e4sident von United Europe e.V.)\u00a0 u. a. in seiner Er\u00f6ffungsrede. Zwischen einem irrationalen, dominanten Pr\u00e4sidenten in Washington D.C.\u00a0 und einem rationalen, superdominanten Diktator in Peking kann Europa jetzt Vertrauen zur\u00fcckgewinnen. Denn Trump verliert Vertrauen \u2013 und gewinnt es nicht mehr zur\u00fcck. Sein Handelskrieg, sein Wirtschaftskrieg, die t\u00e4glich wechselnden Z\u00f6lle \u2013 sie verunsichern Investoren, verschrecken Marktteilnehmer und schaden den USA mehr als jeder anderen Region der Welt. Die Umarmung und gleichzeitige Erpressung durch China beunruhigt zudem viele in der arabischen Welt, in Afrika und anderen Regionen. <strong>Jetzt k\u00f6nnte die Stunde Europas schlagen:<\/strong> als sicherer Hafen f\u00fcr Kapital, Investitionen, als verl\u00e4sslicher Partner im internationalen Recht \u2013 <strong>wenn die Voraussetzungen geschaffen werden, wir handlungsf\u00e4hig sind und unsere Spielr\u00e4ume f\u00fcr die gro\u00dfen Fragen nutzen.<\/strong><\/p>\n<p><strong>Mercosur?<\/strong> Auch in Berlin wird das Handelsabkommen kritisch gesehen, in Frankreich, \u00d6sterreich und Polen abgelehnt. Ist ein Abkommen m\u00f6glich, ohne dass Europa Lateinamerika bevormundet oder dominieren will? Wenn nicht, verpassen wir eine herausragende Chance. Weitere Handelsabkommen \u2013 mit den Emiraten, mit Indien, Australien \u2013 sind m\u00f6glich. T\u00fcren \u00f6ffnen sich, wenn man sie auf der Basis klarer rechtlicher Rahmenbedingungen definiert. <strong>Handel muss jetzt Priorit\u00e4t der Europ\u00e4ischen Union werden.<\/strong><\/p>\n<p><strong>Warnung vor dem &#8222;Liz-Truss-Effekt&#8220;<br \/>\n<\/strong>Ich glaube, dass das, was mit Liz Truss in Gro\u00dfbritannien geschah, auch in Washington passieren k\u00f6nnte. Die USA zahlen inzwischen f\u00fcr die Zinsen auf ihre Schulden \u2013 ohne Tilgung \u2013 mehr als f\u00fcr Verteidigung oder Gesundheit.\u00a0 Auch in Deutschland leben wir \u00fcber unsere \u00f6konomischen Verh\u00e4ltnisse. Pflege, Gesundheit, Rente \u2013 ein Subventionsloch ohnegleichen. Die gro\u00dfe Gefahr besteht darin, dass die gro\u00dfen Subventionsprogramme dringend notwendige Reformen aufschieben. Wenn Deutschland in Haushaltsfragen nicht seri\u00f6s bleibt, werden andere L\u00e4nder wie Estland, Litauen, Lettland, Irland, die Niederlande und \u00d6sterreich auch nachlassen. Der Druck zum Schuldenmachen steigt \u2013 und dann ger\u00e4t die Eurozone in Lebensgefahr. <strong>Der Liz-Truss-Effekt.<\/strong><\/p>\n<p><strong>Big in Big Things \u2013 Konzentration auf das Wesentliche<br \/>\n<\/strong>Europa sollte sich auf die gro\u00dfen Aufgaben konzentrieren: <strong>Big in Big Things.<\/strong> Die Mitgliedsstaaten, Regionen, Kommunen, Wirtschaft und Arbeitswelt sollten bei kleineren Fragen mehr Freiheit bekommen. Wir haben einen AI Act \u2013 aber keine AI. Wir haben ein Lieferkettengesetz \u2013 aber keine seltenen Erden \u2013 Europa ist \u00fcberreguliert. Vor sechs Jahren versprach man: \u201eOne in, one out\u201c. Ergebnis: &#8222;Four in, one out&#8220;. CSRD, CSDDD, Taxonomie, Datenschutz-Grundverordnung \u2013 weniger w\u00e4re mehr. Ich hoffe, dass die Chance Europas, ein vertrauensw\u00fcrdiger Hafen zu werden, dazu f\u00fchrt, Priorit\u00e4ten zu setzen: Innovation, Infrastruktur, Forschung, \u00e4u\u00dfere Sicherheit, Standardisierung der Verteidigung, Cybersicherheit, Europol. Und bei kleineren Aufgaben: Zur\u00fcckhaltung. Die Menschen, die Entwicklungsregionen, die Kommunen \u2013 sie alle brauchen Luft zum Atmen. <strong>Weniger w\u00e4re viel mehr.<\/strong><\/p>\n<p><strong>Verteidigung: Ernst der Lage erkennen<br \/>\n<\/strong>Ein US-Botschafter sagte mir k\u00fcrzlich: <strong>\u201eIhr k\u00f6nnt doch nicht auf Dauer erwarten, dass 340 Millionen Amerikaner 550 Millionen Europ\u00e4er vor 140 Millionen Russen sch\u00fctzen.\u201c <\/strong>Die Zahlen sprechen f\u00fcr sich: Allein das BIP Deutschlands liegt bei ca. 4.500 Milliarden Euro \u2013 deutlich mehr als das von Russland mit ca. 2.900 Milliarden. Die EU insgesamt: 17.000 Milliarden. Wenn wir wirklich verteidigungsf\u00e4hig werden wollen \u2013 dann k\u00f6nnten wir es. Meine Sorge: Mit Schulden kann man Waffen kaufen \u2013 aber es fehlen Menschen, die sie bedienen. Stichwort: Wehrpflicht. Wie wird die Bundeswehr attraktiv f\u00fcr die junge Generation? Mit Einstiegs- und Aufstiegschancen, spannenden Arbeitsfeldern, echten Karriereaussichten?<\/p>\n<p><strong>Die Zeitenwende muss aus der Kaserne raus \u2013 auf den Marktplatz, in den Alltag, an den Stammtisch, in die Arbeitswelt.<\/strong> Wir haben den Ernst der Lage noch nicht erkannt. Ein Gespr\u00e4ch mit Esten, Letten, Litauern, Finnen oder Polen k\u00f6nnte helfen.<\/p>\n<p>Die vollst\u00e4ndigen Er\u00f6ffungsreden k\u00f6nnen Sie <a href=\"https:\/\/youtu.be\/G1sR60-Iw4g\">hier<\/a> sehen.<\/p>\n<hr \/>\n<figure id=\"attachment_25512\" aria-describedby=\"caption-attachment-25512\" style=\"width: 501px\" class=\"wp-caption alignleft\"><img loading=\"lazy\" decoding=\"async\" class=\" wp-image-25512\" src=\"https:\/\/www.united-europe.eu\/wp-content\/uploads\/2025\/06\/Panel-klein-800x383.jpg\" alt=\"\" width=\"501\" height=\"240\" srcset=\"https:\/\/www.united-europe.eu\/wp-content\/uploads\/2025\/06\/Panel-klein-800x383.jpg 800w, https:\/\/www.united-europe.eu\/wp-content\/uploads\/2025\/06\/Panel-klein-1160x555.jpg 1160w, https:\/\/www.united-europe.eu\/wp-content\/uploads\/2025\/06\/Panel-klein-1536x735.jpg 1536w, https:\/\/www.united-europe.eu\/wp-content\/uploads\/2025\/06\/Panel-klein-2048x980.jpg 2048w, https:\/\/www.united-europe.eu\/wp-content\/uploads\/2025\/06\/Panel-klein-120x57.jpg 120w, https:\/\/www.united-europe.eu\/wp-content\/uploads\/2025\/06\/Panel-klein-90x43.jpg 90w, https:\/\/www.united-europe.eu\/wp-content\/uploads\/2025\/06\/Panel-klein-320x153.jpg 320w, https:\/\/www.united-europe.eu\/wp-content\/uploads\/2025\/06\/Panel-klein-560x268.jpg 560w, https:\/\/www.united-europe.eu\/wp-content\/uploads\/2025\/06\/Panel-klein-1920x919.jpg 1920w, https:\/\/www.united-europe.eu\/wp-content\/uploads\/2025\/06\/Panel-klein-633x303.jpg 633w, https:\/\/www.united-europe.eu\/wp-content\/uploads\/2025\/06\/Panel-klein-180x86.jpg 180w, https:\/\/www.united-europe.eu\/wp-content\/uploads\/2025\/06\/Panel-klein-220x105.jpg 220w, https:\/\/www.united-europe.eu\/wp-content\/uploads\/2025\/06\/Panel-klein-3072x1471.jpg 3072w, https:\/\/www.united-europe.eu\/wp-content\/uploads\/2025\/06\/Panel-klein-240x115.jpg 240w, https:\/\/www.united-europe.eu\/wp-content\/uploads\/2025\/06\/Panel-klein-640x306.jpg 640w, https:\/\/www.united-europe.eu\/wp-content\/uploads\/2025\/06\/Panel-klein-1120x536.jpg 1120w, https:\/\/www.united-europe.eu\/wp-content\/uploads\/2025\/06\/Panel-klein-1600x766.jpg 1600w, https:\/\/www.united-europe.eu\/wp-content\/uploads\/2025\/06\/Panel-klein-2320x1111.jpg 2320w, https:\/\/www.united-europe.eu\/wp-content\/uploads\/2025\/06\/Panel-klein-3840x1838.jpg 3840w, https:\/\/www.united-europe.eu\/wp-content\/uploads\/2025\/06\/Panel-klein-1266x606.jpg 1266w, https:\/\/www.united-europe.eu\/wp-content\/uploads\/2025\/06\/Panel-klein-360x172.jpg 360w, https:\/\/www.united-europe.eu\/wp-content\/uploads\/2025\/06\/Panel-klein-440x211.jpg 440w, https:\/\/www.united-europe.eu\/wp-content\/uploads\/2025\/06\/Panel-klein-scaled.jpg 2560w\" sizes=\"auto, (max-width: 501px) 100vw, 501px\" \/><figcaption id=\"caption-attachment-25512\" class=\"wp-caption-text\">Dr. Yun Luo, Hugh Elliott, Benjamin Merle, Dr. Markus Krebber, Dr. Christian Geinitz (v.l.) \u00a9 F.A.Z. Business Media GmbH \/ J. Wolter<\/figcaption><\/figure>\n<h3 id=\"nachhaltigkeit-und-gruene-wirtschaftpanel-diskussion-die-zukunft-der-energie-und-ressourcenversorgung-in-der-eu-was-muss-sich-aendern\"><strong>Nachhaltigkeit und Gr\u00fcne Wirtschaft<\/strong><br \/>\n<strong>Panel-Diskussion: Die Zukunft der Energie- und Ressourcenversorgung in der EU \u2013 Was muss sich \u00e4ndern?<\/strong><\/h3>\n<p>Mit <strong>Hugh Elliott,<\/strong> Executive Chairman, Iberdrola Energ\u00eda Internacional, <strong>Dr. Markus Krebber<\/strong>, CEO, RWE AG, <strong>Dr. Yun Luo,<\/strong> Mitgr\u00fcnderin und CEO, ROSI SAS, <strong>Benjamin Merle<\/strong>, CPO, Enpal GmbH <strong>Moderation:<\/strong> Dr. Christian Geinitz, Wirtschaftskorrespondent der F.A.Z.<\/p>\n<p><strong>Christian Geinitz: <\/strong>Frau Luo, Sie spielen in der Solarindustrie eine wichtige Rolle. Solartechnik gilt als gr\u00fcn und nachhaltig, andererseits ben\u00f6tigt diese Technologie viele Ressourcen und Rohstoffe, und auch die Entsorgung ist nicht ganz trivial. Wie tragen Sie zur nachhaltigen Solarwende bei?<\/p>\n<p><strong>Dr. Yun Luo:<\/strong> Tats\u00e4chlich besch\u00e4ftigen wir uns bei Rosy mit genau diesem Thema (R\u00fcckgewinnung von Silizium). Silizium ist das wichtigste Material in Solarzellen. Wir haben eigene Technologien entwickelt, um diese hochreinen Rohstoffe zu recyceln und wieder aufzubereiten.<\/p>\n<p><strong>Christian Geinitz:<\/strong> Herr Merle, ist dieses Angebot, das Rosy bietet, f\u00fcr Enpal, einen der gro\u00dfen Anbieter von Solaranlagen, interessant? Kann man schon Material einsetzen, dessen Ressourcen wiederverwendet wurden?<\/p>\n<p><strong>Benjamin Merle:<\/strong> Kurzfristig sehe ich noch wenige Angebote, die wirtschaftlich interessant sind, auch weil der Preis neuer Module momentan extrem g\u00fcnstig ist. Doch wenn wir langfristig unabh\u00e4ngig werden wollen, stellt sich die Frage, wie wir die Rohstoffe im Land halten k\u00f6nnen. In diesem Zusammenhang sind Recycling-Anlagen die \u201eMinen der Zukunft\u201c.<\/p>\n<p><strong>Christian Geinitz:<\/strong> M\u00fcssten die Entsorgungskosten nicht auf die Preise der heute so kosteng\u00fcnstigen Solarpanels draufgeschlagen werden?<\/p>\n<p><strong>Benjamin Merle:<\/strong> Das ist richtig. Es gibt viele Kosten, die noch internalisiert werden m\u00fcssten. Ein Teil der Kosten wird bereits von den Entwicklern getragen, da sie Verpflichtungen haben, die Anlagen abzubauen und zu recyceln. Es gibt schon heute entsprechende Vorgaben.<\/p>\n<p><strong>Christian Geinitz:<\/strong> Herr Elliott, Sie treiben mit Ihrem Unternehmen den Vertrieb von erneuerbaren Energieanlagen voran. Als ehemaliger Botschafter haben Sie auch einen politischen Zugang zu diesem Thema, was sicherlich wichtig ist. Was tr\u00e4gt Ihr Unternehmen zur Energiewende bei?<\/p>\n<figure id=\"attachment_25533\" aria-describedby=\"caption-attachment-25533\" style=\"width: 216px\" class=\"wp-caption alignleft\"><img loading=\"lazy\" decoding=\"async\" class=\"wp-image-25533\" src=\"https:\/\/www.united-europe.eu\/wp-content\/uploads\/2025\/06\/HE-klein-800x833.jpg\" alt=\"\" width=\"216\" height=\"225\" srcset=\"https:\/\/www.united-europe.eu\/wp-content\/uploads\/2025\/06\/HE-klein-800x833.jpg 800w, https:\/\/www.united-europe.eu\/wp-content\/uploads\/2025\/06\/HE-klein-120x125.jpg 120w, https:\/\/www.united-europe.eu\/wp-content\/uploads\/2025\/06\/HE-klein-90x94.jpg 90w, https:\/\/www.united-europe.eu\/wp-content\/uploads\/2025\/06\/HE-klein-320x333.jpg 320w, https:\/\/www.united-europe.eu\/wp-content\/uploads\/2025\/06\/HE-klein-560x583.jpg 560w, https:\/\/www.united-europe.eu\/wp-content\/uploads\/2025\/06\/HE-klein-633x659.jpg 633w, https:\/\/www.united-europe.eu\/wp-content\/uploads\/2025\/06\/HE-klein-96x100.jpg 96w, https:\/\/www.united-europe.eu\/wp-content\/uploads\/2025\/06\/HE-klein-220x229.jpg 220w, https:\/\/www.united-europe.eu\/wp-content\/uploads\/2025\/06\/HE-klein-240x250.jpg 240w, https:\/\/www.united-europe.eu\/wp-content\/uploads\/2025\/06\/HE-klein-180x187.jpg 180w, https:\/\/www.united-europe.eu\/wp-content\/uploads\/2025\/06\/HE-klein-640x666.jpg 640w, https:\/\/www.united-europe.eu\/wp-content\/uploads\/2025\/06\/HE-klein-192x200.jpg 192w, https:\/\/www.united-europe.eu\/wp-content\/uploads\/2025\/06\/HE-klein-440x458.jpg 440w, https:\/\/www.united-europe.eu\/wp-content\/uploads\/2025\/06\/HE-klein.jpg 968w\" sizes=\"auto, (max-width: 216px) 100vw, 216px\" \/><figcaption id=\"caption-attachment-25533\" class=\"wp-caption-text\">Hugh Elliott, Iberdrola : \u00a9 F.A.Z. Business Media GmbH \/ J. Wolter<\/figcaption><\/figure>\n<p><strong>Hugh Elliott: <\/strong>Wenn wir \u00fcber Nachhaltigkeit sprechen, m\u00fcssen wir zu den grundlegenden Prinzipien zur\u00fcckkehren und verstehen, was Nachhaltigkeit eigentlich bedeutet. In unserer Branche geht es vor allem um die Elektrifizierung. Iberdrola hat vor rund 20 Jahren den Schritt in die erneuerbaren Energien gewagt und sich von einem traditionellen Energieversorger zu einem f\u00fchrenden Anbieter gr\u00fcner Energie entwickelt. Heute sind wir der gr\u00f6\u00dfte Energieversorger in Europa nach Marktkapitalisierung und verwalten etwa 140 Milliarden Euro an Verm\u00f6genswerten. Wir erzeugen und verteilen erneuerbare Energie in acht bis neun europ\u00e4ischen L\u00e4ndern und spielen eine aktive Rolle in der Energiewende \u2013 mit dem Ziel, noch mehr zu tun.<br \/>\nIn Deutschland betreiben wir den gr\u00f6\u00dften Offshore-Windpark der Ostsee, der eine Erzeugungskapazit\u00e4t von fast 800 GW umfasst. Aber wir sind noch lange nicht am Ende: Wir haben gro\u00dfes Interesse daran, unsere Aktivit\u00e4ten weiter auszubauen. Unsere Vision ist es, mit erneuerbarer Energie aus Europa eine verl\u00e4ssliche Versorgungssicherheit zu schaffen und zugleich einen entscheidenden Beitrag zum Klimaschutz zu leisten. Dabei erbringen wir nicht nur eine nachhaltige L\u00f6sung, sondern auch echte Wettbewerbsf\u00e4higkeit. Wir werden nicht mehr auf den Import von Gas oder fossilen Brennstoffen angewiesen sein \u2013 wir erzeugen die Energie, die wir ben\u00f6tigen, wenn der Wind weht oder die Sonne scheint. Diese erneuerbaren Ressourcen geh\u00f6ren uns.<\/p>\n<div class=\"flex max-w-full flex-col grow\">\n<div class=\"min-h-8 text-message relative flex w-full flex-col items-end gap-2 text-start break-words whitespace-normal [.text-message+&amp;]:mt-5\" dir=\"auto\" data-message-author-role=\"assistant\" data-message-id=\"d97e9a60-80ea-42bb-86d7-42d1e3a8a723\" data-message-model-slug=\"gpt-4o\">\n<div class=\"flex w-full flex-col gap-1 empty:hidden first:pt-[3px]\">\n<div class=\"markdown prose dark:prose-invert w-full break-words light\">\n<p><strong>Christian Geinitz:<\/strong> Herr Dr. Krebber, Sie sind der gr\u00f6\u00dfte deutsche Stromerzeuger und durchlaufen eine \u00e4hnliche Transformation wie Iberdrola von Herrn Elliott \u2013 also den \u00dcbergang von fossilen zu erneuerbaren Energien. Dennoch gibt es in Deutschland nach wie vor einen erheblichen Anteil an fossilen Energien, und auch der Ausbau fossiler Energien als Backup-Kraftwerke bleibt ein Thema. Mit dem Kohleausstiegsgesetz bis 2030 und dem Ausstieg aus der Kernkraft steht Deutschland vor gro\u00dfen Herausforderungen. Glauben Sie, dass wir den Kohle- und Kernkraftausstieg erfolgreich bew\u00e4ltigen k\u00f6nnen?<\/p>\n<p><strong>Markus Krebber:<\/strong> Das Ziel ist, eine sichere Energieversorgung zu gew\u00e4hrleisten, die so schnell wie m\u00f6glich dekarbonisiert wird. Ob wir nun von 2030 oder 2033 sprechen, das ist nicht die entscheidende Frage. Viel wichtiger ist, dass wir die Auslastung der Kohlekraftwerke so schnell wie m\u00f6glich senken. Ich denke, dass wir in Europa schon ein gutes St\u00fcck vorangekommen sind. Zum ersten Mal haben wir einen Monitoring-Bericht gesehen, der zeigt, dass die europ\u00e4ischen Klimaschutzziele bis 2030 fast erreicht sind \u2013 eine echte Leistung. Das ist vor allem durch die Elektrifizierung mit erneuerbaren Energien gelungen. Aber wir m\u00fcssen auch anerkennen, dass Themen wie Bezahlbarkeit, Versorgungssicherheit und Resilienz inzwischen eine viel gr\u00f6\u00dfere Bedeutung erlangt haben \u2013 und das nicht erst seit der Invasion in die Ukraine. Europa importiert Energie, und durch die geopolitischen Spannungen sind wir deutlich sensibler geworden. Und dann stellt sich die Frage nach der industriellen Wettbewerbsf\u00e4higkeit: Wie kann diese aufrechterhalten werden? Diese h\u00e4ngt wiederum von Versorgungssicherheit und Bezahlbarkeit ab \u2013 ein schwieriges Dreieck, das wir ausbalancieren m\u00fcssen.<br \/>\nDer Ausbau erneuerbarer Energien muss weitergehen, hier brauchen wir deutlich mehr Speichertechnologien. Der Batterieboom kommt, in Gro\u00dfbritannien ist er schon ziemlich weit, und auch in Deutschland geht es jetzt richtig los. Und wir ben\u00f6tigen eine Low-Carbon-Backup-Kapazit\u00e4t. Gaskraftwerke sind hier von Vorteil, da sie im Gegensatz zu Kohlekraftwerken potenziell dekarbonisiert werden k\u00f6nnen.<\/p>\n<\/div>\n<\/div>\n<\/div>\n<\/div>\n<p><strong>Christian Geinitz:<\/strong> CCS (Carbon Capture and Storage, CO2-Abscheidung und Speicherung) f\u00fcr Kohle ist nicht in Sicht?<\/p>\n<p><strong>Markus Krebber:<\/strong> Ich glaube nicht, dass jemand auf die Idee kommt, CCS bei Kohlekraftwerken oder Gaskraftwerken zu installieren. Warum? Die Auslastung dieser Anlagen wird immer weiter abnehmen. Schlussendlich wird die Auslastung so gering sein, dass auch die Emissionen keine gro\u00dfe Rolle spielen. Am Ende sind diese Kraftwerke nur noch das Backup, wenn mal nicht genug Wind und Sonne da sind.<\/p>\n<p><strong>Christian Geinitz:<\/strong> Zur Versorgungssicherheit: In Spanien und Portugal gingen die Lichter aus. Woran lag das? Sind die Erneuerbaren schuld, wie manche sagen?<\/p>\n<p><strong>Hugh Elliott:<\/strong> Der Vorfall in Spanien wurde nicht durch erneuerbare Energien verursacht. Technisch gesehen ist es durchaus m\u00f6glich, ein Stromnetz vollst\u00e4ndig mit erneuerbaren Energien zu betreiben, aber daf\u00fcr muss das Netz entsprechend ausgelegt sein. Auf nationaler Ebene ist das eine sehr komplexe Aufgabe. In unseren L\u00e4ndern gibt es Organisationen, die f\u00fcr den Betrieb der Netze verantwortlich sind und daf\u00fcr sorgen, dass die Stromversorgung gew\u00e4hrleistet bleibt.<\/p>\n<p>Was wir bisher noch nicht ausreichend thematisiert haben, ist, dass die Netze zunehmend zum Flaschenhals f\u00fcr die Energieversorgung werden. In vielen L\u00e4ndern haben wir bereits einen hohen Anteil an erneuerbaren Energien, aber das erfordert auch umfangreiche Investitionen in die Netzinfrastruktur. Diese Investitionen sind oft weniger im Rampenlicht als die Erzeugung erneuerbarer Energie, die gr\u00fcn und nachhaltig klingt. Netze hingegen werden von vielen als blo\u00dfe Kabel und Dr\u00e4hte wahrgenommen, die niemand direkt neben sich haben m\u00f6chte. Doch ohne Netze k\u00f6nnen wir das Licht nicht mit sauberer und bezahlbarer Energie versorgen.<\/p>\n<p>Deshalb ist es entscheidend, dass wir mehr in die Netzinfrastruktur investieren und die Interkonnektivit\u00e4t zwischen den L\u00e4ndern ausbauen. Europa geht in die richtige Richtung, der politische Rahmen daf\u00fcr ist vorhanden, aber wir brauchen noch deutlich mehr Investitionen in die Netze und deren Vernetzung, um die Kosten zu senken und die Energieversorgung langfristig zu sichern.<\/p>\n<p>Die vollst\u00e4ndige Paneldiskussion k\u00f6nnen Sie <a href=\"https:\/\/youtu.be\/wSBIf6eoClo\">hier<\/a> sehen.<\/p>\n<hr \/>\n<h3 id=\"loesungen-fuer-europa-technologie-und-innovation\">L\u00f6sungen f\u00fcr Europa: Technologie und Innovation<\/h3>\n<figure id=\"attachment_25475\" aria-describedby=\"caption-attachment-25475\" style=\"width: 498px\" class=\"wp-caption alignright\"><img loading=\"lazy\" decoding=\"async\" class=\" wp-image-25475\" src=\"https:\/\/www.united-europe.eu\/wp-content\/uploads\/2025\/06\/Hirvi.jpg\" alt=\"\" width=\"498\" height=\"332\" srcset=\"https:\/\/www.united-europe.eu\/wp-content\/uploads\/2025\/06\/Hirvi.jpg 730w, https:\/\/www.united-europe.eu\/wp-content\/uploads\/2025\/06\/Hirvi-120x80.jpg 120w, https:\/\/www.united-europe.eu\/wp-content\/uploads\/2025\/06\/Hirvi-90x60.jpg 90w, https:\/\/www.united-europe.eu\/wp-content\/uploads\/2025\/06\/Hirvi-320x213.jpg 320w, https:\/\/www.united-europe.eu\/wp-content\/uploads\/2025\/06\/Hirvi-560x374.jpg 560w, https:\/\/www.united-europe.eu\/wp-content\/uploads\/2025\/06\/Hirvi-633x422.jpg 633w, https:\/\/www.united-europe.eu\/wp-content\/uploads\/2025\/06\/Hirvi-150x100.jpg 150w, https:\/\/www.united-europe.eu\/wp-content\/uploads\/2025\/06\/Hirvi-220x147.jpg 220w, https:\/\/www.united-europe.eu\/wp-content\/uploads\/2025\/06\/Hirvi-240x160.jpg 240w, https:\/\/www.united-europe.eu\/wp-content\/uploads\/2025\/06\/Hirvi-180x120.jpg 180w, https:\/\/www.united-europe.eu\/wp-content\/uploads\/2025\/06\/Hirvi-640x427.jpg 640w, https:\/\/www.united-europe.eu\/wp-content\/uploads\/2025\/06\/Hirvi-300x200.jpg 300w, https:\/\/www.united-europe.eu\/wp-content\/uploads\/2025\/06\/Hirvi-440x294.jpg 440w\" sizes=\"auto, (max-width: 498px) 100vw, 498px\" \/><figcaption id=\"caption-attachment-25475\" class=\"wp-caption-text\">Dr. Laura Hirvi, Public Policy Manager DACH, Meta \u00a9 F.A.Z. Business Media GmbH \/ J. Wolter<\/figcaption><\/figure>\n<p>Eine europ\u00e4ische Antwort auf die Herausforderungen von Technologie und Innovation muss selbstbewusst, strategisch und langfristig gedacht sein. Sie darf sich nicht mit reaktiven Ma\u00dfnahmen zufriedengeben, sondern sollte darauf abzielen, eigene technologische \u00d6kosysteme aufzubauen \u2013 wirtschaftlich tragf\u00e4hig, ethisch fundiert und geopolitisch souver\u00e4n. Wie solche L\u00f6sungen aussehen k\u00f6nnten, haben <strong>Dr. Laura Hirvi,<\/strong> Public Policy Manager DACH, Meta (<a href=\"https:\/\/youtu.be\/s17b4y8jDrE\">hier <\/a>k\u00f6nnen Sie Frau Dr. Hirvis Beitrag sehen), <strong>Prof. Reinhold R. Geilsd\u00f6rfer,<\/strong> Gesch\u00e4ftsf\u00fchrer, Dieter Schwarz Stiftung gGmbH, <strong>Roman H\u00f6lzl<\/strong>, Mitgr\u00fcnder &amp; CEO, RobCo GmbH und <strong>Daniel Krauss<\/strong>, Mitbegr\u00fcnder &amp; CIO, Flix SE skizziert.<\/p>\n<p><strong>Prof. Reinhold R. Geilsd\u00f6rfer, Gesch\u00e4ftsf\u00fchrer, Dieter Schwarz Stiftung gGmbH<\/strong><\/p>\n<p data-start=\"96\" data-end=\"464\">unterstrich, dass unsere klassischen Industrien zunehmend unter Druck geraten: Die Autoindustrie und der Maschinenbau k\u00e4mpfen mit neuer Konkurrenz, w\u00e4hrend die Metall- und Chemiebranche unter den hohen Energiepreisen leidet. Es ist un\u00fcbersehbar: Wir befinden uns mitten in der vierten industriellen Revolution \u2013 einem tiefgreifenden Wandel, der nahezu alle Lebensbereiche erfassen wird.<\/p>\n<p data-start=\"466\" data-end=\"623\">Die entscheidende Frage lautet: Wie k\u00f6nnen wir aus der aktuellen Stagnation herauskommen? Und vor allem \u2013 wo liegen unsere Chancen in Europa und Deutschland?<\/p>\n<p data-start=\"625\" data-end=\"665\"><strong data-start=\"625\" data-end=\"665\">Zukunftsfelder mit <\/strong><strong data-start=\"625\" data-end=\"665\">gro\u00dfem Potenzial<\/strong><strong data-start=\"625\" data-end=\"665\">:<\/strong><\/p>\n<ol data-start=\"667\" data-end=\"887\">\n<li data-start=\"667\" data-end=\"679\">\n<p data-start=\"670\" data-end=\"679\">Robotik<\/p>\n<\/li>\n<li data-start=\"680\" data-end=\"709\">\n<p data-start=\"683\" data-end=\"709\">Verteidigungstechnologie<\/p>\n<\/li>\n<li data-start=\"710\" data-end=\"731\">\n<p data-start=\"713\" data-end=\"731\">Quantencomputing<\/p>\n<\/li>\n<li data-start=\"732\" data-end=\"802\">\n<p data-start=\"735\" data-end=\"802\">Energiespeicherung<\/p>\n<\/li>\n<li data-start=\"803\" data-end=\"833\">\n<p data-start=\"806\" data-end=\"833\">Biotechnologie und Pharma<\/p>\n<\/li>\n<li data-start=\"834\" data-end=\"862\">\n<p data-start=\"837\" data-end=\"862\">Neue Mobilit\u00e4tskonzepte<\/p>\n<\/li>\n<li data-start=\"863\" data-end=\"887\">\n<p data-start=\"866\" data-end=\"887\">Halbleitertechnologie<\/p>\n<\/li>\n<\/ol>\n<p data-start=\"889\" data-end=\"1106\">All diese Bereiche basieren auf Schl\u00fcsseltechnologien wie <strong data-start=\"947\" data-end=\"1017\">k\u00fcnstlicher Intelligenz, Datenverarbeitung und Cloud-Infrastruktur<\/strong> \u2013 Technologien, die l\u00e4ngst zur Grundlage unseres modernen Lebensstandards geworden sind.<\/p>\n<p data-start=\"1108\" data-end=\"1477\">Doch gerade hier stehen wir Europ\u00e4er vor einer wegweisenden Entscheidung: Wollen wir zentrale digitale Infrastrukturen \u2013 etwa Clouds von Microsoft, Amazon oder Google \u2013 dauerhaft in die H\u00e4nde nicht-europ\u00e4ischer Staaten legen? Diese Frage ist umso relevanter, da in diesen L\u00e4ndern oft andere Vorstellungen von Datenschutz und informationeller Selbstbestimmung herrschen.<\/p>\n<p data-start=\"1479\" data-end=\"1863\">Wir m\u00fcssen uns bewusst machen, wo unsere Daten gespeichert werden \u2013 und wer letztlich Zugriff darauf hat. Noch immer sind wir in vielerlei Hinsicht eine <strong data-start=\"1632\" data-end=\"1648\">Datenkolonie<\/strong>, die ihre Informationen nahezu kostenlos an gro\u00dfe US-Konzerne abgibt. <strong data-start=\"1719\" data-end=\"1744\">Digitale Souver\u00e4nit\u00e4t<\/strong> ist daher kein abstraktes Ziel, sondern der Schl\u00fcssel zu echter Unabh\u00e4ngigkeit und nachhaltiger Entwicklung in Europa.<\/p>\n<p data-start=\"1865\" data-end=\"2310\">Europa hat mit seinen <strong data-start=\"1887\" data-end=\"1913\">450 Millionen Menschen<\/strong> ein enormes Potenzial \u2013 deutlich mehr als die <strong data-start=\"1960\" data-end=\"1985\">170 Millionen der USA<\/strong>. Es ist Zeit, dieses Potenzial zu nutzen. De-Risking ist l\u00e4ngst nicht mehr nur eine Frage im Umgang mit China, sondern betrifft auch unsere Beziehungen zu den Vereinigten Staaten. Das bedeutet nicht, dass wir den Handel oder die Zusammenarbeit aufgeben sollen \u2013 im Gegenteil. Aber wir m\u00fcssen sie <strong data-start=\"2282\" data-end=\"2299\">auf Augenh\u00f6he<\/strong> gestalten.<\/p>\n<p data-start=\"2312\" data-end=\"2467\">Nur wenn wir die Kontrolle \u00fcber unsere digitalen Schl\u00fcsseltechnologien zur\u00fcckgewinnen, k\u00f6nnen wir Europas Zukunft selbstbestimmt und erfolgreich gestalten.<\/p>\n<p>Die vollst\u00e4ndige Rede k\u00f6nnen Sie <a href=\"https:\/\/youtu.be\/X1EVuimT9go\">hier<\/a> sehen.<\/p>\n<p><strong>Daniel Krauss, Mitbegr\u00fcnder &amp; CIO, Flix SE<\/strong><\/p>\n<p>erkl\u00e4rte, dass die Vision Von Flix SE von Beginn an klar war: Wir wollen Mobilit\u00e4t in Europa g\u00fcnstig, nachhaltig und zug\u00e4nglich gestalten. Den entscheidenden Impuls gab damals die gesetzliche Liberalisierung des Fernbusmarkts \u2013 ein politischer Schritt, der nicht nur in Deutschland, sondern in 43 L\u00e4ndern Bewegung ausl\u00f6ste und sogar die Expansion in die USA erm\u00f6glichte, etwa durch die \u00dcbernahme von Greyhound.<\/p>\n<p>Was Flix von anderen unterscheidet, ist unser Plattformmodell: Wir kombinieren die unternehmerische Energie mittelst\u00e4ndischer Busunternehmen mit digitaler Technologie, intelligenter Planung und effizientem Vertrieb. Der Erfolg wurde auch durch die schnelle Umsetzung europ\u00e4ischen Rechts in deutsches Gesetz m\u00f6glich \u2013 ein Beispiel f\u00fcr unternehmerische Chancen durch kluge Politik.<\/p>\n<p>Wir haben auf unternehmerischen Mut gesetzt: Statt alles selbst zu betreiben, haben wir mit regionalen Busunternehmen ein Netzwerk aufgebaut, das \u00fcber bisherige Wachstumsgrenzen hinausging. Es entstand ein fl\u00e4chendeckendes System, das auf Kooperation statt Verdr\u00e4ngung basiert.<\/p>\n<p>Der Fernreisemarkt w\u00e4chst global \u2013 und die Nachfrage nach g\u00fcnstigen, digitalen und klimafreundlichen Mobilit\u00e4tsl\u00f6sungen steigt. Immer mehr Menschen verzichten bewusst aufs Auto und buchen online. Das senkt Kosten und verbessert die Planbarkeit. Wer dazu noch preislich attraktiv ist, wird auch in digitalen Suchmaschinen besser gefunden.<\/p>\n<p><strong>Deregulierung kann Wachstum schaffen.<\/strong> Wir haben ein bestehendes \u00d6kosystem weiterentwickelt \u2013 nicht zerst\u00f6rt. Die oft bem\u00fchte \u201eDisruption\u201c war bei uns keine Zerst\u00f6rung, sondern eine kreative Verkn\u00fcpfung bestehender St\u00e4rken. Daraus ist das gr\u00f6\u00dfte Netzwerk f\u00fcr Ground Mobility entstanden \u2013 mit g\u00fcnstigen Preisen, smarten Verbindungen und starkem Wachstumspotenzial.<\/p>\n<p>Ein zentraler Erfolgsfaktor ist <strong>Simplicity<\/strong> \u2013 das Prinzip der Vereinfachung. Es geht darum, Komplexit\u00e4t zu reduzieren, Unn\u00f6tiges wegzulassen und auf das Wesentliche zu fokussieren.<\/p>\n<p>Unsere Vision bleibt ambitioniert: <strong>Bis 2040 wollen wir in Europa CO\u2082-neutral sein.<\/strong> Das ist realistisch \u2013 wenn die politischen Rahmenbedingungen mitziehen. In anderen M\u00e4rkten, wie etwa Indien, betreiben wir bereits heute die gr\u00f6\u00dfte E-Bus-Flotte \u2013 dort sind die Voraussetzungen deutlich fortschrittlicher.<\/p>\n<hr \/>\n<figure id=\"attachment_25478\" aria-describedby=\"caption-attachment-25478\" style=\"width: 501px\" class=\"wp-caption alignleft\"><img loading=\"lazy\" decoding=\"async\" class=\"wp-image-25478\" src=\"https:\/\/www.united-europe.eu\/wp-content\/uploads\/2025\/06\/Spahn.jpg\" alt=\"\" width=\"501\" height=\"334\" srcset=\"https:\/\/www.united-europe.eu\/wp-content\/uploads\/2025\/06\/Spahn.jpg 730w, https:\/\/www.united-europe.eu\/wp-content\/uploads\/2025\/06\/Spahn-120x80.jpg 120w, https:\/\/www.united-europe.eu\/wp-content\/uploads\/2025\/06\/Spahn-90x60.jpg 90w, https:\/\/www.united-europe.eu\/wp-content\/uploads\/2025\/06\/Spahn-320x213.jpg 320w, https:\/\/www.united-europe.eu\/wp-content\/uploads\/2025\/06\/Spahn-560x374.jpg 560w, https:\/\/www.united-europe.eu\/wp-content\/uploads\/2025\/06\/Spahn-633x422.jpg 633w, https:\/\/www.united-europe.eu\/wp-content\/uploads\/2025\/06\/Spahn-150x100.jpg 150w, https:\/\/www.united-europe.eu\/wp-content\/uploads\/2025\/06\/Spahn-220x147.jpg 220w, https:\/\/www.united-europe.eu\/wp-content\/uploads\/2025\/06\/Spahn-240x160.jpg 240w, https:\/\/www.united-europe.eu\/wp-content\/uploads\/2025\/06\/Spahn-180x120.jpg 180w, https:\/\/www.united-europe.eu\/wp-content\/uploads\/2025\/06\/Spahn-640x427.jpg 640w, https:\/\/www.united-europe.eu\/wp-content\/uploads\/2025\/06\/Spahn-300x200.jpg 300w, https:\/\/www.united-europe.eu\/wp-content\/uploads\/2025\/06\/Spahn-440x294.jpg 440w\" sizes=\"auto, (max-width: 501px) 100vw, 501px\" \/><figcaption id=\"caption-attachment-25478\" class=\"wp-caption-text\">Armand Zorn, Sarna R\u00f6ser, Heike G\u00f6bel, Britta Ha\u00dfelmann, Jens Spahn (v.l.) \u00a9 F.A.Z. Business Media GmbH \/ J. Wolter<\/figcaption><\/figure>\n<h3 id=\"zwischen-rezession-und-reform-wie-die-bundesregierung-europas-wirtschaft-staerken-will\" data-start=\"0\" data-end=\"103\"><strong data-start=\"13\" data-end=\"103\">Zwischen Rezession und Reform: Wie die Bundesregierung Europas Wirtschaft st\u00e4rken will<\/strong><\/h3>\n<p data-start=\"302\" data-end=\"740\">Die deutsche Wirtschaft schw\u00e4chelt, Europa blickt besorgt auf seine industrielle Wettbewerbsf\u00e4higkeit \u2013 und die Bundesregierung steht unter Druck, das Wachstum wieder anzukurbeln. In einem kontroversen Streitgespr\u00e4ch, moderiert von Heike G\u00f6bel, diskutierten f\u00fchrende Vertreterinnen und Vertreter aus Politik und Wirtschaft \u00fcber die Rolle Deutschlands in der europ\u00e4ischen Wirtschaftspolitik.<\/p>\n<p data-start=\"742\" data-end=\"1012\">Mit dabei: <strong>Jens Spahn<\/strong> (CDU\/CSU), <strong>Britta Ha\u00dfelmann<\/strong> (Gr\u00fcne), <strong>Armand Zorn<\/strong> (SPD), <strong>Christian D\u00fcrr<\/strong> (FDP) und Unternehmerin <strong>Sarna R\u00f6ser<\/strong>. Sie alle eint die Sorge um den Standort Deutschland \u2013 doch ihre Einsch\u00e4tzungen, was konkret zu tun sei, k\u00f6nnten unterschiedlicher kaum sein.<\/p>\n<p data-start=\"1014\" data-end=\"1061\"><strong data-start=\"1014\" data-end=\"1061\">Spahn: Wirtschaftswende und Steuersenkungen<\/strong><\/p>\n<p data-start=\"1063\" data-end=\"1524\">Jens Spahn, Fraktionsvorsitzender der CDU\/CSU, fordert eine \u201eWirtschaftswende zur\u00fcck zum Wachstum\u201c. Als konkrete Ma\u00dfnahmen k\u00fcndigte er kurzfristig an: \u201e30 Prozent Abschreibung auf Ausr\u00fcstungsinvestitionen\u201c, eine erste K\u00f6rperschaftsteuersenkung seit zwei Jahrzehnten und ab 2026 deutlich gesenkte Energiekosten \u2013 inklusive Abschaffung der Gasumlage. Der B\u00fcrokratieabbau d\u00fcrfe nicht l\u00e4nger nur auf dem Papier stehen: \u201eBerichtspflichten und Bonpflicht m\u00fcssen weg.\u201c<\/p>\n<p data-start=\"1526\" data-end=\"1573\"><strong data-start=\"1526\" data-end=\"1573\">Zorn: Reformen ja \u2013 aber strukturell denken<\/strong><\/p>\n<p data-start=\"1575\" data-end=\"1969\">Armand Zorn, stellvertretender Vorsitzender der SPD-Fraktion, zeigte sich offen f\u00fcr kurzfristige Impulse, warnte jedoch vor einem reinen \u201eInvestitionsbooster\u201c: \u201eWir brauchen auch strukturelle Reformen.\u201c Zudem verwies er auf die Notwendigkeit einer st\u00e4rkeren Fachkr\u00e4ftesicherung \u2013 und forderte eine europ\u00e4isch abgestimmte Wirtschaftsstrategie.<\/p>\n<p data-start=\"1971\" data-end=\"2026\"><strong data-start=\"1971\" data-end=\"2026\">Ha\u00dfelmann: Investitionen gezielt und sozial gerecht<\/strong><\/p>\n<p data-start=\"2028\" data-end=\"2444\">Britta Ha\u00dfelmann, Fraktionsvorsitzende der Gr\u00fcnen, mahnte zur Priorisierung \u00f6ffentlicher Investitionen: \u201eTransformation, Infrastruktur, Klimaschutz, Bildung \u2013 das sind unsere Zukunftsfelder.\u201c Pauschale Steuersenkungen kritisierte sie scharf, insbesondere mit Blick auf die Finanzierung auf kommunaler Ebene: \u201eLieblingsprojekte wie die Mehrwertsteuersenkung in der Gastronomie geh\u00f6ren nicht ins Investitionsprogramm.\u201c<\/p>\n<p data-start=\"2446\" data-end=\"2498\"><strong data-start=\"2446\" data-end=\"2498\">D\u00fcrr: Vertrauen st\u00e4rken, Demografie ernst nehmen<\/strong><\/p>\n<p data-start=\"2500\" data-end=\"2816\">FDP-Chef Christian D\u00fcrr lobte den geplanten Investitionsstart, warnte aber vor falschen Schwerpunkten: \u201eDauerhafte Subventionierung der Netzentgelte ist keine Investition.\u201c F\u00fcr ihn steht fest: \u201eEs geht um das gro\u00dfe Ganze \u2013 Vertrauen in den Standort, Demografie, Bildung und wirtschaftsfreundliche Rahmenbedingungen.\u201c<\/p>\n<p data-start=\"2818\" data-end=\"2866\"><strong data-start=\"2818\" data-end=\"2866\">R\u00f6ser: Europa braucht wirtschaftliche St\u00e4rke<\/strong><\/p>\n<p data-start=\"2868\" data-end=\"3179\">Unternehmerin Sarna R\u00f6ser erinnerte daran, dass Deutschland sich im internationalen Wettbewerb behaupten m\u00fcsse: \u201eDer moralische Zeigefinger bringt uns nicht weiter \u2013 Freihandelsabkommen sind kein Luxus, sondern Voraussetzung f\u00fcr wirtschaftliche St\u00e4rke.\u201c Europa m\u00fcsse strategischer und selbstbewusster auftreten.<\/p>\n<p data-start=\"3181\" data-end=\"3235\"><strong data-start=\"3181\" data-end=\"3235\">Europa, USA, China \u2013 Strategien gegen Unsicherheit<\/strong><\/p>\n<p data-start=\"3237\" data-end=\"3567\">Auch geopolitische Herausforderungen kamen zur Sprache. Jens Spahn warb f\u00fcr ein starkes Verh\u00e4ltnis zu den USA: \u201eUnsere Sicherheit und unser Wohlstand h\u00e4ngen von den USA ab.\u201c Zugleich forderte er niedrigere Z\u00f6lle \u2013 \u201e0 Prozent auf alles\u201c \u2013 und eine klare europ\u00e4ische Haltung gegen\u00fcber China.<\/p>\n<p data-start=\"3569\" data-end=\"3794\">Ha\u00dfelmann konterte mit einem Appell: \u201eDie Antwort auf \u2018America First\u2019 kann nur \u2018Europe United\u2019 sein.\u201c Handelsabkommen m\u00fcssten fair und transparent sein \u2013 nationale Alleing\u00e4nge h\u00e4tten in einer globalisierten Welt keinen Platz.<\/p>\n<p data-start=\"3796\" data-end=\"3844\"><strong data-start=\"3796\" data-end=\"3844\">Fazit: Viel Einigkeit im Ziel \u2013 doch wenig ist auf dem Weg<\/strong><\/p>\n<p data-start=\"3846\" data-end=\"4210\">Das Streitgespr\u00e4ch zeigte: Die Richtung \u2013 mehr Wachstum, mehr Investitionen, weniger B\u00fcrokratie \u2013 ist im politischen Berlin weitgehend Konsens. Doch die Mittel bleiben hoch umstritten. Zwischen Steuererleichterungen, strukturellem Umbau, sozialer Verantwortung und geopolitischen Herausforderungen steht die Bundesregierung vor einem wirtschaftspolitischen Spagat.<\/p>\n<p data-start=\"4212\" data-end=\"4424\" data-is-last-node=\"\" data-is-only-node=\"\">Die entscheidende Frage bleibt: Kann Deutschland gleichzeitig Investitionsmotor Europas sein und dabei die soziale Balance und \u00f6kologische Ziele wahren? Die Zeit f\u00fcr blo\u00dfe Ank\u00fcndigungen scheint jedenfalls vorbei.<\/p>\n<figure id=\"attachment_25519\" aria-describedby=\"caption-attachment-25519\" style=\"width: 500px\" class=\"wp-caption alignright\"><img loading=\"lazy\" decoding=\"async\" class=\"wp-image-25519\" src=\"https:\/\/www.united-europe.eu\/wp-content\/uploads\/2025\/06\/20250604-EEC-6263-800x534.jpg\" alt=\"\" width=\"500\" height=\"334\" srcset=\"https:\/\/www.united-europe.eu\/wp-content\/uploads\/2025\/06\/20250604-EEC-6263-800x534.jpg 800w, https:\/\/www.united-europe.eu\/wp-content\/uploads\/2025\/06\/20250604-EEC-6263-1160x774.jpg 1160w, https:\/\/www.united-europe.eu\/wp-content\/uploads\/2025\/06\/20250604-EEC-6263-1536x1025.jpg 1536w, https:\/\/www.united-europe.eu\/wp-content\/uploads\/2025\/06\/20250604-EEC-6263-2048x1366.jpg 2048w, https:\/\/www.united-europe.eu\/wp-content\/uploads\/2025\/06\/20250604-EEC-6263-120x80.jpg 120w, https:\/\/www.united-europe.eu\/wp-content\/uploads\/2025\/06\/20250604-EEC-6263-90x60.jpg 90w, https:\/\/www.united-europe.eu\/wp-content\/uploads\/2025\/06\/20250604-EEC-6263-320x213.jpg 320w, https:\/\/www.united-europe.eu\/wp-content\/uploads\/2025\/06\/20250604-EEC-6263-560x374.jpg 560w, https:\/\/www.united-europe.eu\/wp-content\/uploads\/2025\/06\/20250604-EEC-6263-1920x1281.jpg 1920w, https:\/\/www.united-europe.eu\/wp-content\/uploads\/2025\/06\/20250604-EEC-6263-633x422.jpg 633w, https:\/\/www.united-europe.eu\/wp-content\/uploads\/2025\/06\/20250604-EEC-6263-150x100.jpg 150w, https:\/\/www.united-europe.eu\/wp-content\/uploads\/2025\/06\/20250604-EEC-6263-220x147.jpg 220w, https:\/\/www.united-europe.eu\/wp-content\/uploads\/2025\/06\/20250604-EEC-6263-3072x2049.jpg 3072w, https:\/\/www.united-europe.eu\/wp-content\/uploads\/2025\/06\/20250604-EEC-6263-240x160.jpg 240w, https:\/\/www.united-europe.eu\/wp-content\/uploads\/2025\/06\/20250604-EEC-6263-180x120.jpg 180w, https:\/\/www.united-europe.eu\/wp-content\/uploads\/2025\/06\/20250604-EEC-6263-640x427.jpg 640w, https:\/\/www.united-europe.eu\/wp-content\/uploads\/2025\/06\/20250604-EEC-6263-1120x747.jpg 1120w, https:\/\/www.united-europe.eu\/wp-content\/uploads\/2025\/06\/20250604-EEC-6263-1600x1067.jpg 1600w, https:\/\/www.united-europe.eu\/wp-content\/uploads\/2025\/06\/20250604-EEC-6263-2320x1547.jpg 2320w, https:\/\/www.united-europe.eu\/wp-content\/uploads\/2025\/06\/20250604-EEC-6263-3840x2561.jpg 3840w, https:\/\/www.united-europe.eu\/wp-content\/uploads\/2025\/06\/20250604-EEC-6263-1266x844.jpg 1266w, https:\/\/www.united-europe.eu\/wp-content\/uploads\/2025\/06\/20250604-EEC-6263-300x200.jpg 300w, https:\/\/www.united-europe.eu\/wp-content\/uploads\/2025\/06\/20250604-EEC-6263-440x293.jpg 440w, https:\/\/www.united-europe.eu\/wp-content\/uploads\/2025\/06\/20250604-EEC-6263-scaled.jpg 2560w\" sizes=\"auto, (max-width: 500px) 100vw, 500px\" \/><figcaption id=\"caption-attachment-25519\" class=\"wp-caption-text\">Andreas Mundt, Mark B\u00f6hm, Hendrik Kafsack (Moderator),Marzena Czarnecka, Peter Lochbihler (v.l.) \u00a9 F.A.Z. Business Media GmbH \/ J. Wolter<\/figcaption><\/figure>\n<h3 id=\"standort-europa\" data-start=\"130\" data-end=\"245\"><strong>Standort Europa<\/strong><\/h3>\n<p>Panel-Diskussion: Den europ\u00e4ischen Wirtschaftsraum im Blick \u2013 Bewertung von Initiativen zur Steigerung der Wettbewerbsf\u00e4higkeit und Innovationskraft<\/p>\n<p data-start=\"130\" data-end=\"245\">In einer lebhaften Diskussion beleuchteten <strong data-start=\"353\" data-end=\"374\">Marzena Czarnecka<\/strong>, EU-Ratspr\u00e4sidentin, Industrieministerin und Ministerin f\u00fcr Energiesicherheit in Polen, <strong>Mark B\u00f6hm<\/strong>, CEO, Noventi Health SE, <strong>Andreas Mundt<\/strong>, Pr\u00e4sident, Bundeskartellamt und <strong>Peter Lochbihler<\/strong>, Global Head of Public Affairs, Booking.com, die aktuellen politischen und wirtschaftlichen Herausforderungen Europas \u2013 insbesondere vor dem Hintergrund der j\u00fcngsten Wahlen in Polen und der geopolitischen Lage.<\/p>\n<p data-start=\"543\" data-end=\"877\"><strong data-start=\"879\" data-end=\"927\">Priorit\u00e4ten Europas \u2013 auf dem richtigen Weg?<\/strong><br data-start=\"585\" data-end=\"588\" \/>Czarnecka sieht die politische Lage in Polen nach den Wahlen komplexer als zuvor, jedoch beherrschbar. Aus europ\u00e4ischer Perspektive spiegele sich darin ein allgemeiner Trend nach rechts wider. Trotzdem sei Europa prinzipiell auf dem richtigen Weg, es m\u00fcsse aber wirtschaftlich wettbewerbsf\u00e4higer werden, um im globalen Kontext bestehen zu k\u00f6nnen. Die EU d\u00fcrfe sich nicht nur auf sich selbst konzentrieren, sondern m\u00fcsse auch geopolitisch mit Akteuren wie den USA, China und Russland mithalten. Besonders China werde zunehmend zur dominierenden wirtschaftlichen Kraft, w\u00e4hrend Russland potenziell wirtschaftlich st\u00e4rker von China abh\u00e4ngig werde.<\/p>\n<p data-start=\"1374\" data-end=\"1425\"><strong data-start=\"1374\" data-end=\"1425\">\u00a0Czarnecka setzt auf die Empfehlungen in Mario Draghis Kompetenzkompass<\/strong><\/p>\n<ol data-start=\"1426\" data-end=\"1821\">\n<li data-start=\"1426\" data-end=\"1587\">\n<p data-start=\"1429\" data-end=\"1587\"><strong data-start=\"1429\" data-end=\"1440\">Bildung<\/strong> \u2013 Die beruflichen Ambitionen junger Menschen spiegeln oft mangelnden Realit\u00e4tsbezug wider (90 % ihrer Studierenden m\u00f6chten z.\u202fB. YouTuber werden).<\/p>\n<\/li>\n<li data-start=\"1588\" data-end=\"1713\">\n<p data-start=\"1591\" data-end=\"1713\"><strong data-start=\"1591\" data-end=\"1609\">Finanzstruktur<\/strong> \u2013 Europa braucht ein Gleichgewicht zwischen Solidarit\u00e4t auf EU-Ebene und nationaler Eigenverantwortung.<\/p>\n<\/li>\n<li data-start=\"1714\" data-end=\"1821\">\n<p data-start=\"1717\" data-end=\"1821\"><strong data-start=\"1717\" data-end=\"1747\">Wirtschaftliche Sicherheit<\/strong> \u2013 Unternehmen m\u00fcssen stabile und verl\u00e4ssliche Rahmenbedingungen erhalten.<\/p>\n<\/li>\n<\/ol>\n<p data-start=\"1823\" data-end=\"2083\"><strong data-start=\"1823\" data-end=\"1840\">Andreas Mundt<\/strong>, Pr\u00e4sident des Bundeskartellamts, erg\u00e4nzt, dass zwar Fortschritte gemacht w\u00fcrden, diese aber zu langsam seien. Um Europas Wettbewerbsf\u00e4higkeit wirklich zu st\u00e4rken, m\u00fcssten tiefgreifende Reformen angesto\u00dfen werden \u2013 besonders in den Bereichen:<\/p>\n<ul data-start=\"2084\" data-end=\"2354\">\n<li data-start=\"2084\" data-end=\"2163\">\n<p data-start=\"2086\" data-end=\"2163\"><strong data-start=\"2086\" data-end=\"2115\">Bildung und Infrastruktur<\/strong><\/p>\n<\/li>\n<li data-start=\"2164\" data-end=\"2219\">\n<p data-start=\"2166\" data-end=\"2219\"><strong data-start=\"2166\" data-end=\"2189\">Entb\u00fcrokratisierung<\/strong><\/p>\n<\/li>\n<li data-start=\"2220\" data-end=\"2290\">\n<p data-start=\"2222\" data-end=\"2290\"><strong data-start=\"2222\" data-end=\"2247\">Digitale Souver\u00e4nit\u00e4t<\/strong><\/p>\n<\/li>\n<li data-start=\"2220\" data-end=\"2290\">\n<p data-start=\"2222\" data-end=\"2290\"><strong data-start=\"2293\" data-end=\"2314\">Kapitalmarktunion<\/strong><\/p>\n<\/li>\n<\/ul>\n<p data-start=\"2356\" data-end=\"2869\"><strong data-start=\"2356\" data-end=\"2405\">Energiepreise \u2013 eine zentrale Herausforderung<\/strong><br data-start=\"2405\" data-end=\"2408\" \/>Ein weiteres gro\u00dfes Thema waren die <strong data-start=\"2444\" data-end=\"2477\">hohen Energiepreise in der EU<\/strong>, die im Vergleich zu den USA etwa dreimal so hoch sind. Als m\u00f6gliche L\u00f6sung sieht Czarnecka eine ausgewogene Mischung aus erneuerbaren Energien und Kernkraft. Frankreich zeige, dass amortisierte Atomkraftwerke aktuell die g\u00fcnstigste Energieform darstellen. Ohne staatliche Unterst\u00fctzung werde die Energiewende wirtschaftlich nicht tragf\u00e4hig sein \u2013 \u00f6ffentliche Hilfen seien hier unerl\u00e4sslich.<\/p>\n<p>Die vollst\u00e4ndige Diskussion k\u00f6nnen Sie <a href=\"https:\/\/youtu.be\/thqbJFVKryo\">hier<\/a> sehen.<\/p>\n<hr \/>\n<p>&nbsp;<\/p>\n<figure id=\"attachment_25521\" aria-describedby=\"caption-attachment-25521\" style=\"width: 503px\" class=\"wp-caption alignleft\"><img loading=\"lazy\" decoding=\"async\" class=\"wp-image-25521 \" src=\"https:\/\/www.united-europe.eu\/wp-content\/uploads\/2025\/06\/20250604-EEC-6884-800x515.jpg\" alt=\"\" width=\"503\" height=\"324\" srcset=\"https:\/\/www.united-europe.eu\/wp-content\/uploads\/2025\/06\/20250604-EEC-6884-800x515.jpg 800w, https:\/\/www.united-europe.eu\/wp-content\/uploads\/2025\/06\/20250604-EEC-6884-1160x747.jpg 1160w, https:\/\/www.united-europe.eu\/wp-content\/uploads\/2025\/06\/20250604-EEC-6884-1536x990.jpg 1536w, https:\/\/www.united-europe.eu\/wp-content\/uploads\/2025\/06\/20250604-EEC-6884-2048x1319.jpg 2048w, https:\/\/www.united-europe.eu\/wp-content\/uploads\/2025\/06\/20250604-EEC-6884-120x77.jpg 120w, https:\/\/www.united-europe.eu\/wp-content\/uploads\/2025\/06\/20250604-EEC-6884-90x58.jpg 90w, https:\/\/www.united-europe.eu\/wp-content\/uploads\/2025\/06\/20250604-EEC-6884-320x206.jpg 320w, https:\/\/www.united-europe.eu\/wp-content\/uploads\/2025\/06\/20250604-EEC-6884-560x361.jpg 560w, https:\/\/www.united-europe.eu\/wp-content\/uploads\/2025\/06\/20250604-EEC-6884-1920x1237.jpg 1920w, https:\/\/www.united-europe.eu\/wp-content\/uploads\/2025\/06\/20250604-EEC-6884-633x408.jpg 633w, https:\/\/www.united-europe.eu\/wp-content\/uploads\/2025\/06\/20250604-EEC-6884-155x100.jpg 155w, https:\/\/www.united-europe.eu\/wp-content\/uploads\/2025\/06\/20250604-EEC-6884-220x142.jpg 220w, https:\/\/www.united-europe.eu\/wp-content\/uploads\/2025\/06\/20250604-EEC-6884-3072x1979.jpg 3072w, https:\/\/www.united-europe.eu\/wp-content\/uploads\/2025\/06\/20250604-EEC-6884-240x155.jpg 240w, https:\/\/www.united-europe.eu\/wp-content\/uploads\/2025\/06\/20250604-EEC-6884-180x116.jpg 180w, https:\/\/www.united-europe.eu\/wp-content\/uploads\/2025\/06\/20250604-EEC-6884-640x412.jpg 640w, https:\/\/www.united-europe.eu\/wp-content\/uploads\/2025\/06\/20250604-EEC-6884-1120x722.jpg 1120w, https:\/\/www.united-europe.eu\/wp-content\/uploads\/2025\/06\/20250604-EEC-6884-1600x1031.jpg 1600w, https:\/\/www.united-europe.eu\/wp-content\/uploads\/2025\/06\/20250604-EEC-6884-2320x1495.jpg 2320w, https:\/\/www.united-europe.eu\/wp-content\/uploads\/2025\/06\/20250604-EEC-6884-3840x2474.jpg 3840w, https:\/\/www.united-europe.eu\/wp-content\/uploads\/2025\/06\/20250604-EEC-6884-1266x816.jpg 1266w, https:\/\/www.united-europe.eu\/wp-content\/uploads\/2025\/06\/20250604-EEC-6884-310x200.jpg 310w, https:\/\/www.united-europe.eu\/wp-content\/uploads\/2025\/06\/20250604-EEC-6884-440x283.jpg 440w, https:\/\/www.united-europe.eu\/wp-content\/uploads\/2025\/06\/20250604-EEC-6884-scaled.jpg 2560w\" sizes=\"auto, (max-width: 503px) 100vw, 503px\" \/><figcaption id=\"caption-attachment-25521\" class=\"wp-caption-text\">Markus S\u00f6der, Gerald Braunberger (v.l.) \u00a9 F.A.Z. Business Media GmbH \/ J. Wolter<\/figcaption><\/figure>\n<h3 id=\"interview-live-schaltung\" data-start=\"82\" data-end=\"95\"><strong data-start=\"82\" data-end=\"95\">I<\/strong><strong data-start=\"82\" data-end=\"95\">nterview \u2013 Live-Schaltung<\/strong><\/h3>\n<p data-start=\"97\" data-end=\"242\"><strong data-start=\"97\" data-end=\"242\">Gerald Braunberger, Herausgeber F.A.Z., im Gespr\u00e4ch mit Dr. Markus S\u00f6der, Bayerischer Ministerpr\u00e4sident (MdL, CSU)\u00a0<\/strong><\/p>\n<p data-start=\"97\" data-end=\"242\"><strong data-start=\"249\" data-end=\"256\">Gerald Braunberger:<\/strong> Glauben Sie, dass sich das Verh\u00e4ltnis zwischen Europa und den Vereinigten Staaten ver\u00e4ndern wird?<\/p>\n<p data-start=\"356\" data-end=\"973\"><strong data-start=\"356\" data-end=\"363\">Markus S\u00f6der:<\/strong> Wir hoffen, dass wir die Lage gut in den Griff bekommen. Was wir tats\u00e4chlich erwarten k\u00f6nnen, ist aber das Unerwartete. Ich sp\u00fcre, dass seitens der Amerikaner durchaus Interesse an uns besteht \u2013 auch an den Nationalstaaten. Gleichzeitig gibt es gegen\u00fcber der Europ\u00e4ischen Union eine gro\u00dfe Reserviertheit. Das Konstrukt wird weder richtig verstanden noch gemocht. Deshalb ist es wichtig, dass alle Europ\u00e4er, die in den USA sind, sich nicht auf einzelne Deals einlassen, sondern daf\u00fcr sorgen, dass der gesamte europ\u00e4ische Aspekt gest\u00e4rkt wird. Wir sollten uns nicht spalten oder gegeneinander ausspielen lassen.<\/p>\n<p data-start=\"1343\" data-end=\"1800\"><strong data-start=\"1225\" data-end=\"1232\">Gerald Braunberger:<\/strong> Wenn wir uns die wirtschaftliche Lage in Europa anschauen: Wo m\u00fcssen wir uns priorit\u00e4r besonders anstrengen<\/p>\n<p data-start=\"1343\" data-end=\"1800\"><strong data-start=\"1343\" data-end=\"1350\">Markus S\u00f6der:<\/strong> Das gr\u00f6\u00dfte Hindernis ist die B\u00fcrokratie. Au\u00dferdem muss Energie st\u00e4rker und g\u00fcnstiger produziert werden. Unsere Kosten sind gerade im Vergleich zu den Amerikanern viel zu hoch. Es muss mehr investiert werden \u2013 in Innovation, Forschung, Verteidigungstechnologie und Raumfahrt. Das sind Bereiche, in denen Europa seine St\u00e4rken ausbauen k\u00f6nnte. Wir m\u00fcssen aus den vorhandenen M\u00f6glichkeiten viel mehr herausholen, was auch an den Rahmenbedingungen h\u00e4ngt.<\/p>\n<p data-start=\"1802\" data-end=\"2076\">Im Bereich Verteidigung braucht es neben Geld vor allem eine klare Struktur: Wohin soll investiert werden? Drohnen, Raketenabwehrsysteme, Hochpr\u00e4zisionswaffen? Auch das Beschaffungswesen muss radikal entschlackt werden, mit langfristigen und verl\u00e4sslichen Rahmenbedingungen.<\/p>\n<p data-start=\"2078\" data-end=\"2434\"><strong data-start=\"2441\" data-end=\"2448\">Gerald Braunberger:<\/strong>\u00a0Brauchen wir in Europa nicht eine viel st\u00e4rkere Zusammenarbeit zwischen Regierungen und Unternehmen, damit diese auch mal gemeinsam bestellen? Ein Problem der Verteidigungsindustrie ist, dass kaum hohe St\u00fcckzahlen produziert werden, weil jeder Sonderw\u00fcnsche hat.<\/p>\n<p data-start=\"2078\" data-end=\"2434\"><strong data-start=\"2713\" data-end=\"2720\">Markus S\u00f6der:<\/strong> Da gibt es viele Rangeleien, und es muss klar definiert werden, wer was am besten kann und wo man am effektivsten produzieren sollte.<\/p>\n<p data-start=\"2078\" data-end=\"2434\"><strong data-start=\"2441\" data-end=\"2448\">Gerald Braunberger:<\/strong>\u00a0Sollten wir nicht privatwirtschaftliche Initiativen, wie sie es in den USA gibt, deutlich mehr unterst\u00fctzen? Kann man hoffen, mit einem Rezept \u201e\u00e0 la Musk\u201c auch wieder wettbewerbsf\u00e4higer zu werden?<\/p>\n<p data-start=\"3067\" data-end=\"3407\"><strong data-start=\"3067\" data-end=\"3074\">Markus S\u00f6der:<\/strong> Das sollten wir auf alle F\u00e4lle tun. Vor sechs Jahren habe ich bereits \u00fcber die Raumfahrt gesprochen. Mittlerweile wurde viel Geld investiert, wir haben \u00fcber 12 Milliarden Euro Umsatzvolumen und mehr als 500 Unternehmen \u2013 das funktioniert. Nat\u00fcrlich werden wir die Amerikaner nicht so schnell \u00fcberholen, aber wir k\u00f6nnen uns ann\u00e4hern.<\/p>\n<p data-start=\"3409\" data-end=\"3901\">Im Umgang mit unseren amerikanischen Freunden sollten wir stets Klarheit und Wahrheit im Kopf behalten. Duckm\u00e4usertum wird nicht belohnt. Am Ende hilft nur eine gewisse Eigenst\u00e4rke. Nur wer selbst stark ist, kann auch gemeinsam bestehen. Ich m\u00f6chte nicht, dass Europa am Ende nur eine Art Disneyland wird, in das Amerikaner und Europ\u00e4er reisen, um zu bewundern, wie sch\u00f6n das alte Europa war. Wo wir gut sind, m\u00fcssen wir besser werden, und wo wir schlecht sind, m\u00fcssen wir viel besser werden.<\/p>\n<hr \/>\n<p><strong>SAVE THE DATE 2026<\/strong><\/p>\n<p>Wir freuen uns sehr, die European Economic Conference #5 ank\u00fcndigen zu k\u00f6nnen. \u00dcber das Programm und die G\u00e4ste werden wir Sie rechtzeitig informieren.<\/p>\n<p><img loading=\"lazy\" decoding=\"async\" class=\"alignnone size-full wp-image-25536\" src=\"https:\/\/www.united-europe.eu\/wp-content\/uploads\/2025\/06\/Save-the-Date.png\" alt=\"\" width=\"605\" height=\"491\" srcset=\"https:\/\/www.united-europe.eu\/wp-content\/uploads\/2025\/06\/Save-the-Date.png 605w, https:\/\/www.united-europe.eu\/wp-content\/uploads\/2025\/06\/Save-the-Date-120x97.png 120w, https:\/\/www.united-europe.eu\/wp-content\/uploads\/2025\/06\/Save-the-Date-90x73.png 90w, https:\/\/www.united-europe.eu\/wp-content\/uploads\/2025\/06\/Save-the-Date-320x260.png 320w, https:\/\/www.united-europe.eu\/wp-content\/uploads\/2025\/06\/Save-the-Date-560x454.png 560w, https:\/\/www.united-europe.eu\/wp-content\/uploads\/2025\/06\/Save-the-Date-123x100.png 123w, https:\/\/www.united-europe.eu\/wp-content\/uploads\/2025\/06\/Save-the-Date-220x179.png 220w, https:\/\/www.united-europe.eu\/wp-content\/uploads\/2025\/06\/Save-the-Date-240x195.png 240w, https:\/\/www.united-europe.eu\/wp-content\/uploads\/2025\/06\/Save-the-Date-180x146.png 180w, https:\/\/www.united-europe.eu\/wp-content\/uploads\/2025\/06\/Save-the-Date-246x200.png 246w, https:\/\/www.united-europe.eu\/wp-content\/uploads\/2025\/06\/Save-the-Date-440x357.png 440w\" sizes=\"auto, (max-width: 605px) 100vw, 605px\" \/><\/p>\n<p><strong><em>Wir danken der Frankfurter Allgemeinen Zeitung und ihrem Herausgeber Gerald Braunberger, dem Team der F.A.Z.-Konferenzen und der ESMT f\u00fcr die erfolgreiche Konferenz 2024 und Zusammenarbeit.<\/em><\/strong><\/p>\n<p data-start=\"3409\" data-end=\"3901\">\n","protected":false},"excerpt":{"rendered":"<p>Zum vierten Mal fand am 3. und 4. Juni 2025 die European Economic Conference (EEC) statt, die im Jahr 2022 von der Frankfurter Allgemeinen Zeitung (FAZ), der European School of&hellip;<\/p>\n","protected":false},"author":28,"featured_media":25558,"comment_status":"closed","ping_status":"closed","sticky":false,"template":"","format":"standard","meta":{"_acf_changed":false,"footnotes":""},"categories":[2249,620],"tags":[],"powerkit_post_featured":[],"class_list":{"0":"post-25435","1":"post","2":"type-post","3":"status-publish","4":"format-standard","5":"has-post-thumbnail","7":"category-kooperationen","8":"category-news-de"},"acf":[],"aioseo_notices":[],"_links":{"self":[{"href":"https:\/\/www.united-europe.eu\/de\/wp-json\/wp\/v2\/posts\/25435","targetHints":{"allow":["GET"]}}],"collection":[{"href":"https:\/\/www.united-europe.eu\/de\/wp-json\/wp\/v2\/posts"}],"about":[{"href":"https:\/\/www.united-europe.eu\/de\/wp-json\/wp\/v2\/types\/post"}],"author":[{"embeddable":true,"href":"https:\/\/www.united-europe.eu\/de\/wp-json\/wp\/v2\/users\/28"}],"replies":[{"embeddable":true,"href":"https:\/\/www.united-europe.eu\/de\/wp-json\/wp\/v2\/comments?post=25435"}],"version-history":[{"count":35,"href":"https:\/\/www.united-europe.eu\/de\/wp-json\/wp\/v2\/posts\/25435\/revisions"}],"predecessor-version":[{"id":25585,"href":"https:\/\/www.united-europe.eu\/de\/wp-json\/wp\/v2\/posts\/25435\/revisions\/25585"}],"wp:featuredmedia":[{"embeddable":true,"href":"https:\/\/www.united-europe.eu\/de\/wp-json\/wp\/v2\/media\/25558"}],"wp:attachment":[{"href":"https:\/\/www.united-europe.eu\/de\/wp-json\/wp\/v2\/media?parent=25435"}],"wp:term":[{"taxonomy":"category","embeddable":true,"href":"https:\/\/www.united-europe.eu\/de\/wp-json\/wp\/v2\/categories?post=25435"},{"taxonomy":"post_tag","embeddable":true,"href":"https:\/\/www.united-europe.eu\/de\/wp-json\/wp\/v2\/tags?post=25435"},{"taxonomy":"powerkit_post_featured","embeddable":true,"href":"https:\/\/www.united-europe.eu\/de\/wp-json\/wp\/v2\/powerkit_post_featured?post=25435"}],"curies":[{"name":"wp","href":"https:\/\/api.w.org\/{rel}","templated":true}]}}