{"id":25336,"date":"2025-06-02T18:08:40","date_gmt":"2025-06-02T16:08:40","guid":{"rendered":"https:\/\/www.united-europe.eu\/?p=25336"},"modified":"2025-07-28T11:52:16","modified_gmt":"2025-07-28T09:52:16","slug":"review-2","status":"publish","type":"post","link":"https:\/\/www.united-europe.eu\/de\/2025\/06\/review-2\/","title":{"rendered":"R\u00fcckblick: \u201eEuropas Industriepolitik im sich wandelnden politischen und geo\u00f6konomischen Umfeld\u201c I Impuls Professor Michael Landesmann"},"content":{"rendered":"<div class=\"flex basis-auto flex-col -mb-(--composer-overlap-px) [--composer-overlap-px:24px] grow overflow-hidden\">\n<div class=\"relative h-full\">\n<div class=\"flex h-full flex-col overflow-y-auto [scrollbar-gutter:stable_both-edges] @[84rem]\/thread:pt-(--header-height)\">\n<div class=\"@thread-xl\/thread:pt-header-height mt-1.5 flex flex-col text-sm pb-25\">\n<article class=\"text-token-text-primary w-full\" dir=\"auto\" data-testid=\"conversation-turn-2\" data-scroll-anchor=\"true\">\n<div class=\"text-base my-auto mx-auto py-5 [--thread-content-margin:--spacing(4)] @[37rem]:[--thread-content-margin:--spacing(6)] @[72rem]:[--thread-content-margin:--spacing(16)] px-(--thread-content-margin)\">\n<div class=\"[--thread-content-max-width:32rem] @[34rem]:[--thread-content-max-width:40rem] @[64rem]:[--thread-content-max-width:48rem] mx-auto flex max-w-(--thread-content-max-width) flex-1 text-base gap-4 md:gap-5 lg:gap-6 group\/turn-messages focus-visible:outline-hidden\" tabindex=\"-1\">\n<div class=\"group\/conversation-turn relative flex w-full min-w-0 flex-col agent-turn\">\n<div class=\"relative flex-col gap-1 md:gap-3\">\n<div class=\"flex max-w-full flex-col grow\">\n<div class=\"min-h-8 text-message relative flex w-full flex-col items-end gap-2 text-start break-words whitespace-normal [.text-message+&amp;]:mt-5\" dir=\"auto\" data-message-author-role=\"assistant\" data-message-id=\"426094b7-4cd4-4ca8-8766-91810fd2cc27\" data-message-model-slug=\"gpt-4o\">\n<div class=\"flex w-full flex-col gap-1 empty:hidden first:pt-[3px]\">\n<div class=\"markdown prose dark:prose-invert w-full break-words light\">\n<p data-start=\"69\" data-end=\"477\"><strong data-start=\"69\" data-end=\"140\">Die Industriepolitik erlebt derzeit eine bemerkenswerte Renaissance<\/strong>, ausgel\u00f6st durch tiefgreifende Ver\u00e4nderungen in der Geopolitik und Geo\u00f6konomie. \u00dcber einen langen Zeitraum hinweg lag der Fokus der EU darauf, durch Strukturreformen faire Wettbewerbsbedingungen zu schaffen. Die Industriepolitik war weitgehend von der politischen Agenda verschwunden. Heute jedoch kehrt sie mit neuer Dringlichkeit zur\u00fcck, erkl\u00e4rt Professor <strong>Michael Landesmann<\/strong>, Direktor am Wiener Institut f\u00fcr Internationale Wirtschaftsvergleiche (wiiw).<\/p>\n<figure id=\"attachment_25309\" aria-describedby=\"caption-attachment-25309\" style=\"width: 397px\" class=\"wp-caption alignleft\"><img loading=\"lazy\" decoding=\"async\" class=\"wp-image-25309\" src=\"https:\/\/www.united-europe.eu\/wp-content\/uploads\/2025\/05\/young_leaders_advocacy_seminar_2025_04_30_by_markus_lang_bichl_0091.jpeg\" alt=\"\" width=\"397\" height=\"265\" srcset=\"https:\/\/www.united-europe.eu\/wp-content\/uploads\/2025\/05\/young_leaders_advocacy_seminar_2025_04_30_by_markus_lang_bichl_0091.jpeg 640w, https:\/\/www.united-europe.eu\/wp-content\/uploads\/2025\/05\/young_leaders_advocacy_seminar_2025_04_30_by_markus_lang_bichl_0091-120x80.jpeg 120w, https:\/\/www.united-europe.eu\/wp-content\/uploads\/2025\/05\/young_leaders_advocacy_seminar_2025_04_30_by_markus_lang_bichl_0091-90x60.jpeg 90w, https:\/\/www.united-europe.eu\/wp-content\/uploads\/2025\/05\/young_leaders_advocacy_seminar_2025_04_30_by_markus_lang_bichl_0091-320x214.jpeg 320w, https:\/\/www.united-europe.eu\/wp-content\/uploads\/2025\/05\/young_leaders_advocacy_seminar_2025_04_30_by_markus_lang_bichl_0091-560x374.jpeg 560w, https:\/\/www.united-europe.eu\/wp-content\/uploads\/2025\/05\/young_leaders_advocacy_seminar_2025_04_30_by_markus_lang_bichl_0091-633x422.jpeg 633w, https:\/\/www.united-europe.eu\/wp-content\/uploads\/2025\/05\/young_leaders_advocacy_seminar_2025_04_30_by_markus_lang_bichl_0091-150x100.jpeg 150w, https:\/\/www.united-europe.eu\/wp-content\/uploads\/2025\/05\/young_leaders_advocacy_seminar_2025_04_30_by_markus_lang_bichl_0091-220x147.jpeg 220w, https:\/\/www.united-europe.eu\/wp-content\/uploads\/2025\/05\/young_leaders_advocacy_seminar_2025_04_30_by_markus_lang_bichl_0091-240x160.jpeg 240w, https:\/\/www.united-europe.eu\/wp-content\/uploads\/2025\/05\/young_leaders_advocacy_seminar_2025_04_30_by_markus_lang_bichl_0091-180x120.jpeg 180w, https:\/\/www.united-europe.eu\/wp-content\/uploads\/2025\/05\/young_leaders_advocacy_seminar_2025_04_30_by_markus_lang_bichl_0091-300x200.jpeg 300w, https:\/\/www.united-europe.eu\/wp-content\/uploads\/2025\/05\/young_leaders_advocacy_seminar_2025_04_30_by_markus_lang_bichl_0091-440x294.jpeg 440w\" sizes=\"auto, (max-width: 397px) 100vw, 397px\" \/><figcaption id=\"caption-attachment-25309\" class=\"wp-caption-text\">Professor Michael Landesmann, Direktor am Wiener Institut f\u00fcr Internationale Wirtschaftsvergleiche (wiiw)<\/figcaption><\/figure>\n<h3 id=\"was-will-industriepolitik-erreichen\" data-start=\"479\" data-end=\"519\">Was will Industriepolitik erreichen?<\/h3>\n<p data-start=\"521\" data-end=\"915\">Industriepolitik beschr\u00e4nkt sich nicht auf Subventionen f\u00fcr die Fertigung. Im Kern ist sie eine langfristige Strategie zur Umgestaltung wirtschaftlicher Strukturen und zur Steigerung von Produktivit\u00e4t, Wettbewerbsf\u00e4higkeit und Resilienz. Sie umfasst Ma\u00dfnahmen wie die Qualifizierung von Arbeitskr\u00e4ften, Investitionen in Forschung und Entwicklung sowie in Infrastruktur, Handelspolitik und mehr.<\/p>\n<h3 id=\"europa-droht-den-anschluss-an-die-technologische-weltspitze-zu-verlieren\" data-start=\"917\" data-end=\"994\">Europa droht, den Anschluss an die technologische Weltspitze zu verlieren<\/h3>\n<p data-start=\"996\" data-end=\"1354\">W\u00e4hrend fr\u00fcher die USA als f\u00fchrende Technologiemacht galten, sind inzwischen neue Akteure wie China und Indien aufgetreten, die massiv in strategische Technologien und digitale F\u00e4higkeiten investieren. Diese konzentrierten Innovationsanstrengungen bedrohen Europas traditionelle St\u00e4rken in fortgeschrittenen Industriesektoren und exportorientierten Branchen.<\/p>\n<h3 id=\"interne-herausforderungen-kohaesion-und-ungenutztes-potenzial\" data-start=\"1356\" data-end=\"1421\">Interne Herausforderungen: Koh\u00e4sion und ungenutztes Potenzial<\/h3>\n<p data-start=\"1423\" data-end=\"1951\">Innerhalb der EU diente die Koh\u00e4sionspolitik lange dazu, regionale Unterschiede zu verringern. Doch wer sich allein auf Hochtechnologie konzentriert, riskiert, das breite Produktivit\u00e4tspotenzial der sogenannten \u201eMid-Tech\u201c-Regionen und -Unternehmen zu \u00fcbersehen. Viele europ\u00e4ische Firmen sind keine Innovationsf\u00fchrer, aber sie sind essenziell f\u00fcr das industrielle Fundament. Eine wirklich inklusive Industriepolitik muss auch sie gezielt mit passenden Strategien unterst\u00fctzen \u2013 das nennen wir eine \u201eangemessene Industriepolitik\u201c.<\/p>\n<h3 id=\"vom-klima-zur-wettbewerbsfaehigkeit\" data-start=\"1953\" data-end=\"1991\">Vom Klima zur Wettbewerbsf\u00e4higkeit<\/h3>\n<p data-start=\"1993\" data-end=\"2376\">Der europ\u00e4ische Green Deal war zun\u00e4chst Motor der Weiterentwicklung der Industriepolitik und stellte das Klima ins Zentrum. Doch geopolitische Ersch\u00fctterungen \u2013 Russlands Krieg, die Energiekrise, steigende Verteidigungsausgaben \u2013 haben Europas strategische Verwundbarkeiten offengelegt. Das Pendel schl\u00e4gt nun zur\u00fcck in Richtung Wettbewerbsf\u00e4higkeit, Energiesicherheit und Resilienz.<\/p>\n<figure id=\"attachment_25305\" aria-describedby=\"caption-attachment-25305\" style=\"width: 292px\" class=\"wp-caption alignleft\"><img loading=\"lazy\" decoding=\"async\" class=\"wp-image-25305\" src=\"https:\/\/www.united-europe.eu\/wp-content\/uploads\/2025\/05\/young_leaders_advocacy_seminar_2025_04_30_by_markus_lang_bichl_0089.jpeg\" alt=\"\" width=\"292\" height=\"195\" srcset=\"https:\/\/www.united-europe.eu\/wp-content\/uploads\/2025\/05\/young_leaders_advocacy_seminar_2025_04_30_by_markus_lang_bichl_0089.jpeg 640w, https:\/\/www.united-europe.eu\/wp-content\/uploads\/2025\/05\/young_leaders_advocacy_seminar_2025_04_30_by_markus_lang_bichl_0089-120x80.jpeg 120w, https:\/\/www.united-europe.eu\/wp-content\/uploads\/2025\/05\/young_leaders_advocacy_seminar_2025_04_30_by_markus_lang_bichl_0089-90x60.jpeg 90w, https:\/\/www.united-europe.eu\/wp-content\/uploads\/2025\/05\/young_leaders_advocacy_seminar_2025_04_30_by_markus_lang_bichl_0089-320x214.jpeg 320w, https:\/\/www.united-europe.eu\/wp-content\/uploads\/2025\/05\/young_leaders_advocacy_seminar_2025_04_30_by_markus_lang_bichl_0089-560x374.jpeg 560w, https:\/\/www.united-europe.eu\/wp-content\/uploads\/2025\/05\/young_leaders_advocacy_seminar_2025_04_30_by_markus_lang_bichl_0089-633x422.jpeg 633w, https:\/\/www.united-europe.eu\/wp-content\/uploads\/2025\/05\/young_leaders_advocacy_seminar_2025_04_30_by_markus_lang_bichl_0089-150x100.jpeg 150w, https:\/\/www.united-europe.eu\/wp-content\/uploads\/2025\/05\/young_leaders_advocacy_seminar_2025_04_30_by_markus_lang_bichl_0089-220x147.jpeg 220w, https:\/\/www.united-europe.eu\/wp-content\/uploads\/2025\/05\/young_leaders_advocacy_seminar_2025_04_30_by_markus_lang_bichl_0089-240x160.jpeg 240w, https:\/\/www.united-europe.eu\/wp-content\/uploads\/2025\/05\/young_leaders_advocacy_seminar_2025_04_30_by_markus_lang_bichl_0089-180x120.jpeg 180w, https:\/\/www.united-europe.eu\/wp-content\/uploads\/2025\/05\/young_leaders_advocacy_seminar_2025_04_30_by_markus_lang_bichl_0089-300x200.jpeg 300w, https:\/\/www.united-europe.eu\/wp-content\/uploads\/2025\/05\/young_leaders_advocacy_seminar_2025_04_30_by_markus_lang_bichl_0089-440x294.jpeg 440w\" sizes=\"auto, (max-width: 292px) 100vw, 292px\" \/><figcaption id=\"caption-attachment-25305\" class=\"wp-caption-text\">Edon Babameto, Vincent Demel, Maximilian Sardar (von rechts nach links)<\/figcaption><\/figure>\n<h3 id=\"europa-in-einer-sich-wandelnden-weltordnung\" data-start=\"2383\" data-end=\"2431\">Europa in einer sich wandelnden Weltordnung<\/h3>\n<p data-start=\"2509\" data-end=\"3006\">Die globale Landschaft hat sich dramatisch ver\u00e4ndert. Europa verf\u00fcgt nicht mehr \u00fcber die unangefochtenen Wettbewerbsvorteile fr\u00fcherer Zeiten. Die globale Arbeitsteilung wandelt sich, und Europas traditionelle komparative Vorteile geraten unter Druck. Dabei spielt die Demografie eine zentrale Rolle: Das Bev\u00f6lkerungswachstum ist weitgehend stagnierend und wird haupts\u00e4chlich durch Migration getragen. Die Frage, welche Rolle Migration f\u00fcr die langfristige Wettbewerbsf\u00e4higkeit spielt, ist komplex.<\/p>\n<p data-start=\"3008\" data-end=\"3459\">Gleichzeitig verfolgen die USA \u2013 einst H\u00fcter globaler \u00f6ffentlicher G\u00fcter \u2013 eine zunehmend unilaterale \u201eAmerica First\u201c-Politik und richten sich nach innen. Das internationale System wird fragmentierter, instabiler und weniger berechenbar. Die R\u00fcckkehr von Trump hat diese Ungewissheit in Handel und Au\u00dfenpolitik weiter versch\u00e4rft. Industriepolitik gewinnt deshalb als strategische Antwort auf diese Instabilit\u00e4t an Bedeutung.<\/p>\n<h3 id=\"\" data-start=\"3466\" data-end=\"3525\"><\/h3>\n<h3 id=\"zentrale-herausforderungen-fuer-die-eu-industriepolitik\" data-start=\"3466\" data-end=\"3525\">Zentrale Herausforderungen f\u00fcr die EU-Industriepolitik:<\/h3>\n<p data-start=\"73\" data-end=\"347\">Die EU-Industriepolitik steht vor mehreren zentralen Herausforderungen: dem technologischen Spitzenwettbewerb, der wachsenden globalen Konkurrenz insbesondere aus Asien, der inneren Koh\u00e4sion Europas sowie der notwendigen \u00f6kologischen Transformation im Zuge des Klimawandels.<\/p>\n<p data-start=\"349\" data-end=\"847\">Eine Reihe aufeinanderfolgender Krisen \u2013 Finanzkrise, COVID-19, Energiekrise und globale Handelsturbulenzen \u2013 hat die strukturellen Schw\u00e4chen der europ\u00e4ischen Industrie offengelegt. Diese Schocks haben eine Vielzahl neuer EU-Initiativen ausgel\u00f6st, darunter RePowerEU, der Chips Act, der Raw Materials Act und der geplante Sovereignty Fund. Diese Programme bieten zwar Potenzial, unterscheiden sich jedoch erheblich in Ausrichtung, Umfang und Umsetzung \u2013 ihre Wirksamkeit muss noch evaluiert werden.<\/p>\n<p data-start=\"849\" data-end=\"1199\" data-is-last-node=\"\" data-is-only-node=\"\">Ein zentrales Problem bleibt die Fragmentierung zwischen nationaler und europ\u00e4ischer Industriepolitik. W\u00e4hrend L\u00e4nder wie Deutschland stark auf eigene F\u00f6rdermittel setzen, sind Staaten wie Rum\u00e4nien und Bulgarien weitgehend auf EU-Gelder angewiesen. Diese ungleiche Finanzierung erschwert eine koh\u00e4rente und wirkungsvolle europ\u00e4ische Industriepolitik.<\/p>\n<p data-start=\"4793\" data-end=\"5152\">Ein Wendepunkt war die Einf\u00fchrung der <strong data-start=\"4831\" data-end=\"4873\">Recovery and Resilience Facility (RRF)<\/strong>: Zum ersten Mal nahm die EU gemeinsam Schulden auf, um wirtschaftliche Erholung und Transformation zu finanzieren. Das k\u00f6nnte ein Vorbild f\u00fcr eine st\u00e4rker f\u00f6deral ausgerichtete Fiskalpolitik sein \u2013 mit industriepolitischen Investitionen in Klima, Digitalisierung und Sicherheit.<\/p>\n<h3 id=\"neue-instrumente-und-konzepte-industriepolitischen-wandel-steuern\" data-start=\"5159\" data-end=\"5229\">Neue Instrumente und Konzepte &#8211; industriepolitischen Wandel steuern:<\/h3>\n<p data-start=\"5231\" data-end=\"5339\">Die EU ist nicht mehr nur Regulierer \u2013 sie wird zunehmend zum strategischen Planer. Neue Konzepte sind u.a.:<\/p>\n<ul data-start=\"5341\" data-end=\"5638\">\n<li data-start=\"5341\" data-end=\"5429\">\n<p data-start=\"5343\" data-end=\"5429\"><strong data-start=\"5343\" data-end=\"5378\">Smart Specialization Strategies<\/strong>: Regionale St\u00e4rken mit EU-Priorit\u00e4ten verkn\u00fcpfen<\/p>\n<\/li>\n<li data-start=\"5430\" data-end=\"5476\">\n<p data-start=\"5432\" data-end=\"5476\"><strong data-start=\"5432\" data-end=\"5474\">Mission-orientierte Innovationspolitik<\/strong><\/p>\n<\/li>\n<li data-start=\"5477\" data-end=\"5638\">\n<p data-start=\"5479\" data-end=\"5638\"><strong data-start=\"5479\" data-end=\"5547\">Wichtige Projekte von gemeinsamem europ\u00e4ischen Interesse (IPCEI)<\/strong>: Etwa in den Bereichen Batterien und Halbleiter \u2013 nach dem Vorbild von Airbus-Konsortien<\/p>\n<\/li>\n<\/ul>\n<p data-start=\"5640\" data-end=\"5817\">Doch funktionieren diese Konzepte? Monitoring und Evaluierung sind bislang Schwachpunkte. Die Vielzahl an Initiativen droht, ohne strategische Ausrichtung inkoh\u00e4rent zu bleiben.<\/p>\n<p data-start=\"0\" data-end=\"68\"><strong data-start=\"0\" data-end=\"68\">Zusammenfassung: Zw\u00e4nge und Koordination der EU-Industriepolitik<\/strong><\/p>\n<p data-start=\"70\" data-end=\"166\">Die Umsetzung einer gemeinsamen EU-Industriepolitik wird durch drei zentrale H\u00fcrden erschwert:<\/p>\n<ol data-start=\"167\" data-end=\"482\">\n<li data-start=\"167\" data-end=\"252\">\n<p data-start=\"170\" data-end=\"252\"><strong data-start=\"170\" data-end=\"198\">Handelspolitische Zw\u00e4nge<\/strong> durch WTO-Regeln und internationale Abh\u00e4ngigkeiten,<\/p>\n<\/li>\n<li data-start=\"253\" data-end=\"347\">\n<p data-start=\"256\" data-end=\"347\"><strong data-start=\"256\" data-end=\"295\">Wettbewerbspolitische Anforderungen<\/strong>, etwa die Vermeidung staatlich verzerrter M\u00e4rkte,<\/p>\n<\/li>\n<li data-start=\"348\" data-end=\"482\">\n<p data-start=\"351\" data-end=\"482\"><strong data-start=\"351\" data-end=\"379\">Fiskalische Begrenzungen<\/strong>, insbesondere das begrenzte EU-Budget und gro\u00dfe finanzielle Unterschiede zwischen den Mitgliedstaaten.<\/p>\n<\/li>\n<\/ol>\n<p data-start=\"484\" data-end=\"544\">Diese strukturellen Zw\u00e4nge werfen grundlegende Fragen auf:<\/p>\n<ul data-start=\"545\" data-end=\"848\">\n<li data-start=\"545\" data-end=\"638\">\n<p data-start=\"547\" data-end=\"638\">Ist eine einheitliche Industriepolitik f\u00fcr alle EU-Mitgliedstaaten \u00fcberhaupt praktikabel?<\/p>\n<\/li>\n<li data-start=\"639\" data-end=\"724\">\n<p data-start=\"641\" data-end=\"724\">Besteht die Gefahr, dass wohlhabendere Regionen \u00fcberdurchschnittlich profitieren?<\/p>\n<\/li>\n<li data-start=\"725\" data-end=\"848\">\n<p data-start=\"727\" data-end=\"848\">Und sind lokale Verwaltungen ausreichend ausgestattet, um wirkungsvolle Industrieprogramme zu konzipieren und umzusetzen?<\/p>\n<\/li>\n<\/ul>\n<p data-start=\"850\" data-end=\"988\" data-is-last-node=\"\" data-is-only-node=\"\">Diese Fragen betreffen nicht nur die Wirksamkeit, sondern auch die politische Legitimit\u00e4t einer zuk\u00fcnftigen europ\u00e4ischen Industriepolitik.<\/p>\n<p data-start=\"850\" data-end=\"988\" data-is-last-node=\"\" data-is-only-node=\"\"><strong>Fazit:\u00a0Das Konzept der \u201eoffenen strategischen Autonomie\u201c ist noch im Entstehen. Europa muss die internationalen Reaktionen auf seine politischen Instrumente st\u00e4rker ber\u00fccksichtigen, um unerw\u00fcnschte Nebenwirkungen zu vermeiden. Die Industriepolitik ist zur\u00fcck \u2013 und wird bleiben. Aber sie muss koh\u00e4rent, evidenzbasiert und anpassungsf\u00e4hig in einer multipolaren, instabilen Welt sein.\u00a0<\/strong><\/p>\n<hr data-start=\"6847\" data-end=\"6850\" \/>\n<h2 id=\"qa\" data-start=\"6852\" data-end=\"6877\"><strong data-start=\"6855\" data-end=\"6877\"><br \/>\nQ&amp;A<\/strong><\/h2>\n<p data-start=\"6879\" data-end=\"7196\"><strong data-start=\"6879\" data-end=\"7196\">\u201eWas die fiskalischen Rahmenbedingungen betrifft, die oft als Beschr\u00e4nkung diskutiert werden: Europa hat eine Supermacht \u2013 seine Ersparnisse, insbesondere in Deutschland. Dieses Potenzial ist noch l\u00e4ngst nicht ausgesch\u00f6pft \u2013 selbst die USA verf\u00fcgen nicht dar\u00fcber. Wie k\u00f6nnen diese Ersparnisse mobilisiert werden?\u201c<\/strong><\/p>\n<p data-start=\"7198\" data-end=\"7638\">Die Mobilisierung dieser Ressourcen bleibt eine gro\u00dfe Herausforderung. Ein erheblicher Teil des europ\u00e4ischen Kapitals flie\u00dft in den US-Aktienmarkt. Europa ist Netto-Kapitalexporteur. Dieses Thema muss offen angesprochen werden \u2013 und es braucht Ma\u00dfnahmen, um die heimische Sparquote produktiver einzusetzen. Ob f\u00fcr Verteidigung, gr\u00fcne Technologien, soziale Infrastruktur, Innovation oder Umschulungen \u2013 dieses Kapital ist dringend notwendig.<\/p>\n<p data-start=\"7645\" data-end=\"7902\"><strong data-start=\"7645\" data-end=\"7902\">\u201eZur Diversifizierung von Lieferketten: Die aktuellen Bem\u00fchungen wirken teilweise beliebig \u2013 z.\u202fB. in Bezug auf Zentralasien oder Aserbaidschan. Sollte Europa B\u00fcrokratie abbauen und bestimmte Anforderungen lockern, um seine Potenziale besser zu nutzen?\u201c<\/strong><\/p>\n<p data-start=\"7904\" data-end=\"8437\">Die EU konzentriert sich bislang stark auf interne Herausforderungen \u2013 etwa Krisenbew\u00e4ltigung, Binnenmarkt und Koh\u00e4sion. Erweiterung hat Priorit\u00e4t, doch die Beziehungen zum Globalen S\u00fcden werden weitgehend vernachl\u00e4ssigt. Die EU agiert noch nicht als echter geopolitischer Akteur. M\u00e4rkte in Zentralasien sind geopolitisch stark aufgeladen. Neben der regulatorischen Perspektive der Unternehmen ist es ebenso wichtig, mit den lokalen Bev\u00f6lkerungen in Austausch zu treten \u2013 und zu verstehen, wie sie europ\u00e4isches Engagement wahrnehmen.<\/p>\n<p data-start=\"8444\" data-end=\"8575\"><strong data-start=\"8444\" data-end=\"8575\">\u201eW\u00fcrde ein neues europ\u00e4isches Schuldeninstrument helfen, mehr Zusammenhalt zu schaffen? Welche negativen Folgen w\u00e4ren denkbar?\u201c<\/strong><\/p>\n<p data-start=\"8577\" data-end=\"9332\">Die EU hat bereits erkannt, dass ihre Reaktion auf die Finanzkrise 2008 unzureichend war. W\u00e4hrend der COVID-19-Krise ging sie einen anderen Weg: mit dem Aufbau- und Resilienzfonds, gemeinsamen Anleihen und besserem Zugang zu Kapitalm\u00e4rkten. Ein st\u00e4rkeres europ\u00e4isches Engagement, unterst\u00fctzt durch EU-Institutionen und Mitgliedstaaten, w\u00e4re essenziell f\u00fcr den Aufbau einer Kapitalmarktunion mit Euro-Anker. Trotz bestehender Spannungen \u2013 insbesondere mit den sogenannten sparsamen Staaten \u2013 bleibt Deutschland mit seinem gro\u00dfen ungenutzten Potenzial ein Sonderfall. Angesichts des R\u00fcckzugs der USA aus der Rolle als globale Reservew\u00e4hrung k\u00f6nnte ein robuster europ\u00e4ischer Anleihemarkt zu einer zentralen S\u00e4ule der finanziellen Souver\u00e4nit\u00e4t Europas werden.<\/p>\n<\/div>\n<\/div>\n<\/div>\n<\/div>\n<div class=\"mt-3 w-full empty:hidden\">\n<div class=\"text-center\"><\/div>\n<\/div>\n<\/div>\n<\/div>\n<\/div>\n<\/div>\n<\/article>\n<div><\/div>\n<\/div>\n<\/div>\n<\/div>\n<\/div>\n<div id=\"thread-bottom-container\" class=\"isolate z-3 w-full basis-auto has-data-has-thread-error:pt-2 has-data-has-thread-error:[box-shadow:var(--sharp-edge-bottom-shadow)] md:border-transparent md:pt-0 dark:border-white\/20 md:dark:border-transparent flex flex-col\">\n<div id=\"thread-bottom\">\n<div class=\"text-base mx-auto [--thread-content-margin:--spacing(4)] @[37rem]:[--thread-content-margin:--spacing(6)] @[72rem]:[--thread-content-margin:--spacing(16)] px-(--thread-content-margin)\">\n<div class=\"[--thread-content-max-width:32rem] @[34rem]:[--thread-content-max-width:40rem] @[64rem]:[--thread-content-max-width:48rem] mx-auto flex max-w-(--thread-content-max-width) flex-1 text-base gap-4 md:gap-5 lg:gap-6\">\n<div class=\"max-xs:[--force-hide-label:none] relative z-1 flex h-full max-w-full flex-1 flex-col\" aria-haspopup=\"dialog\" aria-expanded=\"false\" aria-controls=\"radix-\u00abR34ip9t9jm595j5\u00bb\" data-state=\"closed\">\n<form class=\"w-full [view-transition-name:var(--vt-composer)]\" data-type=\"unified-composer\">\n<div class=\"flex w-full cursor-text flex-col items-center justify-center rounded-[28px] bg-clip-padding contain-inline-size overflow-clip shadow-short bg-token-bg-primary dark:bg-[#303030]\">\n<div class=\"relative flex w-full items-end px-2.5 py-2.5\">\n<div class=\"relative flex w-full flex-auto flex-col\">\n<div class=\"relative mx-2.5 grid grid-cols-[auto_minmax(0,1fr)]\">\n<div class=\"relative flex-auto bg-transparent pt-1.5\">\n<div class=\"flex flex-col justify-start\">\n<div class=\"flex min-h-12 items-start\">\n<div class=\"max-w-full min-w-0 flex-1\">\n<div class=\"_prosemirror-parent_kfgfu_2 text-token-text-primary max-h-[25dvh] max-h-52 -mx-3 px-3 overflow-auto [scrollbar-width:thin] default-browser vertical-scroll-fade-mask min-h-12 pe-3\">\n<p>&nbsp;<\/p>\n<div id=\"prompt-textarea\" class=\"ProseMirror\" contenteditable=\"true\" translate=\"no\" data-virtualkeyboard=\"true\"><\/div>\n<\/div>\n<\/div>\n<\/div>\n<\/div>\n<\/div>\n<\/div>\n<div class=\"justify-content-end relative ms-2 flex w-full flex-auto flex-col\">\n<div class=\"flex-auto\"><\/div>\n<\/div>\n<div><\/div>\n<\/div>\n<\/div>\n<\/div>\n<\/form>\n<\/div>\n<\/div>\n<\/div>\n<\/div>\n<\/div>\n","protected":false},"excerpt":{"rendered":"<p>Die Industriepolitik erlebt derzeit eine bemerkenswerte Renaissance, ausgel\u00f6st durch tiefgreifende Ver\u00e4nderungen in der Geopolitik und Geo\u00f6konomie. \u00dcber einen langen Zeitraum hinweg lag der Fokus der EU darauf, durch Strukturreformen faire&hellip;<\/p>\n","protected":false},"author":31,"featured_media":25307,"comment_status":"closed","ping_status":"closed","sticky":false,"template":"","format":"standard","meta":{"_acf_changed":false,"footnotes":""},"categories":[587,585,620],"tags":[],"powerkit_post_featured":[],"class_list":{"0":"post-25336","1":"post","2":"type-post","3":"status-publish","4":"format-standard","5":"has-post-thumbnail","7":"category-advocacy-seminare","8":"category-ue-advocacy-programm","9":"category-news-de"},"acf":[],"aioseo_notices":[],"_links":{"self":[{"href":"https:\/\/www.united-europe.eu\/de\/wp-json\/wp\/v2\/posts\/25336","targetHints":{"allow":["GET"]}}],"collection":[{"href":"https:\/\/www.united-europe.eu\/de\/wp-json\/wp\/v2\/posts"}],"about":[{"href":"https:\/\/www.united-europe.eu\/de\/wp-json\/wp\/v2\/types\/post"}],"author":[{"embeddable":true,"href":"https:\/\/www.united-europe.eu\/de\/wp-json\/wp\/v2\/users\/31"}],"replies":[{"embeddable":true,"href":"https:\/\/www.united-europe.eu\/de\/wp-json\/wp\/v2\/comments?post=25336"}],"version-history":[{"count":7,"href":"https:\/\/www.united-europe.eu\/de\/wp-json\/wp\/v2\/posts\/25336\/revisions"}],"predecessor-version":[{"id":25599,"href":"https:\/\/www.united-europe.eu\/de\/wp-json\/wp\/v2\/posts\/25336\/revisions\/25599"}],"wp:featuredmedia":[{"embeddable":true,"href":"https:\/\/www.united-europe.eu\/de\/wp-json\/wp\/v2\/media\/25307"}],"wp:attachment":[{"href":"https:\/\/www.united-europe.eu\/de\/wp-json\/wp\/v2\/media?parent=25336"}],"wp:term":[{"taxonomy":"category","embeddable":true,"href":"https:\/\/www.united-europe.eu\/de\/wp-json\/wp\/v2\/categories?post=25336"},{"taxonomy":"post_tag","embeddable":true,"href":"https:\/\/www.united-europe.eu\/de\/wp-json\/wp\/v2\/tags?post=25336"},{"taxonomy":"powerkit_post_featured","embeddable":true,"href":"https:\/\/www.united-europe.eu\/de\/wp-json\/wp\/v2\/powerkit_post_featured?post=25336"}],"curies":[{"name":"wp","href":"https:\/\/api.w.org\/{rel}","templated":true}]}}