{"id":25012,"date":"2025-03-11T19:54:05","date_gmt":"2025-03-11T18:54:05","guid":{"rendered":"https:\/\/www.united-europe.eu\/?p=25012"},"modified":"2025-07-28T11:55:49","modified_gmt":"2025-07-28T09:55:49","slug":"bewerbungsaufruf-young-leaders-advocacy-seminar-in-wien-2024-war-ein-entscheidendes-wahljahr-wie-geht-es-mit-europa-weiter","status":"publish","type":"post","link":"https:\/\/www.united-europe.eu\/de\/2025\/03\/bewerbungsaufruf-young-leaders-advocacy-seminar-in-wien-2024-war-ein-entscheidendes-wahljahr-wie-geht-es-mit-europa-weiter\/","title":{"rendered":"***Bewerbungsaufruf*** \u2013 Young Leaders Advocacy Seminar in Wien \u201e2024 war ein entscheidendes Wahljahr \u2013 wie geht es mit Europa weiter?\u201c"},"content":{"rendered":"<p data-start=\"52\" data-end=\"345\">Wir suchen <strong data-start=\"63\" data-end=\"80\">Young Leaders<\/strong>, die am kommenden <strong data-start=\"99\" data-end=\"133\">United Europe Young Leaders Advocacy Seminar<\/strong> in Zusammenarbeit mit der <strong data-start=\"263\" data-end=\"319\">Vertretung der Europ\u00e4ischen Kommission in \u00d6sterreich teilnehmen m\u00f6chten.\u00a0<\/strong>\ud83d\udcc5 <strong data-start=\"325\" data-end=\"343\">30. April 2025<\/strong><\/p>\n<p data-start=\"347\" data-end=\"481\">Gemeinsam werden wir die Auswirkungen des Superwahljahres 2024 analysieren und diskutieren, welche Entwicklungen Europa bevorstehen.<\/p>\n<h3 id=\"programmhighlights\" data-start=\"483\" data-end=\"511\"><strong data-start=\"487\" data-end=\"509\">Programmhighlights<\/strong><\/h3>\n<p data-start=\"512\" data-end=\"1310\"><strong data-start=\"515\" data-end=\"527\">Keynote:<\/strong> Mag. <strong data-start=\"533\" data-end=\"558\">Patrick Lobis, M.P.P.<\/strong>, Leiter der Vertretung der Europ\u00e4ischen Kommission in \u00d6sterreich<br data-start=\"623\" data-end=\"626\" \/><strong data-start=\"629\" data-end=\"662\">Geopolitik, Z\u00f6lle und Handel:<\/strong> Pr\u00e4sentationen von <strong data-start=\"682\" data-end=\"706\">Mag. Christian Mandl<\/strong> (Leiter der EU-Politikabteilung) und <strong data-start=\"744\" data-end=\"765\">Mag. Michael Saxl<\/strong> (Policy Advisor) der <strong data-start=\"787\" data-end=\"794\">WKO<\/strong> (Wirtschaftskammer \u00d6sterreich)<br data-start=\"825\" data-end=\"828\" data-is-only-node=\"\" \/><strong data-start=\"831\" data-end=\"864\">Europ\u00e4ische Industriepolitik:<\/strong> Prof. <strong data-start=\"871\" data-end=\"893\">Michael Landesmann<\/strong>, Wissenschaftlicher Direktor des Wiener Instituts f\u00fcr Internationale Wirtschaftsvergleiche<br data-start=\"984\" data-end=\"987\" \/><strong data-start=\"990\" data-end=\"1033\">Impulse zur europ\u00e4ischen KMU-F\u00f6rderung:<\/strong> <strong data-start=\"1034\" data-end=\"1052\">Iris Marlovitz<\/strong>, Leiterin Kommunikation des Enterprise Europe Network<br data-start=\"1106\" data-end=\"1109\" \/><strong data-start=\"1112\" data-end=\"1171\">Finanzierung von Wettbewerbsf\u00e4higkeit und Verteidigung:<\/strong> Gespr\u00e4ch mit <strong data-start=\"1185\" data-end=\"1205\">Wilhelm Molterer<\/strong>, ehemaliger Vizekanzler und aktueller Chairman von <strong data-start=\"1257\" data-end=\"1268\">GLOBSEC<\/strong><br data-start=\"1268\" data-end=\"1271\" \/><strong data-start=\"1274\" data-end=\"1308\">Europas digitale Souver\u00e4nit\u00e4t:<br \/>\n<\/strong><strong data-start=\"1316\" data-end=\"1341\">&#8211; Prof. Volker Wittpahl<\/strong> beleuchtet globale Bedrohungen f\u00fcr die europ\u00e4ische Wirtschaft<br \/>\n<strong data-start=\"1411\" data-end=\"1429\">&#8211; Mats Kuuskemaa<\/strong> pr\u00e4sentiert Estlands erfolgreiches Tech-Start-up-\u00d6kosystem<br data-start=\"1488\" data-end=\"1491\" \/><strong data-start=\"1494\" data-end=\"1561\">Interview zur WTO-Krise anl\u00e4sslich ihres 30-j\u00e4hrigen Bestehens:<br \/>\n<\/strong><strong data-start=\"1569\" data-end=\"1593\">Barbara Tasch-Ronner<\/strong>, Vorstandsmitglied von United Europe, im Gespr\u00e4ch mit <strong data-start=\"1648\" data-end=\"1672\">Danai-Magarita Budas<\/strong>, stellvertretende Direktorin f\u00fcr internationale Beziehungen und M\u00e4rkte bei der Industriellenvereinigung (IV)<br data-start=\"1781\" data-end=\"1784\" \/><strong data-start=\"1787\" data-end=\"1800\">Workshop:<\/strong> <strong data-start=\"1801\" data-end=\"1877\">Eurostack \u2013 eine europ\u00e4ische Alternative f\u00fcr technologische Souver\u00e4nit\u00e4t<\/strong> mit Prof. <strong data-start=\"1888\" data-end=\"1904\">Paul Timmers<\/strong> und <strong data-start=\"1909\" data-end=\"1929\">Georg Serentschy<\/strong> (@WeltWert)<\/p>\n<h3 id=\"jetzt-bewerben\" data-start=\"1945\" data-end=\"1964\"><strong data-start=\"1949\" data-end=\"1962\">Jetzt bewerben!<\/strong><\/h3>\n<p>&nbsp;<\/p>\n<h3 id=\"%f0%9f%93%9d-bewerbungen-cv-motivationsschreiben-an-eventsunited-europe-eu%e2%8f%b3-bewerbungsschluss-27-maerz-2025%f0%9f%92%a1-reisekosten-und-unterkunftserstattungen-sind-nur-fuer-mitgli\" data-start=\"1945\" data-end=\"1964\">\ud83d\udcdd Bewerbungen (CV &amp; Motivationsschreiben) an <strong data-start=\"2059\" data-end=\"2086\"><a rel=\"noopener\" data-start=\"2061\" data-end=\"2084\">events@united-europe.eu<\/a><\/strong><br data-start=\"2086\" data-end=\"2089\" \/>\u23f3 <strong data-start=\"2091\" data-end=\"2127\">Bewerbungsschluss: 27. M\u00e4rz 2025<\/strong><br data-start=\"2127\" data-end=\"2130\" \/>\ud83d\udca1 <strong data-start=\"2133\" data-end=\"2228\">Reisekosten- und Unterkunftserstattungen sind nur f\u00fcr Mitglieder von United Europe m\u00f6glich.<\/strong><\/h3>\n<p data-start=\"2232\" data-end=\"2280\" data-is-last-node=\"\" data-is-only-node=\"\">Wir freuen uns darauf, Sie willkommen zu hei\u00dfen!<\/p>\n","protected":false},"excerpt":{"rendered":"<p>Wir suchen Young Leaders, die am kommenden United Europe Young Leaders Advocacy Seminar in Zusammenarbeit mit der Vertretung der Europ\u00e4ischen Kommission in \u00d6sterreich teilnehmen m\u00f6chten.\u00a0\ud83d\udcc5 30. April 2025 Gemeinsam werden&hellip;<\/p>\n","protected":false},"author":31,"featured_media":25009,"comment_status":"closed","ping_status":"closed","sticky":false,"template":"","format":"standard","meta":{"_acf_changed":false,"footnotes":""},"categories":[587,585,620],"tags":[],"powerkit_post_featured":[],"class_list":{"0":"post-25012","1":"post","2":"type-post","3":"status-publish","4":"format-standard","5":"has-post-thumbnail","7":"category-advocacy-seminare","8":"category-ue-advocacy-programm","9":"category-news-de"},"acf":[],"aioseo_notices":[],"_links":{"self":[{"href":"https:\/\/www.united-europe.eu\/de\/wp-json\/wp\/v2\/posts\/25012","targetHints":{"allow":["GET"]}}],"collection":[{"href":"https:\/\/www.united-europe.eu\/de\/wp-json\/wp\/v2\/posts"}],"about":[{"href":"https:\/\/www.united-europe.eu\/de\/wp-json\/wp\/v2\/types\/post"}],"author":[{"embeddable":true,"href":"https:\/\/www.united-europe.eu\/de\/wp-json\/wp\/v2\/users\/31"}],"replies":[{"embeddable":true,"href":"https:\/\/www.united-europe.eu\/de\/wp-json\/wp\/v2\/comments?post=25012"}],"version-history":[{"count":3,"href":"https:\/\/www.united-europe.eu\/de\/wp-json\/wp\/v2\/posts\/25012\/revisions"}],"predecessor-version":[{"id":25015,"href":"https:\/\/www.united-europe.eu\/de\/wp-json\/wp\/v2\/posts\/25012\/revisions\/25015"}],"wp:featuredmedia":[{"embeddable":true,"href":"https:\/\/www.united-europe.eu\/de\/wp-json\/wp\/v2\/media\/25009"}],"wp:attachment":[{"href":"https:\/\/www.united-europe.eu\/de\/wp-json\/wp\/v2\/media?parent=25012"}],"wp:term":[{"taxonomy":"category","embeddable":true,"href":"https:\/\/www.united-europe.eu\/de\/wp-json\/wp\/v2\/categories?post=25012"},{"taxonomy":"post_tag","embeddable":true,"href":"https:\/\/www.united-europe.eu\/de\/wp-json\/wp\/v2\/tags?post=25012"},{"taxonomy":"powerkit_post_featured","embeddable":true,"href":"https:\/\/www.united-europe.eu\/de\/wp-json\/wp\/v2\/powerkit_post_featured?post=25012"}],"curies":[{"name":"wp","href":"https:\/\/api.w.org\/{rel}","templated":true}]}}