{"id":24621,"date":"2024-10-23T15:03:23","date_gmt":"2024-10-23T13:03:23","guid":{"rendered":"https:\/\/www.united-europe.eu\/?p=24621"},"modified":"2025-07-18T13:17:25","modified_gmt":"2025-07-18T11:17:25","slug":"save-the-date-virtuelles-debrief-i-us-wahlen-2024-konsequenzen-fuer-europa","status":"publish","type":"post","link":"https:\/\/www.united-europe.eu\/de\/2024\/10\/save-the-date-virtuelles-debrief-i-us-wahlen-2024-konsequenzen-fuer-europa\/","title":{"rendered":"SAVE THE DATE: Virtuelles Debrief I US-Wahlen 2024: Konsequenzen f\u00fcr Europa"},"content":{"rendered":"<p>Wir freuen uns, United Europes virtuelles Debrief\u00a0 zum Thema \u201eUS-Wahlen 2024: Konsequenzen f\u00fcr Europa\u201c mit G\u00fcnther H. Oettinger ank\u00fcndigen zu k\u00f6nnen.<\/p>\n<p>DATUM: Donnerstag, 7. November<br \/>\nZEIT: 16.00 bis 16.45 Uhr MEZ<br \/>\nFORMAT: Virtuelle Sitzung via Zoom<\/p>\n<p>Die US-Wahlen 2024 werden erhebliche Auswirkungen auf Europa haben und die transatlantischen Beziehungen, die Handelspolitik, Sicherheitsallianzen und die globale Stabilit\u00e4t beeinflussen. Das Wahlergebnis wird europ\u00e4ische Antworten auf wirtschaftliche Herausforderungen, die Verteidigungszusammenarbeit innerhalb der NATO, die Koordinierung der Klimapolitik und das diplomatische Engagement in globalen Fragen beeinflussen. Die k\u00fcnftige Ausrichtung der US-Au\u00dfenpolitik wird die St\u00e4rke und den Schwerpunkt der europ\u00e4ischen Partnerschaft mit Washington in einer zunehmend komplexen geopolitischen Landschaft bestimmen.<\/p>\n<p>Wennn Sie an unserer Online-Session teilnehmen m\u00f6chten, melden Sie sich bitte unter <a href=\"mailto:events@united-europe.eu\">events@united-europe.eu<\/a> an.<\/p>\n<p>Wir freuen uns auf Ihre Teilnahme!<\/p>\n","protected":false},"excerpt":{"rendered":"<p>Wir freuen uns, United Europes virtuelles Debrief\u00a0 zum Thema \u201eUS-Wahlen 2024: Konsequenzen f\u00fcr Europa\u201c mit G\u00fcnther H. Oettinger ank\u00fcndigen zu k\u00f6nnen. DATUM: Donnerstag, 7. November ZEIT: 16.00 bis 16.45 Uhr&hellip;<\/p>\n","protected":false},"author":28,"featured_media":24619,"comment_status":"closed","ping_status":"closed","sticky":false,"template":"","format":"standard","meta":{"_acf_changed":false,"footnotes":""},"categories":[620,2243],"tags":[],"powerkit_post_featured":[],"class_list":{"0":"post-24621","1":"post","2":"type-post","3":"status-publish","4":"format-standard","5":"has-post-thumbnail","7":"category-news-de","8":"category-panel-diskussionen-und-webinare"},"acf":[],"aioseo_notices":[],"_links":{"self":[{"href":"https:\/\/www.united-europe.eu\/de\/wp-json\/wp\/v2\/posts\/24621","targetHints":{"allow":["GET"]}}],"collection":[{"href":"https:\/\/www.united-europe.eu\/de\/wp-json\/wp\/v2\/posts"}],"about":[{"href":"https:\/\/www.united-europe.eu\/de\/wp-json\/wp\/v2\/types\/post"}],"author":[{"embeddable":true,"href":"https:\/\/www.united-europe.eu\/de\/wp-json\/wp\/v2\/users\/28"}],"replies":[{"embeddable":true,"href":"https:\/\/www.united-europe.eu\/de\/wp-json\/wp\/v2\/comments?post=24621"}],"version-history":[{"count":4,"href":"https:\/\/www.united-europe.eu\/de\/wp-json\/wp\/v2\/posts\/24621\/revisions"}],"predecessor-version":[{"id":24627,"href":"https:\/\/www.united-europe.eu\/de\/wp-json\/wp\/v2\/posts\/24621\/revisions\/24627"}],"wp:featuredmedia":[{"embeddable":true,"href":"https:\/\/www.united-europe.eu\/de\/wp-json\/wp\/v2\/media\/24619"}],"wp:attachment":[{"href":"https:\/\/www.united-europe.eu\/de\/wp-json\/wp\/v2\/media?parent=24621"}],"wp:term":[{"taxonomy":"category","embeddable":true,"href":"https:\/\/www.united-europe.eu\/de\/wp-json\/wp\/v2\/categories?post=24621"},{"taxonomy":"post_tag","embeddable":true,"href":"https:\/\/www.united-europe.eu\/de\/wp-json\/wp\/v2\/tags?post=24621"},{"taxonomy":"powerkit_post_featured","embeddable":true,"href":"https:\/\/www.united-europe.eu\/de\/wp-json\/wp\/v2\/powerkit_post_featured?post=24621"}],"curies":[{"name":"wp","href":"https:\/\/api.w.org\/{rel}","templated":true}]}}