{"id":24402,"date":"2024-07-26T14:01:02","date_gmt":"2024-07-26T12:01:02","guid":{"rendered":"https:\/\/www.united-europe.eu\/?p=24402"},"modified":"2024-07-27T11:12:08","modified_gmt":"2024-07-27T09:12:08","slug":"kluge-koepfe-bewegen-europa-european-economic-conference-3-rueckblick-auf-2024-save-the-date-2025","status":"publish","type":"post","link":"https:\/\/www.united-europe.eu\/de\/2024\/07\/kluge-koepfe-bewegen-europa-european-economic-conference-3-rueckblick-auf-2024-save-the-date-2025\/","title":{"rendered":"Kluge K\u00f6pfe bewegen Europa: European Economic Conference #3 &#8211; R\u00fcckblick auf 2024 &#038; Save the Date 2025"},"content":{"rendered":"<p><strong>\u201eEuropa ist in der Krise, Europa ist der Absteigerkontinent\u201c,<\/strong> konstatierte G\u00fcnther H. Oettinger auf der ersten <strong>European Economic Conference (EEC)<\/strong>, die 2022 von der <strong>Frankfurter Allgemeinen Zeitung<\/strong>, der <strong>ESMT<\/strong> (European School of Management and Technology Berlin) und United Europe ins Leben gerufen wurde. <strong>\u201eSehen Sie hier nach zwei Jahren mittlerweile einen Lichtblick?\u201c<\/strong>, wollte Heike G\u00f6bel wissen, verantwortliche Redakteurin f\u00fcr Wirtschaftspolitik bei der F.A.Z, die am 4. und 5. Juni 2024 durch die dritte European Economic Conference f\u00fchrte. Die ausf\u00fchrliche Antwort von G\u00fcnther H. Oettinger k\u00f6nnen Sie am Ende dieses Posts lesen.<\/p>\n<p>\u00dcber 260 G\u00e4ste hatten sich zu der Konferenz angemeldet, zwei Drittel davon waren Unternehmensvertreter, aber auch Vertreter von Stiftungen, Wissenschaft und Entscheidungstr\u00e4ger auf Landes- und Bundesebene waren vor Ort.<\/p>\n<p><strong>Gerald Braunberger,<\/strong> Herausgeber der FAZ, und <strong>J\u00f6rg Rocholl<\/strong> von der ESMT luden u.a. zum politischen Gespr\u00e4ch mit dem Chef des Bundeskanzleramtes <strong>Wolfgang Schmidt<\/strong> und dem Parteivorsitzenden der CDU <strong>Friedrich Merz.<\/strong><\/p>\n<figure id=\"attachment_24421\" aria-describedby=\"caption-attachment-24421\" style=\"width: 800px\" class=\"wp-caption alignleft\"><img loading=\"lazy\" decoding=\"async\" class=\"wp-image-24421 size-medium\" src=\"https:\/\/www.united-europe.eu\/wp-content\/uploads\/2024\/07\/20240406-EEC-1-1492-800x568.jpg\" alt=\"\" width=\"800\" height=\"568\" srcset=\"https:\/\/www.united-europe.eu\/wp-content\/uploads\/2024\/07\/20240406-EEC-1-1492-800x568.jpg 800w, https:\/\/www.united-europe.eu\/wp-content\/uploads\/2024\/07\/20240406-EEC-1-1492-1160x824.jpg 1160w, https:\/\/www.united-europe.eu\/wp-content\/uploads\/2024\/07\/20240406-EEC-1-1492-1536x1091.jpg 1536w, https:\/\/www.united-europe.eu\/wp-content\/uploads\/2024\/07\/20240406-EEC-1-1492-2048x1454.jpg 2048w, https:\/\/www.united-europe.eu\/wp-content\/uploads\/2024\/07\/20240406-EEC-1-1492-120x85.jpg 120w, https:\/\/www.united-europe.eu\/wp-content\/uploads\/2024\/07\/20240406-EEC-1-1492-90x64.jpg 90w, https:\/\/www.united-europe.eu\/wp-content\/uploads\/2024\/07\/20240406-EEC-1-1492-320x227.jpg 320w, https:\/\/www.united-europe.eu\/wp-content\/uploads\/2024\/07\/20240406-EEC-1-1492-560x398.jpg 560w, https:\/\/www.united-europe.eu\/wp-content\/uploads\/2024\/07\/20240406-EEC-1-1492-1920x1364.jpg 1920w, https:\/\/www.united-europe.eu\/wp-content\/uploads\/2024\/07\/20240406-EEC-1-1492-633x450.jpg 633w, https:\/\/www.united-europe.eu\/wp-content\/uploads\/2024\/07\/20240406-EEC-1-1492-141x100.jpg 141w, https:\/\/www.united-europe.eu\/wp-content\/uploads\/2024\/07\/20240406-EEC-1-1492-220x156.jpg 220w, https:\/\/www.united-europe.eu\/wp-content\/uploads\/2024\/07\/20240406-EEC-1-1492-3072x2182.jpg 3072w, https:\/\/www.united-europe.eu\/wp-content\/uploads\/2024\/07\/20240406-EEC-1-1492-240x170.jpg 240w, https:\/\/www.united-europe.eu\/wp-content\/uploads\/2024\/07\/20240406-EEC-1-1492-180x128.jpg 180w, https:\/\/www.united-europe.eu\/wp-content\/uploads\/2024\/07\/20240406-EEC-1-1492-640x455.jpg 640w, https:\/\/www.united-europe.eu\/wp-content\/uploads\/2024\/07\/20240406-EEC-1-1492-1120x795.jpg 1120w, https:\/\/www.united-europe.eu\/wp-content\/uploads\/2024\/07\/20240406-EEC-1-1492-1600x1136.jpg 1600w, https:\/\/www.united-europe.eu\/wp-content\/uploads\/2024\/07\/20240406-EEC-1-1492-2320x1648.jpg 2320w, https:\/\/www.united-europe.eu\/wp-content\/uploads\/2024\/07\/20240406-EEC-1-1492-3840x2727.jpg 3840w, https:\/\/www.united-europe.eu\/wp-content\/uploads\/2024\/07\/20240406-EEC-1-1492-1266x899.jpg 1266w, https:\/\/www.united-europe.eu\/wp-content\/uploads\/2024\/07\/20240406-EEC-1-1492-282x200.jpg 282w, https:\/\/www.united-europe.eu\/wp-content\/uploads\/2024\/07\/20240406-EEC-1-1492-440x312.jpg 440w, https:\/\/www.united-europe.eu\/wp-content\/uploads\/2024\/07\/20240406-EEC-1-1492-scaled.jpg 2560w\" sizes=\"auto, (max-width: 800px) 100vw, 800px\" \/><figcaption id=\"caption-attachment-24421\" class=\"wp-caption-text\">Kanzleramtschef Wolfgang Schmidt (l.) mit Gerald Braunberger; Fotoquelle \u00a9 F.A.Z. Business Media GmbH\/J\u00f6rn Wolter<\/figcaption><\/figure>\n<p><strong>Vorteil Europa &#8211; Warum Europa eine entscheidende Rolle spielt: \u201e<\/strong>Die Europ\u00e4ische Union sei das gr\u00f6\u00dfte nationale Anliegen Deutschlands<strong>\u201c<\/strong>, zitierte Kanzleramtschef <strong>Wolfgang Schmidt<\/strong> Bundeskanzler Olaf Scholz. \u201eF\u00fcr uns geht es immer darum, dass die EU prosperiert und Kompromisse m\u00f6glich sind. Viele B\u00fcrger sind, wie Ivan Krastev einst festgestellt hat, unsicher, was die Zukunft bringt, haben Status- und Verlust\u00e4ngste. Aber wie k\u00f6nnen wir die Wettbewerbsf\u00e4higkeit und das Vertrauen der B\u00fcrger wiederherstellen? Drei Punkte haben hier oberste Priorit\u00e4t: vern\u00fcnftige und bezahlbare Energiepreise, die Netzentgelte m\u00fcssen reformiert werden, das Angebot an Fl\u00fcssiggas muss erh\u00f6ht werden, der Fach- und Arbeitskr\u00e4ftemangel und die B\u00fcrokratie m\u00fcssen bek\u00e4mpft werden. Strukturell muss der Ausbau der erneuerbaren Energien massiv beschleunigt werden. Um das Ziel bis 2030 zu erreichen, 80 Prozent unseres Stroms aus erneuerbaren Energien zu gewinnen, brauchen wir 43 Fu\u00dfballfelder Photovoltaikfl\u00e4che &#8211; und das jeden Tag bis 2030. Und jetzt die gute Nachricht: Wir sind schon bei 35 Fu\u00dfballfeldern pro Tag.<strong>\u201c<\/strong><\/p>\n<p>Das ganze Interview mit Wolfgang Schmidt k\u00f6nnen Sie <a href=\"https:\/\/youtu.be\/AgW3gr2b7wA\">hier<\/a> sehen.<\/p>\n<figure id=\"attachment_24403\" aria-describedby=\"caption-attachment-24403\" style=\"width: 800px\" class=\"wp-caption alignleft\"><img loading=\"lazy\" decoding=\"async\" class=\"wp-image-24403 size-medium\" src=\"https:\/\/www.united-europe.eu\/wp-content\/uploads\/2024\/07\/20240406-EEC-1-1402-800x534.jpg\" alt=\"\" width=\"800\" height=\"534\" srcset=\"https:\/\/www.united-europe.eu\/wp-content\/uploads\/2024\/07\/20240406-EEC-1-1402-800x534.jpg 800w, https:\/\/www.united-europe.eu\/wp-content\/uploads\/2024\/07\/20240406-EEC-1-1402-1160x774.jpg 1160w, https:\/\/www.united-europe.eu\/wp-content\/uploads\/2024\/07\/20240406-EEC-1-1402-1536x1025.jpg 1536w, https:\/\/www.united-europe.eu\/wp-content\/uploads\/2024\/07\/20240406-EEC-1-1402-2048x1366.jpg 2048w, https:\/\/www.united-europe.eu\/wp-content\/uploads\/2024\/07\/20240406-EEC-1-1402-120x80.jpg 120w, https:\/\/www.united-europe.eu\/wp-content\/uploads\/2024\/07\/20240406-EEC-1-1402-90x60.jpg 90w, https:\/\/www.united-europe.eu\/wp-content\/uploads\/2024\/07\/20240406-EEC-1-1402-320x213.jpg 320w, https:\/\/www.united-europe.eu\/wp-content\/uploads\/2024\/07\/20240406-EEC-1-1402-560x374.jpg 560w, https:\/\/www.united-europe.eu\/wp-content\/uploads\/2024\/07\/20240406-EEC-1-1402-1920x1281.jpg 1920w, https:\/\/www.united-europe.eu\/wp-content\/uploads\/2024\/07\/20240406-EEC-1-1402-633x422.jpg 633w, https:\/\/www.united-europe.eu\/wp-content\/uploads\/2024\/07\/20240406-EEC-1-1402-150x100.jpg 150w, https:\/\/www.united-europe.eu\/wp-content\/uploads\/2024\/07\/20240406-EEC-1-1402-220x147.jpg 220w, https:\/\/www.united-europe.eu\/wp-content\/uploads\/2024\/07\/20240406-EEC-1-1402-3072x2049.jpg 3072w, https:\/\/www.united-europe.eu\/wp-content\/uploads\/2024\/07\/20240406-EEC-1-1402-240x160.jpg 240w, https:\/\/www.united-europe.eu\/wp-content\/uploads\/2024\/07\/20240406-EEC-1-1402-180x120.jpg 180w, https:\/\/www.united-europe.eu\/wp-content\/uploads\/2024\/07\/20240406-EEC-1-1402-640x427.jpg 640w, https:\/\/www.united-europe.eu\/wp-content\/uploads\/2024\/07\/20240406-EEC-1-1402-1120x747.jpg 1120w, https:\/\/www.united-europe.eu\/wp-content\/uploads\/2024\/07\/20240406-EEC-1-1402-1600x1067.jpg 1600w, https:\/\/www.united-europe.eu\/wp-content\/uploads\/2024\/07\/20240406-EEC-1-1402-2320x1547.jpg 2320w, https:\/\/www.united-europe.eu\/wp-content\/uploads\/2024\/07\/20240406-EEC-1-1402-3840x2561.jpg 3840w, https:\/\/www.united-europe.eu\/wp-content\/uploads\/2024\/07\/20240406-EEC-1-1402-1266x844.jpg 1266w, https:\/\/www.united-europe.eu\/wp-content\/uploads\/2024\/07\/20240406-EEC-1-1402-300x200.jpg 300w, https:\/\/www.united-europe.eu\/wp-content\/uploads\/2024\/07\/20240406-EEC-1-1402-440x293.jpg 440w, https:\/\/www.united-europe.eu\/wp-content\/uploads\/2024\/07\/20240406-EEC-1-1402-scaled.jpg 2560w\" sizes=\"auto, (max-width: 800px) 100vw, 800px\" \/><figcaption id=\"caption-attachment-24403\" class=\"wp-caption-text\">Parteivorsitzender der CDU Friedrich Merz (l.), Gerald Braunberger; Fotoquelle \u00a9 F.A.Z. Business Media GmbH\/J\u00f6rn Wolter<\/figcaption><\/figure>\n<p><strong>\u201eDie EU muss wettbewerbsf\u00e4higer werden\u201c<\/strong>, darin waren sich <strong>Merz<\/strong> und <strong>Schmidt <\/strong>einig, vor allem im Vergleich zu den USA und China. Ein weiteres Defizit der EU sei der fehlende einheitliche europ\u00e4ische Kapitalmarkt, so Merz. Unternehmen wie CureVac oder BionTech z\u00f6gen die New Yorker B\u00f6rse den europ\u00e4ischen B\u00f6rsen vor. Auch muss laut Merz eine europ\u00e4ische Verteidigungsindustrie aufgebaut werden. \u201eWir sind mit unserer zersplitterten Industrie nicht in der Lage, wettbewerbsf\u00e4hig zu sein. Von 100 Euro gehen 80 Euro an Unternehmen au\u00dferhalb der EU. Wir m\u00fcssen aufh\u00f6ren, Spezifikationen bei Gemeinschaftsproduktionen so zu gestalten, dass es doch wieder nationale Projekte werden. Wir m\u00fcssen zu Gemeinschaftsprojekten kommen. Wenn es nicht mit allen 27 Staaten geht, dann mit denen, die hierzu bereit sind\u201c, so der Parteivorsitzende der CDU.<\/p>\n<p>Das vollst\u00e4ndige Interview mit Friedrich Merz k\u00f6nnen Sie <a href=\"https:\/\/youtu.be\/Yq1JqV62-zw\">hier<\/a> sehen.<\/p>\n<p><strong>\u201eWie kann die Wirtschaft der B\u00fcrokratiefalle entkommen?\u201c<\/strong>, fragten <strong>Peter<\/strong> <strong>Adrian,<\/strong> Pr\u00e4sident des DIHK, <strong>J\u00f6rg Dittrich<\/strong>, Pr\u00e4sident des Zentralverbandes des Deutschen Handwerks und <strong>Klemens Haselsteiner<\/strong>, Vorstandsvorsitzender der STRABAG SE. Wenn wir unsere Wettbewerbsf\u00e4higkeit zur\u00fcckbekommen wollen, m\u00fcssen wir Vertrauen zur\u00fcckgewinnen. Der sich aufl\u00f6senden Sicherheitsgesellschaft bringt die B\u00fcrokratie ein Sicherheitsversprechen, das aber aktuell nicht mehr einl\u00f6sbar ist. Es braucht Vertrauen in die Zukunft und in die Gesellschaft. F\u00fcr den Transformationsprozess braucht es unternehmerische Freiheiten, wir brauchen schlanke und einheitliche Regelwerke. Europa muss \u00fcber den Tellerrand schauen. Wie kriegen wir unsere Handelspolitik mit Amerika, China und Asien abgestimmt? <strong>Die Kommission muss Rahmenbedingungen setzen, die internationale Wettbewerbsf\u00e4higkeit sicherstellen und der Wirtschaft die Luft zum Atmen lassen. Nach dem Green Deal muss auf die Bed\u00fcrfnisse der kleinen Betriebe und der Industrie eingegangen werden.<\/strong><\/p>\n<p>Es folgten u. a. der<strong> Economy Talk<\/strong> mit u.a. <strong>Vanessa Cann<\/strong> (Co-Founder nyonic und Vorstand des KI-Bundesverbandes, und <strong>Julia Reuss<\/strong> (Public Policy Director f\u00fcr Zentraleuropa bei META), der Input zu dem US-Wahlkampf von Obamas Kampagnenberater<strong> Julius van de Laar<\/strong>, wirtschaftliche Impulsvortr\u00e4ge von <strong>Michael Kotzbauer<\/strong> (Vorstand der Commerzbank AG) und <strong>Wolfgang Meier<\/strong> (Vorsitzender der Gesch\u00e4ftsf\u00fchrung der Pirelli Deutschland GmbH) hatten die gr\u00fcne Finanzierung und Investitionen in Hightech-Standorte zum Thema.<\/p>\n<figure id=\"attachment_24409\" aria-describedby=\"caption-attachment-24409\" style=\"width: 800px\" class=\"wp-caption alignright\"><img loading=\"lazy\" decoding=\"async\" class=\"wp-image-24409 size-medium\" src=\"https:\/\/www.united-europe.eu\/wp-content\/uploads\/2024\/07\/20240407-EEC-2-2210-800x544.jpg\" alt=\"\" width=\"800\" height=\"544\" srcset=\"https:\/\/www.united-europe.eu\/wp-content\/uploads\/2024\/07\/20240407-EEC-2-2210-800x544.jpg 800w, https:\/\/www.united-europe.eu\/wp-content\/uploads\/2024\/07\/20240407-EEC-2-2210-1160x789.jpg 1160w, https:\/\/www.united-europe.eu\/wp-content\/uploads\/2024\/07\/20240407-EEC-2-2210-1536x1045.jpg 1536w, https:\/\/www.united-europe.eu\/wp-content\/uploads\/2024\/07\/20240407-EEC-2-2210-2048x1393.jpg 2048w, https:\/\/www.united-europe.eu\/wp-content\/uploads\/2024\/07\/20240407-EEC-2-2210-120x82.jpg 120w, https:\/\/www.united-europe.eu\/wp-content\/uploads\/2024\/07\/20240407-EEC-2-2210-90x61.jpg 90w, https:\/\/www.united-europe.eu\/wp-content\/uploads\/2024\/07\/20240407-EEC-2-2210-320x218.jpg 320w, https:\/\/www.united-europe.eu\/wp-content\/uploads\/2024\/07\/20240407-EEC-2-2210-560x381.jpg 560w, https:\/\/www.united-europe.eu\/wp-content\/uploads\/2024\/07\/20240407-EEC-2-2210-1920x1306.jpg 1920w, https:\/\/www.united-europe.eu\/wp-content\/uploads\/2024\/07\/20240407-EEC-2-2210-633x431.jpg 633w, https:\/\/www.united-europe.eu\/wp-content\/uploads\/2024\/07\/20240407-EEC-2-2210-147x100.jpg 147w, https:\/\/www.united-europe.eu\/wp-content\/uploads\/2024\/07\/20240407-EEC-2-2210-220x150.jpg 220w, https:\/\/www.united-europe.eu\/wp-content\/uploads\/2024\/07\/20240407-EEC-2-2210-3072x2089.jpg 3072w, https:\/\/www.united-europe.eu\/wp-content\/uploads\/2024\/07\/20240407-EEC-2-2210-240x163.jpg 240w, https:\/\/www.united-europe.eu\/wp-content\/uploads\/2024\/07\/20240407-EEC-2-2210-180x122.jpg 180w, https:\/\/www.united-europe.eu\/wp-content\/uploads\/2024\/07\/20240407-EEC-2-2210-640x435.jpg 640w, https:\/\/www.united-europe.eu\/wp-content\/uploads\/2024\/07\/20240407-EEC-2-2210-1120x762.jpg 1120w, https:\/\/www.united-europe.eu\/wp-content\/uploads\/2024\/07\/20240407-EEC-2-2210-1600x1088.jpg 1600w, https:\/\/www.united-europe.eu\/wp-content\/uploads\/2024\/07\/20240407-EEC-2-2210-2320x1578.jpg 2320w, https:\/\/www.united-europe.eu\/wp-content\/uploads\/2024\/07\/20240407-EEC-2-2210-3840x2612.jpg 3840w, https:\/\/www.united-europe.eu\/wp-content\/uploads\/2024\/07\/20240407-EEC-2-2210-1266x861.jpg 1266w, https:\/\/www.united-europe.eu\/wp-content\/uploads\/2024\/07\/20240407-EEC-2-2210-294x200.jpg 294w, https:\/\/www.united-europe.eu\/wp-content\/uploads\/2024\/07\/20240407-EEC-2-2210-440x299.jpg 440w, https:\/\/www.united-europe.eu\/wp-content\/uploads\/2024\/07\/20240407-EEC-2-2210-scaled.jpg 2560w\" sizes=\"auto, (max-width: 800px) 100vw, 800px\" \/><figcaption id=\"caption-attachment-24409\" class=\"wp-caption-text\">G\u00fcnther H. Oettinger; Fotoquelle: \u00a9 F.A.Z. Business Media GmbH\/J\u00f6rn Wolter<\/figcaption><\/figure>\n<p><strong>G\u00fcnther H. Oettinger,<\/strong> Pr\u00e4sident von United Europe, der den zweiten Konferenztag der dritten European Economic Conference mit er\u00f6ffnete, hatte auf die Eingangsfrage von Heike G\u00f6bel \u201eSehen Sie nach zwei Jahren einen Lichtblick f\u00fcr Europa?\u201c erst wenig Positives zu entgegnen, sah aber auch Chancen, die Europa nutzen sollte.<\/p>\n<p><strong>\u201eWir dachten immer, der Westen h\u00e4tte gewonnen, das Demokratie exportiert werden w\u00fcrde, Strahlkraft und Anziehungskraft h\u00e4tte. Und jetzt der Gegenschlag. Wir befinden uns mitten in einem Kampf der Systeme.<\/strong> Wie kann die Demokratie gegen Autokratie und Diktatur bestehen, wie die soziale Marktwirtschaft gegen die Planwirtschaft, wie kann der Frieden und Respekt vor Grenzen gew\u00e4hrleistet bleiben? Es geht um alles, um \u00e4u\u00dfere, innere und Cyber-Sicherheit. F\u00fcr unsere Sicherheit tun wir zu wenig. Wir brauchen ein Europa, das sch\u00fctzt, mit einem starken Deutschland, mit materiellen und finanziellen und regulatorischen Anstrengungen auch gegen Faschisten und Populisten von rechts und links.<\/p>\n<p>Die B\u00fcrgerinnen und B\u00fcrger Europas erwarten, dass mehr f\u00fcr die Sicherheit getan wird. L\u00e4nder, die an Russland grenzen, handeln bereits entsprechend. <strong>Es wird in Europa keinen Verteidigungskommissar geben, da es keine europ\u00e4ische Armee gibt.<\/strong> Aber es kann einen R\u00fcstungskommissar geben, der die R\u00fcstungsindustrie effizient entwickelt, der aus 16 Panzertypen zwei macht, der Standardisierungen voranbringt, Synergieeffekte bei Waffengattungen und die Bevorratung von Waffen und Munition auf europ\u00e4ischer Ebene sicherstellt.<\/p>\n<p><strong>Competitiveness<\/strong><br \/>\nIn den letzten f\u00fcnf Jahren war das Wort \u201ecompetitiveness\u201c in Br\u00fcssel nicht erw\u00fcnscht. Aber jetzt haben wir aber eine Entwicklung, die den Green Deal in Frage stellt. Kommissionspr\u00e4sidentin Ursula von der Leyen hat angek\u00fcndigt, dass es neben dem Green Deal ein Industrial Deal geben wird. Sicher ist, Klimaschutz ist das Gebot der Stunde. Aber wie Europa und Deutschland derzeit vorgehen, hat keine Vorbildfunktion. China ist f\u00fcr 33 % aller Treibhausgase weltweit verantwortlich, die USA f\u00fcr 16 %, Indien f\u00fcr 9 % Europe f\u00fcr 7 1\/2 %, Deutschland f\u00fcr 2 %. <strong>Wenn wir keine kluge Balance von pragmatischem Klimaschutz, Wachstum und Wettbewerbsf\u00e4higkeit f\u00fcr Industrie und Mittelstand vorantreiben, und Wohlstand erhalten und vermehren, werden uns andere uns nicht folgen, dann sind wir kein Vorreiter.<\/strong><\/p>\n<p><strong>Lissabon-Strategie<\/strong><br \/>\nIm Jahr 2000 haben wir in Lissabon beschlossen, dass wir der innovativste und kreativste Kontinent der Welt werden wollen, seitdem fallen wir j\u00e4hrlich zur\u00fcck. Die USA wachsen in diesem Jahr um 2 1\/2 %, Europa um 1 %, Deutschland um 0,2 %. <strong>Und wenn wir die Wettbewerbsf\u00e4higkeit unserer Industrie nicht deutlich erh\u00f6hen, mit mehr Forschungsmitteln, mit l\u00e4ngerer Lebens- und Wochenarbeitszeit, dann kommen wir nicht weiter.<\/strong><\/p>\n<p>\u201eCompetitiveness\u201c bedeutet, die Lebensqualit\u00e4t, den Lebensstandard, unsere Grundlagen erhalten und zukunftsf\u00e4hig zu machen. <strong>\u201eIt\u2019s the economy, stupid\u201c:<\/strong> Das gilt f\u00fcr Europa in diesen Tagen mehr denn je. Mandatstr\u00e4ger in Br\u00fcssel m\u00fcssen sich um Wirtschaftsf\u00f6rderung und Wachstum bem\u00fchen.<\/p>\n<figure id=\"attachment_24411\" aria-describedby=\"caption-attachment-24411\" style=\"width: 800px\" class=\"wp-caption alignleft\"><img loading=\"lazy\" decoding=\"async\" class=\"wp-image-24411 size-medium\" src=\"https:\/\/www.united-europe.eu\/wp-content\/uploads\/2024\/07\/20240407-EEC-2-3229-800x607.jpg\" alt=\"\" width=\"800\" height=\"607\" srcset=\"https:\/\/www.united-europe.eu\/wp-content\/uploads\/2024\/07\/20240407-EEC-2-3229-800x607.jpg 800w, https:\/\/www.united-europe.eu\/wp-content\/uploads\/2024\/07\/20240407-EEC-2-3229-1160x880.jpg 1160w, https:\/\/www.united-europe.eu\/wp-content\/uploads\/2024\/07\/20240407-EEC-2-3229-1536x1165.jpg 1536w, https:\/\/www.united-europe.eu\/wp-content\/uploads\/2024\/07\/20240407-EEC-2-3229-2048x1553.jpg 2048w, https:\/\/www.united-europe.eu\/wp-content\/uploads\/2024\/07\/20240407-EEC-2-3229-120x90.jpg 120w, https:\/\/www.united-europe.eu\/wp-content\/uploads\/2024\/07\/20240407-EEC-2-3229-90x68.jpg 90w, https:\/\/www.united-europe.eu\/wp-content\/uploads\/2024\/07\/20240407-EEC-2-3229-320x243.jpg 320w, https:\/\/www.united-europe.eu\/wp-content\/uploads\/2024\/07\/20240407-EEC-2-3229-560x425.jpg 560w, https:\/\/www.united-europe.eu\/wp-content\/uploads\/2024\/07\/20240407-EEC-2-3229-1920x1456.jpg 1920w, https:\/\/www.united-europe.eu\/wp-content\/uploads\/2024\/07\/20240407-EEC-2-3229-633x480.jpg 633w, https:\/\/www.united-europe.eu\/wp-content\/uploads\/2024\/07\/20240407-EEC-2-3229-132x100.jpg 132w, https:\/\/www.united-europe.eu\/wp-content\/uploads\/2024\/07\/20240407-EEC-2-3229-220x167.jpg 220w, https:\/\/www.united-europe.eu\/wp-content\/uploads\/2024\/07\/20240407-EEC-2-3229-3072x2329.jpg 3072w, https:\/\/www.united-europe.eu\/wp-content\/uploads\/2024\/07\/20240407-EEC-2-3229-240x182.jpg 240w, https:\/\/www.united-europe.eu\/wp-content\/uploads\/2024\/07\/20240407-EEC-2-3229-180x136.jpg 180w, https:\/\/www.united-europe.eu\/wp-content\/uploads\/2024\/07\/20240407-EEC-2-3229-640x485.jpg 640w, https:\/\/www.united-europe.eu\/wp-content\/uploads\/2024\/07\/20240407-EEC-2-3229-1120x849.jpg 1120w, https:\/\/www.united-europe.eu\/wp-content\/uploads\/2024\/07\/20240407-EEC-2-3229-1600x1213.jpg 1600w, https:\/\/www.united-europe.eu\/wp-content\/uploads\/2024\/07\/20240407-EEC-2-3229-2320x1759.jpg 2320w, https:\/\/www.united-europe.eu\/wp-content\/uploads\/2024\/07\/20240407-EEC-2-3229-3840x2912.jpg 3840w, https:\/\/www.united-europe.eu\/wp-content\/uploads\/2024\/07\/20240407-EEC-2-3229-1266x960.jpg 1266w, https:\/\/www.united-europe.eu\/wp-content\/uploads\/2024\/07\/20240407-EEC-2-3229-264x200.jpg 264w, https:\/\/www.united-europe.eu\/wp-content\/uploads\/2024\/07\/20240407-EEC-2-3229-440x334.jpg 440w, https:\/\/www.united-europe.eu\/wp-content\/uploads\/2024\/07\/20240407-EEC-2-3229-scaled.jpg 2560w\" sizes=\"auto, (max-width: 800px) 100vw, 800px\" \/><figcaption id=\"caption-attachment-24411\" class=\"wp-caption-text\">G\u00fcnther H. Oettinger, Veronika Wand-Danielsson, Botschafterin von Schweden in der Bundesrepublik Deutschland, Marika Linntam, Botschafterin von Estland in der Bundesrepublik Deutschland (v.l.n.r.); Fotoquelle \u00a9 F.A.Z. Business Media GmbH\/J\u00f6rn Wolter<\/figcaption><\/figure>\n<p><strong>Welche Chancen hat Europa?<\/strong><\/p>\n<p><strong> Horizon Europe<br \/>\n<\/strong> Wenn wir nicht mehr in europ\u00e4ische Forschungsnetze setzen und investieren, werden wir nie mit der Forschungskraft von Kalifornien, und Boston, Shanghai und Beijing mithalten k\u00f6nnen. Wir werden nicht mit Microsoft, Google, Apple, der amerikanischen R\u00fcstung mithalten k\u00f6nnen. Aber im europ\u00e4ischen Team, Delft, M\u00fcnchen, Aachen, Darmstadt, Mailand, Oxford, London und Z\u00fcrich haben wir das Potential, im europ\u00e4ischen Team haben wir die Exzellenz und die Kapazit\u00e4t. Deshalb brauchen wir mehr Mittel, dieses Netzwerk muss mit europ\u00e4ischen Mitteln gef\u00f6rdert werden.<\/p>\n<p><strong>Binnenmarkt<\/strong><br \/>\nDie Kapitalmarktunion ist derzeit in aller Munde: Das Kapital in Europa flie\u00dft derzeit ab, es gibt nicht gen\u00fcgend Anreize f\u00fcr eine grunds\u00e4tzliche Reform, dabei brauchen wir dringend auch einen Binnenmarkt f\u00fcr Geld und Investoren im gesamteurop\u00e4ischen Kontext. Wenn die EZB die Leitzinsen senkt, wird eine Frage immer deutlicher: <strong>Was bedeutet Haushaltsdisziplin?<\/strong> Das f\u00e4ngt bei der Schuldenbremse in Deutschland an, geht \u00fcber die Maastricht-Kriterien, betrifft die immens hohe Staatsverschuldung in Frankreich und Italien. Und ich glaube, dass das Triple A, die Bonit\u00e4t Europas und der Nationalstaaten ein Schwerpunkt der n\u00e4chsten Jahre werden muss. Ich wei\u00df nicht, ob ich es noch erleben werde: Irgendwann wird die Haushaltslage der USA platzen. Auf Dauer wird diese Entwicklung nicht erfolgreich sein.<\/p>\n<p>Was aber passiert nach den Europa-Wahlen? Im Zeichen von Kriegen und Krisen sollte Europa nicht erst im Oktober wissen, wer was wird, wie die Spitzenposten besetzt werden. Europa, Macron, Scholz und Tusk sollten ihre Zusammenarbeit verst\u00e4rken, <strong>Deutschland sollte seine Partner, wie Frankreich nicht br\u00fcskieren, indem es auf keinerlei Konzepte des Nachbarn eingeht.<\/strong><\/p>\n<p><strong>B\u00fcrokratie<\/strong><br \/>\nFrau von der Leyen hatte versprochen:<strong> One in one out!<\/strong> Das Ergebnis der europ\u00e4ischen Maschinerie war <strong>Four in one out!<\/strong> Carbon Border Adjustement Mechanism, Taxonomy, ESG, CSR, Corporate Sustainability Reporting Directive, sind nur einige der Auflagen, Gebote, Verbote und Berichtspflichten f\u00fcr europ\u00e4ische Unternehmen. <strong>Wir m\u00fcssen aufr\u00fcsten in Sicherheit und abr\u00fcsten in B\u00fcrokratie.<\/strong> Auch dies muss ein Schwerpunkt werden, sonst werden Anti-Europ\u00e4er auf dem Vormarsch bleiben.<\/p>\n<p>Die Zeit des Abstiegs hat begonnen, f\u00fcr den Westen, f\u00fcr die Demokratie, f\u00fcr Wohlstand und Wachstum. Dem zu widerstehen wird die Kunst der Europ\u00e4ischen Union in den n\u00e4chsten Jahren sein. <strong>Die EU muss in gro\u00dfen Fragen schlagkr\u00e4ftiger werden und in den kleinen Fragen die Menschen und die Mitgliedstaaten in Ruhe lassen.&#8220;<\/strong><\/p>\n<p>Die vollst\u00e4ndige Rede von G\u00fcnther H. Oettinger k\u00f6nnen Sie <a href=\"https:\/\/youtu.be\/Snco2kj2GW4\">hier<\/a> sehen.<\/p>\n<p>Weitere Informationen und Videos zu allen Panels der dritten European Economic Conference finden Sie auf der <a href=\"https:\/\/www.european-economic.eu\/\">Webseite<\/a> der European Economic Conference unter dem folgendem <a href=\"https:\/\/www.european-economic.eu\/european-economic-conference\/european-economic-conference-rueckblick-2024\/\">Link<\/a>.<\/p>\n<p><strong>SAVE THE DATE 2025<\/strong><\/p>\n<p>Wir freuen uns sehr, die European Economic Conference #4 ank\u00fcndigen zu k\u00f6nnen. \u00dcber das Programm und die G\u00e4ste werden wir Sie rechtzeitig informieren.<\/p>\n<p><img loading=\"lazy\" decoding=\"async\" class=\"alignnone size-medium wp-image-24413\" src=\"https:\/\/www.united-europe.eu\/wp-content\/uploads\/2024\/07\/FA-KON_EuropeanEconomicConference_2025_STD-800x266.jpg\" alt=\"\" width=\"800\" height=\"266\" srcset=\"https:\/\/www.united-europe.eu\/wp-content\/uploads\/2024\/07\/FA-KON_EuropeanEconomicConference_2025_STD-800x266.jpg 800w, https:\/\/www.united-europe.eu\/wp-content\/uploads\/2024\/07\/FA-KON_EuropeanEconomicConference_2025_STD-1160x385.jpg 1160w, https:\/\/www.united-europe.eu\/wp-content\/uploads\/2024\/07\/FA-KON_EuropeanEconomicConference_2025_STD-1536x510.jpg 1536w, https:\/\/www.united-europe.eu\/wp-content\/uploads\/2024\/07\/FA-KON_EuropeanEconomicConference_2025_STD-120x40.jpg 120w, https:\/\/www.united-europe.eu\/wp-content\/uploads\/2024\/07\/FA-KON_EuropeanEconomicConference_2025_STD-90x30.jpg 90w, https:\/\/www.united-europe.eu\/wp-content\/uploads\/2024\/07\/FA-KON_EuropeanEconomicConference_2025_STD-320x106.jpg 320w, https:\/\/www.united-europe.eu\/wp-content\/uploads\/2024\/07\/FA-KON_EuropeanEconomicConference_2025_STD-560x186.jpg 560w, https:\/\/www.united-europe.eu\/wp-content\/uploads\/2024\/07\/FA-KON_EuropeanEconomicConference_2025_STD-633x210.jpg 633w, https:\/\/www.united-europe.eu\/wp-content\/uploads\/2024\/07\/FA-KON_EuropeanEconomicConference_2025_STD-180x60.jpg 180w, https:\/\/www.united-europe.eu\/wp-content\/uploads\/2024\/07\/FA-KON_EuropeanEconomicConference_2025_STD-220x73.jpg 220w, https:\/\/www.united-europe.eu\/wp-content\/uploads\/2024\/07\/FA-KON_EuropeanEconomicConference_2025_STD-240x80.jpg 240w, https:\/\/www.united-europe.eu\/wp-content\/uploads\/2024\/07\/FA-KON_EuropeanEconomicConference_2025_STD-640x213.jpg 640w, https:\/\/www.united-europe.eu\/wp-content\/uploads\/2024\/07\/FA-KON_EuropeanEconomicConference_2025_STD-1120x372.jpg 1120w, https:\/\/www.united-europe.eu\/wp-content\/uploads\/2024\/07\/FA-KON_EuropeanEconomicConference_2025_STD-1600x531.jpg 1600w, https:\/\/www.united-europe.eu\/wp-content\/uploads\/2024\/07\/FA-KON_EuropeanEconomicConference_2025_STD-1266x420.jpg 1266w, https:\/\/www.united-europe.eu\/wp-content\/uploads\/2024\/07\/FA-KON_EuropeanEconomicConference_2025_STD-360x120.jpg 360w, https:\/\/www.united-europe.eu\/wp-content\/uploads\/2024\/07\/FA-KON_EuropeanEconomicConference_2025_STD-440x146.jpg 440w, https:\/\/www.united-europe.eu\/wp-content\/uploads\/2024\/07\/FA-KON_EuropeanEconomicConference_2025_STD.jpg 1909w\" sizes=\"auto, (max-width: 800px) 100vw, 800px\" \/><\/p>\n<p><strong><em>Wir danken der Frankfurter Allgemeinen Zeitung und ihrem Herausgeber Gerald Braunberger, dem Team der F.A.Z.-Konferenzen und der ESMT f\u00fcr die erfolgreiche Konferenz und Zusammenarbeit.<\/em><\/strong><\/p>\n","protected":false},"excerpt":{"rendered":"<p>\u201eEuropa ist in der Krise, Europa ist der Absteigerkontinent\u201c, konstatierte G\u00fcnther H. Oettinger auf der ersten European Economic Conference (EEC), die 2022 von der Frankfurter Allgemeinen Zeitung, der ESMT (European&hellip;<\/p>\n","protected":false},"author":28,"featured_media":24419,"comment_status":"closed","ping_status":"closed","sticky":false,"template":"","format":"standard","meta":{"_acf_changed":false,"footnotes":""},"categories":[2249,620],"tags":[],"powerkit_post_featured":[],"class_list":{"0":"post-24402","1":"post","2":"type-post","3":"status-publish","4":"format-standard","5":"has-post-thumbnail","7":"category-kooperationen","8":"category-news-de"},"acf":[],"aioseo_notices":[],"_links":{"self":[{"href":"https:\/\/www.united-europe.eu\/de\/wp-json\/wp\/v2\/posts\/24402","targetHints":{"allow":["GET"]}}],"collection":[{"href":"https:\/\/www.united-europe.eu\/de\/wp-json\/wp\/v2\/posts"}],"about":[{"href":"https:\/\/www.united-europe.eu\/de\/wp-json\/wp\/v2\/types\/post"}],"author":[{"embeddable":true,"href":"https:\/\/www.united-europe.eu\/de\/wp-json\/wp\/v2\/users\/28"}],"replies":[{"embeddable":true,"href":"https:\/\/www.united-europe.eu\/de\/wp-json\/wp\/v2\/comments?post=24402"}],"version-history":[{"count":16,"href":"https:\/\/www.united-europe.eu\/de\/wp-json\/wp\/v2\/posts\/24402\/revisions"}],"predecessor-version":[{"id":24438,"href":"https:\/\/www.united-europe.eu\/de\/wp-json\/wp\/v2\/posts\/24402\/revisions\/24438"}],"wp:featuredmedia":[{"embeddable":true,"href":"https:\/\/www.united-europe.eu\/de\/wp-json\/wp\/v2\/media\/24419"}],"wp:attachment":[{"href":"https:\/\/www.united-europe.eu\/de\/wp-json\/wp\/v2\/media?parent=24402"}],"wp:term":[{"taxonomy":"category","embeddable":true,"href":"https:\/\/www.united-europe.eu\/de\/wp-json\/wp\/v2\/categories?post=24402"},{"taxonomy":"post_tag","embeddable":true,"href":"https:\/\/www.united-europe.eu\/de\/wp-json\/wp\/v2\/tags?post=24402"},{"taxonomy":"powerkit_post_featured","embeddable":true,"href":"https:\/\/www.united-europe.eu\/de\/wp-json\/wp\/v2\/powerkit_post_featured?post=24402"}],"curies":[{"name":"wp","href":"https:\/\/api.w.org\/{rel}","templated":true}]}}