{"id":24223,"date":"2024-05-28T10:44:42","date_gmt":"2024-05-28T08:44:42","guid":{"rendered":"https:\/\/www.united-europe.eu\/?p=24223"},"modified":"2024-05-28T11:01:24","modified_gmt":"2024-05-28T09:01:24","slug":"european-economic-conference-3","status":"publish","type":"post","link":"https:\/\/www.united-europe.eu\/de\/2024\/05\/european-economic-conference-3\/","title":{"rendered":"European Economic Conference #3 &#8211; Kluge K\u00f6pfe bewegen Europa"},"content":{"rendered":"<p><strong>Europa ist ein Versprechen \u2013 f\u00fcr Vielfalt, gemeinsame St\u00e4rke und vor allem Freiheit.<\/strong><\/p>\n<p>Die EU ist von essentieller Bedeutung f\u00fcr die Wirtschaft und Freiheit Europas. Sie schafft einen gemeinsamen Markt mit \u00fcber 445 Millionen Menschen, der einen beispiellosen Zugang zu Handel, Investitionen und Innovationen bietet. Durch die F\u00f6rderung des freien Waren-, Dienstleistungs- und Kapitalverkehrs erm\u00f6glicht die EU Unternehmen, ihr Potential auszusch\u00f6pfen, neue M\u00e4rkte zu erschlie\u00dfen und Wachstum zu generieren.<\/p>\n<p>Die F.A.Z. European Economic Conference bietet eine Plattform f\u00fcr hochkar\u00e4tige Vertreter der europ\u00e4ischen Wirtschaft, Politik und Wissenschaft, um die Rolle der Europ\u00e4ischen Union bei der F\u00f6rderung von Wirtschaftswachstum, sozialem Zusammenhalt, nachhaltiger Entwicklung zu diskutieren. Die Konferenz f\u00f6rdert relevante Debatten \u00fcber aktuelle Herausforderungen und L\u00f6sungsans\u00e4tze f\u00fcr ein starkes Europa \u2013 im Jahr der\u00a0<strong>Europawahl 2024<\/strong> ist dieser Diskurs wichtiger denn je.<\/p>\n<p><strong>Prof. Harald James<\/strong>, von der\u00a0 Princeton School of Public &amp; International Affairs, wird die EEC mit einer Keynote zu <strong>\u201eEuropa ist st\u00e4rker als wir denken&#8220;<\/strong> er\u00f6ffnen. Weitere Sprecher sind u.a. <strong>Friedrich Merz,<\/strong> Vorsitzender der CDU Deutschlands und Vorsitzender der CDU\/CSU Bundestagsfraktion, <strong>Wolfgang Schmidt<\/strong> (Bundesminister f\u00fcr besondere Aufgaben und Chef des Bundeskanzleramtes, <strong>Peter Adrian<\/strong> (Pr\u00e4sident, Deutsche Industrie- und Handelskammer), <strong>Dr. Marie Jaroni<\/strong> (Leiterin\/SVP Dekarbonisierung, thyssenkrupp Steel Europe AG) und <strong>G\u00fcnther H. Oettinger,<\/strong> Pr\u00e4sident von United Europe.<strong><br \/>\n<\/strong><\/p>\n<p>&nbsp;<\/p>\n<p>&nbsp;<\/p>\n<p>&nbsp;<\/p>\n<p>&nbsp;<\/p>\n<p>&nbsp;<\/p>\n<p>&nbsp;<\/p>\n<p>&nbsp;<\/p>\n","protected":false},"excerpt":{"rendered":"<p>Europa ist ein Versprechen \u2013 f\u00fcr Vielfalt, gemeinsame St\u00e4rke und vor allem Freiheit. Die EU ist von essentieller Bedeutung f\u00fcr die Wirtschaft und Freiheit Europas. Sie schafft einen gemeinsamen Markt&hellip;<\/p>\n","protected":false},"author":28,"featured_media":24227,"comment_status":"closed","ping_status":"closed","sticky":false,"template":"","format":"standard","meta":{"_acf_changed":false,"footnotes":""},"categories":[2249,620],"tags":[],"powerkit_post_featured":[],"class_list":{"0":"post-24223","1":"post","2":"type-post","3":"status-publish","4":"format-standard","5":"has-post-thumbnail","7":"category-kooperationen","8":"category-news-de"},"acf":[],"aioseo_notices":[],"_links":{"self":[{"href":"https:\/\/www.united-europe.eu\/de\/wp-json\/wp\/v2\/posts\/24223","targetHints":{"allow":["GET"]}}],"collection":[{"href":"https:\/\/www.united-europe.eu\/de\/wp-json\/wp\/v2\/posts"}],"about":[{"href":"https:\/\/www.united-europe.eu\/de\/wp-json\/wp\/v2\/types\/post"}],"author":[{"embeddable":true,"href":"https:\/\/www.united-europe.eu\/de\/wp-json\/wp\/v2\/users\/28"}],"replies":[{"embeddable":true,"href":"https:\/\/www.united-europe.eu\/de\/wp-json\/wp\/v2\/comments?post=24223"}],"version-history":[{"count":2,"href":"https:\/\/www.united-europe.eu\/de\/wp-json\/wp\/v2\/posts\/24223\/revisions"}],"predecessor-version":[{"id":24236,"href":"https:\/\/www.united-europe.eu\/de\/wp-json\/wp\/v2\/posts\/24223\/revisions\/24236"}],"wp:featuredmedia":[{"embeddable":true,"href":"https:\/\/www.united-europe.eu\/de\/wp-json\/wp\/v2\/media\/24227"}],"wp:attachment":[{"href":"https:\/\/www.united-europe.eu\/de\/wp-json\/wp\/v2\/media?parent=24223"}],"wp:term":[{"taxonomy":"category","embeddable":true,"href":"https:\/\/www.united-europe.eu\/de\/wp-json\/wp\/v2\/categories?post=24223"},{"taxonomy":"post_tag","embeddable":true,"href":"https:\/\/www.united-europe.eu\/de\/wp-json\/wp\/v2\/tags?post=24223"},{"taxonomy":"powerkit_post_featured","embeddable":true,"href":"https:\/\/www.united-europe.eu\/de\/wp-json\/wp\/v2\/powerkit_post_featured?post=24223"}],"curies":[{"name":"wp","href":"https:\/\/api.w.org\/{rel}","templated":true}]}}