{"id":23512,"date":"2023-10-23T11:12:08","date_gmt":"2023-10-23T09:12:08","guid":{"rendered":"https:\/\/www.united-europe.eu\/?p=23512"},"modified":"2023-10-23T11:12:08","modified_gmt":"2023-10-23T09:12:08","slug":"g20-compact-with-africa-potenziale-foerdern-lehren-ziehen-herausforderungen-begegnen","status":"publish","type":"post","link":"https:\/\/www.united-europe.eu\/de\/2023\/10\/g20-compact-with-africa-potenziale-foerdern-lehren-ziehen-herausforderungen-begegnen\/","title":{"rendered":"G20 Compact with Africa &#8211; Potenziale f\u00f6rdern, Lehren ziehen, Herausforderungen begegnen"},"content":{"rendered":"<p>Herzlich laden wir Sie zu einer gemeinsamen Diskussionsveranstaltung in Kooperation mit der <strong>Deutschen Afrika Stiftung<\/strong> (DAS), der <strong>Friedrich-Ebert-Stiftung<\/strong> und der\u00a0<strong>Rethinking Afrika Foundation <\/strong>(RTA)<strong>\u00a0<\/strong>ein<strong>.<\/strong>\u00a0Die Veranstaltung wird unter der Schirmherrschaft von <strong>MdB Dr. Karamba Diaby<\/strong> am 9. November 2023 von 11.30 &#8211; 13.00 Uhr abgehalten.<\/p>\n<p>Am 20. November dieses Jahres l\u00e4dt Bundeskanzler Olaf Scholz zum ersten <strong>Compact with Africa <\/strong>Gipfel unter seiner F\u00fchrung ein. Die 2017 von Deutschland \u00fcber den G20 Finance Track gestartete Initiative soll die Investitionsbedingungen in den teilnehmenden afrikanischen Staaten verbessern und somit letzendlich auch europ\u00e4ische Investitionen in Afrika f\u00f6rdern. Die bisherige Bilanz sieht gemischt aus. Woran das liegt, wo die Initiative zur Zeit steht und wie sie f\u00fcr alle Seiten erfolgreicher ausgestaltet und auf nachhaltiges Wirtschaftswachstum ausgerichtet werden kann, diskutieren wir mit Vertreter:innen aus Wissenschaft, Wirtschaft und Politik.<\/p>\n<p>Das Programm ist wie folgt strukturiert:<\/p>\n<ul>\n<li>Begr\u00fc\u00dfung durch Dr. Karamba Diaby, Mitglied des Deutschen Bundestages<\/li>\n<li>Impuls von Prof. Stefan Liebing:\u00a0 Zwischen Wunsch und Wirklichkeit: \u00a0\u201eEine neue Perspektive auf Investitionsm\u00f6glichkeiten f\u00fcr deutsche Unternehmen in Afrika&#8220;<\/li>\n<li>Pr\u00e4sentation zu Ruanda (Studierende der Fachhochschule Flensburg): \u00a0\u201eRealistische Chancen f\u00fcr wirtschaftliche Zusammenarbeit am Beispiel Ruanda&#8220;.<\/li>\n<li>Frage-Antwort-Runde<\/li>\n<li>Schlusswort<\/li>\n<\/ul>\n<p>Moderation: Sabine Odhiambo (Generalsekret\u00e4rin der Deutschen Afrika Stiftung)<\/p>\n<p>Die Teilnehmerzahl ist auf 40 Personen begrenzt.\u00a0Bitte best\u00e4tigen Sie Ihre Teilnahme bis sp\u00e4testens <strong>6. November<\/strong> per E-Mail an karamba.diaby@bundestag.de. Sp\u00e4tere Anmeldungen k\u00f6nnen leider nicht ber\u00fccksichtigt werden.<br \/>\nBitte geben Sie bei der Anmeldung Ihren Namen und ihr Geburtsdatum an.<\/p>\n<p>Wir freuen uns auf Ihre Teilnahme an dieser spannenden Veranstaltung, die auf Deutsch mit englischer \u00dcbersetzung abgehalten wird.<\/p>\n","protected":false},"excerpt":{"rendered":"<p>Herzlich laden wir Sie zu einer gemeinsamen Diskussionsveranstaltung in Kooperation mit der Deutschen Afrika Stiftung (DAS), der Friedrich-Ebert-Stiftung und der\u00a0Rethinking Afrika Foundation (RTA)\u00a0ein.\u00a0Die Veranstaltung wird unter der Schirmherrschaft von MdB&hellip;<\/p>\n","protected":false},"author":28,"featured_media":23497,"comment_status":"closed","ping_status":"closed","sticky":false,"template":"","format":"standard","meta":{"_acf_changed":false,"footnotes":""},"categories":[620,2243],"tags":[],"powerkit_post_featured":[],"class_list":{"0":"post-23512","1":"post","2":"type-post","3":"status-publish","4":"format-standard","5":"has-post-thumbnail","7":"category-news-de","8":"category-panel-diskussionen-und-webinare"},"acf":[],"aioseo_notices":[],"_links":{"self":[{"href":"https:\/\/www.united-europe.eu\/de\/wp-json\/wp\/v2\/posts\/23512","targetHints":{"allow":["GET"]}}],"collection":[{"href":"https:\/\/www.united-europe.eu\/de\/wp-json\/wp\/v2\/posts"}],"about":[{"href":"https:\/\/www.united-europe.eu\/de\/wp-json\/wp\/v2\/types\/post"}],"author":[{"embeddable":true,"href":"https:\/\/www.united-europe.eu\/de\/wp-json\/wp\/v2\/users\/28"}],"replies":[{"embeddable":true,"href":"https:\/\/www.united-europe.eu\/de\/wp-json\/wp\/v2\/comments?post=23512"}],"version-history":[{"count":3,"href":"https:\/\/www.united-europe.eu\/de\/wp-json\/wp\/v2\/posts\/23512\/revisions"}],"predecessor-version":[{"id":23515,"href":"https:\/\/www.united-europe.eu\/de\/wp-json\/wp\/v2\/posts\/23512\/revisions\/23515"}],"wp:featuredmedia":[{"embeddable":true,"href":"https:\/\/www.united-europe.eu\/de\/wp-json\/wp\/v2\/media\/23497"}],"wp:attachment":[{"href":"https:\/\/www.united-europe.eu\/de\/wp-json\/wp\/v2\/media?parent=23512"}],"wp:term":[{"taxonomy":"category","embeddable":true,"href":"https:\/\/www.united-europe.eu\/de\/wp-json\/wp\/v2\/categories?post=23512"},{"taxonomy":"post_tag","embeddable":true,"href":"https:\/\/www.united-europe.eu\/de\/wp-json\/wp\/v2\/tags?post=23512"},{"taxonomy":"powerkit_post_featured","embeddable":true,"href":"https:\/\/www.united-europe.eu\/de\/wp-json\/wp\/v2\/powerkit_post_featured?post=23512"}],"curies":[{"name":"wp","href":"https:\/\/api.w.org\/{rel}","templated":true}]}}