{"id":23368,"date":"2023-09-13T12:04:19","date_gmt":"2023-09-13T10:04:19","guid":{"rendered":"https:\/\/www.united-europe.eu\/?p=23368"},"modified":"2023-09-13T14:13:28","modified_gmt":"2023-09-13T12:13:28","slug":"die-kraft-des-austauschs-zwischen-den-generationen-warum-wir-die-diversitaet-unserer-aelteren-generation-in-europa-besser-nutzen-muessen-solange-wir-sie-noch-haben-ein-artikel-von-fabian-lukas-gosl","status":"publish","type":"post","link":"https:\/\/www.united-europe.eu\/de\/2023\/09\/die-kraft-des-austauschs-zwischen-den-generationen-warum-wir-die-diversitaet-unserer-aelteren-generation-in-europa-besser-nutzen-muessen-solange-wir-sie-noch-haben-ein-artikel-von-fabian-lukas-gosl\/","title":{"rendered":"Die Kraft des Austauschs zwischen den Generationen: Warum wir die Diversit\u00e4t unserer \u00e4lteren Generation in Europa besser nutzen m\u00fcssen, solange wir sie noch haben"},"content":{"rendered":"<p><img loading=\"lazy\" decoding=\"async\" class=\" wp-image-23349 alignleft\" src=\"https:\/\/www.united-europe.eu\/wp-content\/uploads\/2023\/09\/antoine-schibler-GimanuXzJBk-unsplash-800x450.jpg\" alt=\"\" width=\"449\" height=\"252\" srcset=\"https:\/\/www.united-europe.eu\/wp-content\/uploads\/2023\/09\/antoine-schibler-GimanuXzJBk-unsplash-800x450.jpg 800w, https:\/\/www.united-europe.eu\/wp-content\/uploads\/2023\/09\/antoine-schibler-GimanuXzJBk-unsplash-1160x652.jpg 1160w, https:\/\/www.united-europe.eu\/wp-content\/uploads\/2023\/09\/antoine-schibler-GimanuXzJBk-unsplash-1536x864.jpg 1536w, https:\/\/www.united-europe.eu\/wp-content\/uploads\/2023\/09\/antoine-schibler-GimanuXzJBk-unsplash-2048x1151.jpg 2048w, https:\/\/www.united-europe.eu\/wp-content\/uploads\/2023\/09\/antoine-schibler-GimanuXzJBk-unsplash-120x67.jpg 120w, https:\/\/www.united-europe.eu\/wp-content\/uploads\/2023\/09\/antoine-schibler-GimanuXzJBk-unsplash-90x51.jpg 90w, https:\/\/www.united-europe.eu\/wp-content\/uploads\/2023\/09\/antoine-schibler-GimanuXzJBk-unsplash-320x180.jpg 320w, https:\/\/www.united-europe.eu\/wp-content\/uploads\/2023\/09\/antoine-schibler-GimanuXzJBk-unsplash-560x315.jpg 560w, https:\/\/www.united-europe.eu\/wp-content\/uploads\/2023\/09\/antoine-schibler-GimanuXzJBk-unsplash-1920x1079.jpg 1920w, https:\/\/www.united-europe.eu\/wp-content\/uploads\/2023\/09\/antoine-schibler-GimanuXzJBk-unsplash-633x356.jpg 633w, https:\/\/www.united-europe.eu\/wp-content\/uploads\/2023\/09\/antoine-schibler-GimanuXzJBk-unsplash-178x100.jpg 178w, https:\/\/www.united-europe.eu\/wp-content\/uploads\/2023\/09\/antoine-schibler-GimanuXzJBk-unsplash-220x124.jpg 220w, https:\/\/www.united-europe.eu\/wp-content\/uploads\/2023\/09\/antoine-schibler-GimanuXzJBk-unsplash-3072x1727.jpg 3072w, https:\/\/www.united-europe.eu\/wp-content\/uploads\/2023\/09\/antoine-schibler-GimanuXzJBk-unsplash-240x135.jpg 240w, https:\/\/www.united-europe.eu\/wp-content\/uploads\/2023\/09\/antoine-schibler-GimanuXzJBk-unsplash-180x101.jpg 180w, https:\/\/www.united-europe.eu\/wp-content\/uploads\/2023\/09\/antoine-schibler-GimanuXzJBk-unsplash-640x360.jpg 640w, https:\/\/www.united-europe.eu\/wp-content\/uploads\/2023\/09\/antoine-schibler-GimanuXzJBk-unsplash-1120x630.jpg 1120w, https:\/\/www.united-europe.eu\/wp-content\/uploads\/2023\/09\/antoine-schibler-GimanuXzJBk-unsplash-1600x900.jpg 1600w, https:\/\/www.united-europe.eu\/wp-content\/uploads\/2023\/09\/antoine-schibler-GimanuXzJBk-unsplash-2320x1304.jpg 2320w, https:\/\/www.united-europe.eu\/wp-content\/uploads\/2023\/09\/antoine-schibler-GimanuXzJBk-unsplash-3840x2159.jpg 3840w, https:\/\/www.united-europe.eu\/wp-content\/uploads\/2023\/09\/antoine-schibler-GimanuXzJBk-unsplash-1266x712.jpg 1266w, https:\/\/www.united-europe.eu\/wp-content\/uploads\/2023\/09\/antoine-schibler-GimanuXzJBk-unsplash-356x200.jpg 356w, https:\/\/www.united-europe.eu\/wp-content\/uploads\/2023\/09\/antoine-schibler-GimanuXzJBk-unsplash-440x247.jpg 440w, https:\/\/www.united-europe.eu\/wp-content\/uploads\/2023\/09\/antoine-schibler-GimanuXzJBk-unsplash-scaled.jpg 2560w\" sizes=\"auto, (max-width: 449px) 100vw, 449px\" \/>Ich wurde im Juli 1994 geboren und bin am Ende des 20. und zu Beginn des 21. Jahrhunderts im Herzen der Europ\u00e4ischen Union aufgewachsen. In einer friedlichen Zeit des Wohlstands und der M\u00f6glichkeiten, von denen ich als Kind, als Jugendlicher und als Student bis heute profitiert habe. Ich kenne aus eigener Erfahrung kein anderes Leben als dieses, das mit den Vorteilen unserer Staatengemeinschaft einhergeht.<\/p>\n<p>Gepr\u00e4gt hat mich bei diesem Aufwachsen allerdings jemand, der viele Jahre vor mir im Mai 1926 in Osteuropa geboren wurde: mein Gro\u00dfvater Josef. Er wuchs in einem ganz anderen Europa auf, wurde mit 17 Jahren zwangsrekrutiert, erhielt einen Schnellkurs im Umgang mit dem Maschinengewehr und wurde als Soldat im Zweiten Weltkrieg an die Front geschickt. Knapp zehn Jahre sp\u00e4ter, kurz nach seinem 26. Geburtstag, endete diese dunkle Episode seines Lebens, in der ihm der Krieg Familienangeh\u00f6rige, Freunde und seine Jugend raubte.<\/p>\n<p>Wie er haben Millionen seiner Generation gelitten. Die Zeit, die ich mit meinem Gro\u00dfvater verbringen durfte, und der Austausch, den wir als Europ\u00e4er verschiedener Generationen miteinander hatten, haben in mir ein wichtiges und starkes Bewusstsein daf\u00fcr geschaffen, wie blutig und steinig der Weg zu einem vereinten Europa war. Seine Stimme war die Stimme aus einer anderen Zeit, die mich an die Vergangenheit erinnerte und mir gleichzeitig zeigte, dass soziale Innovation und Fortschritt in der Europ\u00e4ischen Union m\u00fcnden k\u00f6nnen. Seine Stimme hat mir gezeigt, wie wichtig es ist, sich f\u00fcr Frieden und Zusammenhalt einzusetzen.<\/p>\n<p>Im April 2022 ist mein Gro\u00dfvater gestorben, seine Stimme ist verstummt. Ich kann immer noch dar\u00fcber sprechen und sie weitergeben, aber durch mich klingt sie leiser, weil ich die Vergangenheit des kriegsgeteilten Europas nicht erlebt habe. Und gerade jetzt, angesichts des Krieges am Rande Europas und des zunehmenden Populismus auf unserem Kontinent, w\u00e4re es wichtig, diese Stimme zu h\u00f6ren, die Stimme der Zeitzeugen.<\/p>\n<p><img loading=\"lazy\" decoding=\"async\" class=\" wp-image-23359 alignleft\" src=\"https:\/\/www.united-europe.eu\/wp-content\/uploads\/2023\/09\/hillaryperalta-dtgSAJVSqv8-unsplash-800x1200.jpg\" alt=\"\" width=\"196\" height=\"294\" srcset=\"https:\/\/www.united-europe.eu\/wp-content\/uploads\/2023\/09\/hillaryperalta-dtgSAJVSqv8-unsplash-800x1200.jpg 800w, https:\/\/www.united-europe.eu\/wp-content\/uploads\/2023\/09\/hillaryperalta-dtgSAJVSqv8-unsplash-1160x1740.jpg 1160w, https:\/\/www.united-europe.eu\/wp-content\/uploads\/2023\/09\/hillaryperalta-dtgSAJVSqv8-unsplash-1024x1536.jpg 1024w, https:\/\/www.united-europe.eu\/wp-content\/uploads\/2023\/09\/hillaryperalta-dtgSAJVSqv8-unsplash-1365x2048.jpg 1365w, https:\/\/www.united-europe.eu\/wp-content\/uploads\/2023\/09\/hillaryperalta-dtgSAJVSqv8-unsplash-120x180.jpg 120w, https:\/\/www.united-europe.eu\/wp-content\/uploads\/2023\/09\/hillaryperalta-dtgSAJVSqv8-unsplash-90x135.jpg 90w, https:\/\/www.united-europe.eu\/wp-content\/uploads\/2023\/09\/hillaryperalta-dtgSAJVSqv8-unsplash-320x480.jpg 320w, https:\/\/www.united-europe.eu\/wp-content\/uploads\/2023\/09\/hillaryperalta-dtgSAJVSqv8-unsplash-560x840.jpg 560w, https:\/\/www.united-europe.eu\/wp-content\/uploads\/2023\/09\/hillaryperalta-dtgSAJVSqv8-unsplash-1920x2880.jpg 1920w, https:\/\/www.united-europe.eu\/wp-content\/uploads\/2023\/09\/hillaryperalta-dtgSAJVSqv8-unsplash-633x950.jpg 633w, https:\/\/www.united-europe.eu\/wp-content\/uploads\/2023\/09\/hillaryperalta-dtgSAJVSqv8-unsplash-67x100.jpg 67w, https:\/\/www.united-europe.eu\/wp-content\/uploads\/2023\/09\/hillaryperalta-dtgSAJVSqv8-unsplash-200x300.jpg 200w, https:\/\/www.united-europe.eu\/wp-content\/uploads\/2023\/09\/hillaryperalta-dtgSAJVSqv8-unsplash-2048x3072.jpg 2048w, https:\/\/www.united-europe.eu\/wp-content\/uploads\/2023\/09\/hillaryperalta-dtgSAJVSqv8-unsplash-2731x4096.jpg 2731w, https:\/\/www.united-europe.eu\/wp-content\/uploads\/2023\/09\/hillaryperalta-dtgSAJVSqv8-unsplash-240x360.jpg 240w, https:\/\/www.united-europe.eu\/wp-content\/uploads\/2023\/09\/hillaryperalta-dtgSAJVSqv8-unsplash-180x270.jpg 180w, https:\/\/www.united-europe.eu\/wp-content\/uploads\/2023\/09\/hillaryperalta-dtgSAJVSqv8-unsplash-640x960.jpg 640w, https:\/\/www.united-europe.eu\/wp-content\/uploads\/2023\/09\/hillaryperalta-dtgSAJVSqv8-unsplash-1120x1680.jpg 1120w, https:\/\/www.united-europe.eu\/wp-content\/uploads\/2023\/09\/hillaryperalta-dtgSAJVSqv8-unsplash-1600x2400.jpg 1600w, https:\/\/www.united-europe.eu\/wp-content\/uploads\/2023\/09\/hillaryperalta-dtgSAJVSqv8-unsplash-2320x3480.jpg 2320w, https:\/\/www.united-europe.eu\/wp-content\/uploads\/2023\/09\/hillaryperalta-dtgSAJVSqv8-unsplash-3840x5760.jpg 3840w, https:\/\/www.united-europe.eu\/wp-content\/uploads\/2023\/09\/hillaryperalta-dtgSAJVSqv8-unsplash-1266x1899.jpg 1266w, https:\/\/www.united-europe.eu\/wp-content\/uploads\/2023\/09\/hillaryperalta-dtgSAJVSqv8-unsplash-133x200.jpg 133w, https:\/\/www.united-europe.eu\/wp-content\/uploads\/2023\/09\/hillaryperalta-dtgSAJVSqv8-unsplash-400x600.jpg 400w, https:\/\/www.united-europe.eu\/wp-content\/uploads\/2023\/09\/hillaryperalta-dtgSAJVSqv8-unsplash-scaled.jpg 1707w\" sizes=\"auto, (max-width: 196px) 100vw, 196px\" \/>Aber diese Stimmen werden immer weniger und haben oft keine B\u00fchne in der \u00d6ffentlichkeit. Keinen Rahmen, der sie an der richtigen Stelle und zu den richtigen Themen zu Wort kommen l\u00e4sst und sie in einen Dialog mit den j\u00fcngeren Generationen bringt.<\/p>\n<p>Gerade f\u00fcr die Generation der Erstw\u00e4hlerinnen und Erstw\u00e4hler bei den kommenden Europawahlen w\u00e4re die M\u00f6glichkeit eines solchen Dialogs eine gro\u00dfe Chance, der Europ\u00e4ischen Union auf die Spur zu kommen, ihren Wert kennenzulernen und ihren Ursprung als Friedensprojekt emotional zu erfassen, um dann folgerichtig f\u00fcr die Einheit und gegen die Spaltung aufzustehen und zu w\u00e4hlen.<\/p>\n<p>In meinem Politikstudium habe ich oft geh\u00f6rt, dass sich die Geschichte der Teilung und des Zusammenfindens nach einer Katastrophe wiederholt und dass die Probleme der Menschlichkeit und des gesellschaftlichen Zusammenlebens auf der Metaebene heute die gleichen sind wie vor hunderten von Jahren. Die St\u00e4rke von uns Europ\u00e4ern liegt in der Vielfalt, nicht nur in der Vielfalt unserer wunderbaren Kulturen und Sprachen, sondern auch in der Vielfalt unseres Alters.<\/p>\n<p>Die \u00e4ltere Generation kann authentisch von der Vergangenheit erz\u00e4hlen. Sie kann warnen, erinnern und durch ihre Erfahrungen Hoffnung geben; ja, sie schafft eine emotionale und lebendige Verbindung zur Europ\u00e4ischen Union, die kein Vertrag oder ein Lehrbuch \u00fcber Europa ersetzen kann. Das muss kultiviert werden, um den Kreislauf des Lernens zu schlie\u00dfen und das Friedensprojekt der Europ\u00e4ischen Union gegen populistische Angriffe und extreme Tendenzen zu verteidigen und zu bewahren.<\/p>\n<p><img loading=\"lazy\" decoding=\"async\" class=\" wp-image-23351 alignright\" src=\"https:\/\/www.united-europe.eu\/wp-content\/uploads\/2023\/09\/arnaud-jaegers-IBWJsMObnnU-unsplash-800x533.jpg\" alt=\"\" width=\"348\" height=\"232\" srcset=\"https:\/\/www.united-europe.eu\/wp-content\/uploads\/2023\/09\/arnaud-jaegers-IBWJsMObnnU-unsplash-800x533.jpg 800w, https:\/\/www.united-europe.eu\/wp-content\/uploads\/2023\/09\/arnaud-jaegers-IBWJsMObnnU-unsplash-1160x773.jpg 1160w, https:\/\/www.united-europe.eu\/wp-content\/uploads\/2023\/09\/arnaud-jaegers-IBWJsMObnnU-unsplash-1536x1024.jpg 1536w, https:\/\/www.united-europe.eu\/wp-content\/uploads\/2023\/09\/arnaud-jaegers-IBWJsMObnnU-unsplash-2048x1365.jpg 2048w, https:\/\/www.united-europe.eu\/wp-content\/uploads\/2023\/09\/arnaud-jaegers-IBWJsMObnnU-unsplash-120x80.jpg 120w, https:\/\/www.united-europe.eu\/wp-content\/uploads\/2023\/09\/arnaud-jaegers-IBWJsMObnnU-unsplash-90x60.jpg 90w, https:\/\/www.united-europe.eu\/wp-content\/uploads\/2023\/09\/arnaud-jaegers-IBWJsMObnnU-unsplash-320x213.jpg 320w, https:\/\/www.united-europe.eu\/wp-content\/uploads\/2023\/09\/arnaud-jaegers-IBWJsMObnnU-unsplash-560x373.jpg 560w, https:\/\/www.united-europe.eu\/wp-content\/uploads\/2023\/09\/arnaud-jaegers-IBWJsMObnnU-unsplash-1920x1280.jpg 1920w, https:\/\/www.united-europe.eu\/wp-content\/uploads\/2023\/09\/arnaud-jaegers-IBWJsMObnnU-unsplash-633x422.jpg 633w, https:\/\/www.united-europe.eu\/wp-content\/uploads\/2023\/09\/arnaud-jaegers-IBWJsMObnnU-unsplash-150x100.jpg 150w, https:\/\/www.united-europe.eu\/wp-content\/uploads\/2023\/09\/arnaud-jaegers-IBWJsMObnnU-unsplash-220x147.jpg 220w, https:\/\/www.united-europe.eu\/wp-content\/uploads\/2023\/09\/arnaud-jaegers-IBWJsMObnnU-unsplash-3072x2048.jpg 3072w, https:\/\/www.united-europe.eu\/wp-content\/uploads\/2023\/09\/arnaud-jaegers-IBWJsMObnnU-unsplash-240x160.jpg 240w, https:\/\/www.united-europe.eu\/wp-content\/uploads\/2023\/09\/arnaud-jaegers-IBWJsMObnnU-unsplash-180x120.jpg 180w, https:\/\/www.united-europe.eu\/wp-content\/uploads\/2023\/09\/arnaud-jaegers-IBWJsMObnnU-unsplash-640x427.jpg 640w, https:\/\/www.united-europe.eu\/wp-content\/uploads\/2023\/09\/arnaud-jaegers-IBWJsMObnnU-unsplash-1120x747.jpg 1120w, https:\/\/www.united-europe.eu\/wp-content\/uploads\/2023\/09\/arnaud-jaegers-IBWJsMObnnU-unsplash-1600x1066.jpg 1600w, https:\/\/www.united-europe.eu\/wp-content\/uploads\/2023\/09\/arnaud-jaegers-IBWJsMObnnU-unsplash-2320x1546.jpg 2320w, https:\/\/www.united-europe.eu\/wp-content\/uploads\/2023\/09\/arnaud-jaegers-IBWJsMObnnU-unsplash-3840x2559.jpg 3840w, https:\/\/www.united-europe.eu\/wp-content\/uploads\/2023\/09\/arnaud-jaegers-IBWJsMObnnU-unsplash-1266x844.jpg 1266w, https:\/\/www.united-europe.eu\/wp-content\/uploads\/2023\/09\/arnaud-jaegers-IBWJsMObnnU-unsplash-300x200.jpg 300w, https:\/\/www.united-europe.eu\/wp-content\/uploads\/2023\/09\/arnaud-jaegers-IBWJsMObnnU-unsplash-440x293.jpg 440w, https:\/\/www.united-europe.eu\/wp-content\/uploads\/2023\/09\/arnaud-jaegers-IBWJsMObnnU-unsplash-scaled.jpg 2560w\" sizes=\"auto, (max-width: 348px) 100vw, 348px\" \/>Im Hinblick auf die anstehenden Wahlen sollte der Austausch zwischen Jung und Alt, wie ich ihn privat mit meinem Gro\u00dfvater erlebt habe, ge\u00f6ffnet und in die \u00d6ffentlichkeit, auch in die Institutionen, getragen werden. Dieser Dialog zwischen den Generationen und der Kontakt mit Zeitzeugen, der die europ\u00e4ische Idee in sich tr\u00e4gt und von den \u00c4lteren an die J\u00fcngeren weitergegeben wird, muss organisiert werden. Es m\u00fcssen Formate gefunden werden, um junge Menschen \u00fcber Europa zu informieren und explizit junge W\u00e4hlerinnen und W\u00e4hler zu aktivieren und das &#8222;Warum&#8220; hinter Europa verst\u00e4ndlich und zug\u00e4nglich zu machen.<\/p>\n<p>Die M\u00f6glichkeiten der Digitalisierung sollten auch st\u00e4rker genutzt werden, um die Erinnerungen und Stimmen unserer \u00e4lteren Mitb\u00fcrgerinnen und Mitb\u00fcrger \u2013 Politikerinnen und Politiker, Menschen aus der Zivilgesellschaft und der Wirtschaft \u2013 aufzuzeichnen und zu verbreiten, damit sie auch nach ihrem Tod mehr sind als nur ein Fl\u00fcstern oder eine Erinnerung. So k\u00f6nnten wir ihre wertvollen Erfahrungen in moderne Lehrmethoden f\u00fcr die Erziehung zu europ\u00e4ischen Werten und europ\u00e4ischem Geist einflie\u00dfen lassen, insbesondere im Vorfeld von Wahlen.<\/p>\n<p>Die jungen Generationen m\u00fcssen in die Lage versetzt werden, die Europ\u00e4ische Union mitzugestalten. Es w\u00e4re fatal, wenn sie neben dem Drang nach Innovation in Wirtschaft und Technik nicht auch die Stimmen der \u00e4lteren Generation in ihren Herzen tragen und den Wert der Pflege unserer beispielhaften Einheit und der Errungenschaft der \u00dcberwindung unserer einst trennenden Grenzen bewahren w\u00fcrden.<\/p>\n<p><em>Ein Artikel von Fabian Lukas Goslar. Fabian ist Young Advisor bei United Europe, hat an der Universit\u00e4t von Passau seinen Bachelor in &#8222;European Studies&#8220; und in Wien den Master in Politischen Wissenschaften gemacht. Heute arbeitet er als NGO-Gr\u00fcnder f\u00fcr\u00a0 &#8222;Intergenerational Intelligence&#8220; und unabh\u00e4ngiger Workshop Facilitator.<\/em><\/p>\n","protected":false},"excerpt":{"rendered":"<p>Ich wurde im Juli 1994 geboren und bin am Ende des 20. und zu Beginn des 21. Jahrhunderts im Herzen der Europ\u00e4ischen Union aufgewachsen. In einer friedlichen Zeit des Wohlstands&hellip;<\/p>\n","protected":false},"author":28,"featured_media":23347,"comment_status":"closed","ping_status":"closed","sticky":false,"template":"","format":"standard","meta":{"_acf_changed":false,"footnotes":""},"categories":[585,620,681],"tags":[],"powerkit_post_featured":[],"class_list":{"0":"post-23368","1":"post","2":"type-post","3":"status-publish","4":"format-standard","5":"has-post-thumbnail","7":"category-ue-advocacy-programm","8":"category-news-de","9":"category-advocacy-voices-de"},"acf":[],"aioseo_notices":[],"_links":{"self":[{"href":"https:\/\/www.united-europe.eu\/de\/wp-json\/wp\/v2\/posts\/23368","targetHints":{"allow":["GET"]}}],"collection":[{"href":"https:\/\/www.united-europe.eu\/de\/wp-json\/wp\/v2\/posts"}],"about":[{"href":"https:\/\/www.united-europe.eu\/de\/wp-json\/wp\/v2\/types\/post"}],"author":[{"embeddable":true,"href":"https:\/\/www.united-europe.eu\/de\/wp-json\/wp\/v2\/users\/28"}],"replies":[{"embeddable":true,"href":"https:\/\/www.united-europe.eu\/de\/wp-json\/wp\/v2\/comments?post=23368"}],"version-history":[{"count":10,"href":"https:\/\/www.united-europe.eu\/de\/wp-json\/wp\/v2\/posts\/23368\/revisions"}],"predecessor-version":[{"id":23395,"href":"https:\/\/www.united-europe.eu\/de\/wp-json\/wp\/v2\/posts\/23368\/revisions\/23395"}],"wp:featuredmedia":[{"embeddable":true,"href":"https:\/\/www.united-europe.eu\/de\/wp-json\/wp\/v2\/media\/23347"}],"wp:attachment":[{"href":"https:\/\/www.united-europe.eu\/de\/wp-json\/wp\/v2\/media?parent=23368"}],"wp:term":[{"taxonomy":"category","embeddable":true,"href":"https:\/\/www.united-europe.eu\/de\/wp-json\/wp\/v2\/categories?post=23368"},{"taxonomy":"post_tag","embeddable":true,"href":"https:\/\/www.united-europe.eu\/de\/wp-json\/wp\/v2\/tags?post=23368"},{"taxonomy":"powerkit_post_featured","embeddable":true,"href":"https:\/\/www.united-europe.eu\/de\/wp-json\/wp\/v2\/powerkit_post_featured?post=23368"}],"curies":[{"name":"wp","href":"https:\/\/api.w.org\/{rel}","templated":true}]}}