{"id":22388,"date":"2022-11-23T14:10:34","date_gmt":"2022-11-23T13:10:34","guid":{"rendered":"https:\/\/www.united-europe.eu\/?p=22388"},"modified":"2023-01-17T09:46:04","modified_gmt":"2023-01-17T08:46:04","slug":"mentoring-programm-united-europe-startet-mit-dem-jahrgang-2022-23","status":"publish","type":"post","link":"https:\/\/www.united-europe.eu\/de\/2022\/11\/mentoring-programm-united-europe-startet-mit-dem-jahrgang-2022-23\/","title":{"rendered":"Mentoring-Programm: United Europe startet mit dem Jahrgang 2022\/23"},"content":{"rendered":"<p>Das gro\u00dfartige Feedback der ersten beiden Mentoringprogramme ermutigte United Europe und <strong>Schwarz &amp; Pfeiffer Executive Advisory Partners<\/strong>, das Programm mit neuen Mentees und Mentoren fortzusetzen. Das Gespr\u00e4ch zwischen jungen F\u00fchrungskr\u00e4ften und erfahrenen Managern bietet nicht nur die M\u00f6glichkeit der individuellen Weiterentwicklung, United Europe will mit dem Mentoring-Programm mehr erreichen und bietet eine Plattform f\u00fcr einen Austausch auf europ\u00e4ischer B\u00fchne.<\/p>\n<figure id=\"attachment_20860\" aria-describedby=\"caption-attachment-20860\" style=\"width: 195px\" class=\"wp-caption alignleft\"><img loading=\"lazy\" decoding=\"async\" class=\"wp-image-20860\" src=\"https:\/\/www.united-europe.eu\/wp-content\/uploads\/2022\/03\/Frossmann.png\" alt=\"\" width=\"195\" height=\"171\" srcset=\"https:\/\/www.united-europe.eu\/wp-content\/uploads\/2022\/03\/Frossmann.png 459w, https:\/\/www.united-europe.eu\/wp-content\/uploads\/2022\/03\/Frossmann-120x105.png 120w, https:\/\/www.united-europe.eu\/wp-content\/uploads\/2022\/03\/Frossmann-90x79.png 90w, https:\/\/www.united-europe.eu\/wp-content\/uploads\/2022\/03\/Frossmann-320x281.png 320w, https:\/\/www.united-europe.eu\/wp-content\/uploads\/2022\/03\/Frossmann-114x100.png 114w, https:\/\/www.united-europe.eu\/wp-content\/uploads\/2022\/03\/Frossmann-220x193.png 220w, https:\/\/www.united-europe.eu\/wp-content\/uploads\/2022\/03\/Frossmann-240x211.png 240w, https:\/\/www.united-europe.eu\/wp-content\/uploads\/2022\/03\/Frossmann-180x158.png 180w, https:\/\/www.united-europe.eu\/wp-content\/uploads\/2022\/03\/Frossmann-228x200.png 228w, https:\/\/www.united-europe.eu\/wp-content\/uploads\/2022\/03\/Frossmann-440x386.png 440w\" sizes=\"auto, (max-width: 195px) 100vw, 195px\" \/><figcaption id=\"caption-attachment-20860\" class=\"wp-caption-text\">Dr. J\u00fcrgen Gro\u00dfmann, Schatzmeister und Vorstandsmitglied bei United Europe<\/figcaption><\/figure>\n<p><strong>\u201eDie Europ\u00e4ische Union ist f\u00fcr Frieden und Stabilit\u00e4t auf dem Kontinent unverzichtbar. United Europe\u2019s Mentoring-Programm spiegelt dieses Verst\u00e4ndnis wider, indem es junge F\u00fchrungskr\u00e4fte mit Engagement und unserem Advocacy-Programm f\u00f6rdert.&#8220; J\u00fcrgen Gro\u00dfmann, Vorstandsmitglied bei United Europe.<\/strong><\/p>\n<p>Unser Mentoring bietet ein umfassendes Diskussionsprogramm an, das junge F\u00fchrungskr\u00e4fte mit erfahrenen Gesch\u00e4ftsf\u00fchrern und Vorst\u00e4nden auf dem gesamten europ\u00e4ischen Kontinent zusammenbringt. Junge Talente und hochqualifizierte Nachwuchsf\u00fchrungskr\u00e4fte aus ganz Europa finden hier die M\u00f6glichkeit, sich \u00fcber einen Zeitraum von sechs Monaten mit erfahrenen Mentoren \u00fcber Themen, die f\u00fcr Europa und damit auch f\u00fcr Unternehmen und Gesellschaft wichtig sind, auszutauschen.<\/p>\n<figure id=\"attachment_21396\" aria-describedby=\"caption-attachment-21396\" style=\"width: 195px\" class=\"wp-caption alignright\"><img loading=\"lazy\" decoding=\"async\" class=\"wp-image-21396\" src=\"https:\/\/www.united-europe.eu\/wp-content\/uploads\/2020\/06\/Marcus-Lippold-1.jpg\" alt=\"\" width=\"195\" height=\"195\" srcset=\"https:\/\/www.united-europe.eu\/wp-content\/uploads\/2020\/06\/Marcus-Lippold-1.jpg 325w, https:\/\/www.united-europe.eu\/wp-content\/uploads\/2020\/06\/Marcus-Lippold-1-80x80.jpg 80w, https:\/\/www.united-europe.eu\/wp-content\/uploads\/2020\/06\/Marcus-Lippold-1-120x120.jpg 120w, https:\/\/www.united-europe.eu\/wp-content\/uploads\/2020\/06\/Marcus-Lippold-1-90x90.jpg 90w, https:\/\/www.united-europe.eu\/wp-content\/uploads\/2020\/06\/Marcus-Lippold-1-320x320.jpg 320w, https:\/\/www.united-europe.eu\/wp-content\/uploads\/2020\/06\/Marcus-Lippold-1-100x100.jpg 100w, https:\/\/www.united-europe.eu\/wp-content\/uploads\/2020\/06\/Marcus-Lippold-1-220x220.jpg 220w, https:\/\/www.united-europe.eu\/wp-content\/uploads\/2020\/06\/Marcus-Lippold-1-160x160.jpg 160w, https:\/\/www.united-europe.eu\/wp-content\/uploads\/2020\/06\/Marcus-Lippold-1-240x240.jpg 240w, https:\/\/www.united-europe.eu\/wp-content\/uploads\/2020\/06\/Marcus-Lippold-1-180x180.jpg 180w, https:\/\/www.united-europe.eu\/wp-content\/uploads\/2020\/06\/Marcus-Lippold-1-200x200.jpg 200w\" sizes=\"auto, (max-width: 195px) 100vw, 195px\" \/><figcaption id=\"caption-attachment-21396\" class=\"wp-caption-text\">Marcus Lippold, Vorstandsmitglied bei United Europe<\/figcaption><\/figure>\n<p><strong>\u201eWir brauchen eine neue Generation von Europ\u00e4ern, die sich f\u00fcr das europ\u00e4ische Projekt engagieren und die Herausforderungen auf europ\u00e4ischer Ebene angehen wollen \u2013 von der internationalen Sicherheit bis zu dem Klimawandel.&#8220; Marcus Lippold, Vorstandsmitglied von United Europe.<\/strong><\/p>\n<p>Im Jahr 2023 wird United Europe zus\u00e4tzlich zu den Advocacy-Seminaren erstmals eine mehrt\u00e4gige <strong>Advocacy Conference<\/strong> organisieren, die zu einer j\u00e4hrlichen Veranstaltung f\u00fcr zuk\u00fcnftige F\u00fchrungskr\u00e4fte ausgebaut werden soll. Die <strong>Advocacy Conference<\/strong> wird den Teilnehmern unseres Mentoren-Programms und weiteren Advocates unseres Vereins die M\u00f6glichkeit bieten, sich durch interdisziplin\u00e4ren Austausch \u00fcber aktuelle europ\u00e4ische Themen zu engagieren, um sowohl berufliche als auch pers\u00f6nliche Br\u00fccken \u00fcber den Kontinent hinweg zu bauen.<\/p>\n<figure id=\"attachment_22363\" aria-describedby=\"caption-attachment-22363\" style=\"width: 195px\" class=\"wp-caption alignleft\"><img loading=\"lazy\" decoding=\"async\" class=\"wp-image-22363\" src=\"https:\/\/www.united-europe.eu\/wp-content\/uploads\/2022\/11\/Ruys-klein.jpg\" alt=\"\" width=\"195\" height=\"196\" srcset=\"https:\/\/www.united-europe.eu\/wp-content\/uploads\/2022\/11\/Ruys-klein.jpg 323w, https:\/\/www.united-europe.eu\/wp-content\/uploads\/2022\/11\/Ruys-klein-80x80.jpg 80w, https:\/\/www.united-europe.eu\/wp-content\/uploads\/2022\/11\/Ruys-klein-120x120.jpg 120w, https:\/\/www.united-europe.eu\/wp-content\/uploads\/2022\/11\/Ruys-klein-90x90.jpg 90w, https:\/\/www.united-europe.eu\/wp-content\/uploads\/2022\/11\/Ruys-klein-320x320.jpg 320w, https:\/\/www.united-europe.eu\/wp-content\/uploads\/2022\/11\/Ruys-klein-100x100.jpg 100w, https:\/\/www.united-europe.eu\/wp-content\/uploads\/2022\/11\/Ruys-klein-220x221.jpg 220w, https:\/\/www.united-europe.eu\/wp-content\/uploads\/2022\/11\/Ruys-klein-160x160.jpg 160w, https:\/\/www.united-europe.eu\/wp-content\/uploads\/2022\/11\/Ruys-klein-240x240.jpg 240w, https:\/\/www.united-europe.eu\/wp-content\/uploads\/2022\/11\/Ruys-klein-180x180.jpg 180w, https:\/\/www.united-europe.eu\/wp-content\/uploads\/2022\/11\/Ruys-klein-199x200.jpg 199w\" sizes=\"auto, (max-width: 195px) 100vw, 195px\" \/><figcaption id=\"caption-attachment-22363\" class=\"wp-caption-text\">Anthony Ruys, Vize-Pr\u00e4sident und Vorstandsmitglied bei United Europe<\/figcaption><\/figure>\n<p><strong>\u201eEurop\u00e4ische Millenials sind mit der europ\u00e4ischen Freiz\u00fcgigkeit und dem internationalen Austausch vertraut, nicht mit Isolation hinter Mauern und Z\u00e4unen. Wir m\u00fcssen unsere paneurop\u00e4ischen Beziehungen, die von fr\u00fcheren Generationen aufgebaut wurden, pflegen und intensivieren.&#8220; Anthony Ruys, Vize-Pr\u00e4sident bei United Europe<\/strong><\/p>\n<p>Auf der <strong>Advocacy Conference<\/strong> sollen dr\u00e4ngende nationale, multilaterale und globale Themen mit f\u00fchrenden Pers\u00f6nlichkeiten diskutiert werden. Unsere bisherigen Mentees hatten sich bisher auf digitale Gesundheit, Mobilit\u00e4t, die Steuer- und Energiepreiskrise, den Brexit und die digitale Transformation konzentriert. Zu den Themen der neuen Runde werden u. a. Energiesicherheit und geopolitische Verschiebungen geh\u00f6ren.<\/p>\n<figure id=\"attachment_22365\" aria-describedby=\"caption-attachment-22365\" style=\"width: 201px\" class=\"wp-caption alignright\"><img loading=\"lazy\" decoding=\"async\" class=\"wp-image-22365 size-full\" src=\"https:\/\/www.united-europe.eu\/wp-content\/uploads\/2022\/11\/Schlebusch-klein.jpg\" alt=\"\" width=\"201\" height=\"191\" srcset=\"https:\/\/www.united-europe.eu\/wp-content\/uploads\/2022\/11\/Schlebusch-klein.jpg 201w, https:\/\/www.united-europe.eu\/wp-content\/uploads\/2022\/11\/Schlebusch-klein-120x114.jpg 120w, https:\/\/www.united-europe.eu\/wp-content\/uploads\/2022\/11\/Schlebusch-klein-90x86.jpg 90w, https:\/\/www.united-europe.eu\/wp-content\/uploads\/2022\/11\/Schlebusch-klein-105x100.jpg 105w, https:\/\/www.united-europe.eu\/wp-content\/uploads\/2022\/11\/Schlebusch-klein-180x171.jpg 180w\" sizes=\"auto, (max-width: 201px) 100vw, 201px\" \/><figcaption id=\"caption-attachment-22365\" class=\"wp-caption-text\">Dr. Walter Schlebusch, Vorstandsmitglied bei United Europe<\/figcaption><\/figure>\n<p><strong>\u201eDas starke Netzwerk von United Europe, das das Mentoring-Programm jedes Jahr unterst\u00fctzt, ist ein greifbares Beispiel f\u00fcr die zuk\u00fcnftige St\u00e4rke Europas.&#8220; Walter Schlebusch, Vorstandsmitglied bei United Europe<\/strong><\/p>\n<p><strong>Wie wird man ein Mentee oder Young Advocate?<\/strong><br \/>\nJedes Jahr haben sowohl die Firmen-Mitglieder als auch die pers\u00f6nlichen Mitglieder von United Europe die M\u00f6glichkeit, ihre Kandidaten zu nominieren. Die Bewerbungen werden gepr\u00fcft und unsere Mentees mit passenden Mentoren zusammengef\u00fchrt.<\/p>\n<p>Wenn Sie an einer Teilnahme als Mentor oder Mentee interessiert sind, kontaktieren Sie uns bitte per E-Mail unter member@united-europe.eu.<\/p>\n<p>&nbsp;<\/p>\n","protected":false},"excerpt":{"rendered":"<p>Das gro\u00dfartige Feedback der ersten beiden Mentoringprogramme ermutigte United Europe und Schwarz &amp; Pfeiffer Executive Advisory Partners, das Programm mit neuen Mentees und Mentoren fortzusetzen. Das Gespr\u00e4ch zwischen jungen F\u00fchrungskr\u00e4ften&hellip;<\/p>\n","protected":false},"author":28,"featured_media":22406,"comment_status":"closed","ping_status":"closed","sticky":false,"template":"","format":"standard","meta":{"_acf_changed":false,"footnotes":""},"categories":[620],"tags":[],"powerkit_post_featured":[],"class_list":{"0":"post-22388","1":"post","2":"type-post","3":"status-publish","4":"format-standard","5":"has-post-thumbnail","7":"category-news-de"},"acf":[],"aioseo_notices":[],"_links":{"self":[{"href":"https:\/\/www.united-europe.eu\/de\/wp-json\/wp\/v2\/posts\/22388","targetHints":{"allow":["GET"]}}],"collection":[{"href":"https:\/\/www.united-europe.eu\/de\/wp-json\/wp\/v2\/posts"}],"about":[{"href":"https:\/\/www.united-europe.eu\/de\/wp-json\/wp\/v2\/types\/post"}],"author":[{"embeddable":true,"href":"https:\/\/www.united-europe.eu\/de\/wp-json\/wp\/v2\/users\/28"}],"replies":[{"embeddable":true,"href":"https:\/\/www.united-europe.eu\/de\/wp-json\/wp\/v2\/comments?post=22388"}],"version-history":[{"count":19,"href":"https:\/\/www.united-europe.eu\/de\/wp-json\/wp\/v2\/posts\/22388\/revisions"}],"predecessor-version":[{"id":22601,"href":"https:\/\/www.united-europe.eu\/de\/wp-json\/wp\/v2\/posts\/22388\/revisions\/22601"}],"wp:featuredmedia":[{"embeddable":true,"href":"https:\/\/www.united-europe.eu\/de\/wp-json\/wp\/v2\/media\/22406"}],"wp:attachment":[{"href":"https:\/\/www.united-europe.eu\/de\/wp-json\/wp\/v2\/media?parent=22388"}],"wp:term":[{"taxonomy":"category","embeddable":true,"href":"https:\/\/www.united-europe.eu\/de\/wp-json\/wp\/v2\/categories?post=22388"},{"taxonomy":"post_tag","embeddable":true,"href":"https:\/\/www.united-europe.eu\/de\/wp-json\/wp\/v2\/tags?post=22388"},{"taxonomy":"powerkit_post_featured","embeddable":true,"href":"https:\/\/www.united-europe.eu\/de\/wp-json\/wp\/v2\/powerkit_post_featured?post=22388"}],"curies":[{"name":"wp","href":"https:\/\/api.w.org\/{rel}","templated":true}]}}