{"id":21902,"date":"2022-07-08T13:58:17","date_gmt":"2022-07-08T11:58:17","guid":{"rendered":"https:\/\/www.united-europe.eu\/?p=21902"},"modified":"2022-07-25T13:59:22","modified_gmt":"2022-07-25T11:59:22","slug":"rueckblick-auf-united-europes-mentoren-programm-2021-katharina-hug-das-jubilaeum-der-brexit-und-die-corona-krise","status":"publish","type":"post","link":"https:\/\/www.united-europe.eu\/de\/2022\/07\/rueckblick-auf-united-europes-mentoren-programm-2021-katharina-hug-das-jubilaeum-der-brexit-und-die-corona-krise\/","title":{"rendered":"R\u00fcckblick auf United Europes Mentoren-Programm 2021: Katharina Hug \u2013 Das Jubil\u00e4um, der Brexit und die Corona-Krise"},"content":{"rendered":"<figure id=\"attachment_21040\" aria-describedby=\"caption-attachment-21040\" style=\"width: 399px\" class=\"wp-caption alignright\"><img loading=\"lazy\" decoding=\"async\" class=\" wp-image-21040\" src=\"https:\/\/www.united-europe.eu\/wp-content\/uploads\/2022\/03\/Photo_Hug.png\" alt=\"\" width=\"399\" height=\"400\" srcset=\"https:\/\/www.united-europe.eu\/wp-content\/uploads\/2022\/03\/Photo_Hug.png 500w, https:\/\/www.united-europe.eu\/wp-content\/uploads\/2022\/03\/Photo_Hug-80x80.png 80w, https:\/\/www.united-europe.eu\/wp-content\/uploads\/2022\/03\/Photo_Hug-120x120.png 120w, https:\/\/www.united-europe.eu\/wp-content\/uploads\/2022\/03\/Photo_Hug-90x90.png 90w, https:\/\/www.united-europe.eu\/wp-content\/uploads\/2022\/03\/Photo_Hug-320x320.png 320w, https:\/\/www.united-europe.eu\/wp-content\/uploads\/2022\/03\/Photo_Hug-100x100.png 100w, https:\/\/www.united-europe.eu\/wp-content\/uploads\/2022\/03\/Photo_Hug-220x220.png 220w, https:\/\/www.united-europe.eu\/wp-content\/uploads\/2022\/03\/Photo_Hug-160x160.png 160w, https:\/\/www.united-europe.eu\/wp-content\/uploads\/2022\/03\/Photo_Hug-240x240.png 240w, https:\/\/www.united-europe.eu\/wp-content\/uploads\/2022\/03\/Photo_Hug-180x180.png 180w, https:\/\/www.united-europe.eu\/wp-content\/uploads\/2022\/03\/Photo_Hug-200x200.png 200w, https:\/\/www.united-europe.eu\/wp-content\/uploads\/2022\/03\/Photo_Hug-440x441.png 440w\" sizes=\"auto, (max-width: 399px) 100vw, 399px\" \/><figcaption id=\"caption-attachment-21040\" class=\"wp-caption-text\">Katharina Hug<\/figcaption><\/figure>\n<p>Im Zuge der zweiten Auflage des Mentoren-Programms von United Europe betreuten neun Mentoren neun Mentees, die sich in Form von Webinaren, Stellungnahmen und Artikeln an der Arbeit von United Europe beteiligten. In den n\u00e4chsten Wochen werden wir einige der Ergebnisse unseres erfolgreichen generationen\u00fcbergreifenden Mentorings ver\u00f6ffentlichen. Den Auftakt macht die <strong>Brexit-Analyse von Katharina Hug<\/strong>, Senior Consultant bei EY Deutschland, die von <strong>Ingrid Maas, Managing Partner bei Acrossbridge<\/strong>, gecoacht wurde.<\/p>\n<h4 id=\"\"><\/h4>\n<h4 id=\"-2\"><\/h4>\n<h4 id=\"-3\"><\/h4>\n<h4 id=\"-4\"><\/h4>\n<h4 id=\"-5\"><\/h4>\n<h4 id=\"-6\"><\/h4>\n<h4 id=\"-7\"><\/h4>\n<h4 id=\"-8\"><\/h4>\n<h4 id=\"-9\"><\/h4>\n<h4 id=\"der-brexit-bringt-fuer-das-vereinigte-koenigreich-viele-herausforderungen-mit-sich-darunter-gilt-es-herauszufinden-welche-wirtschaftlichen-und-gesellschaftlichen-folgen-durch-den-brexit-ver\">Der Brexit bringt f\u00fcr das Vereinigte K\u00f6nigreich viele Herausforderungen mit sich \u2013 darunter gilt es herauszufinden, welche wirtschaftlichen und gesellschaftlichen Folgen durch den Brexit verursacht wurden und welche durch die\u00a0 Pandemie.<\/h4>\n<figure id=\"attachment_21908\" aria-describedby=\"caption-attachment-21908\" style=\"width: 400px\" class=\"wp-caption alignleft\"><img loading=\"lazy\" decoding=\"async\" class=\"wp-image-21908\" src=\"https:\/\/www.united-europe.eu\/wp-content\/uploads\/2022\/06\/Bild1-800x542.jpg\" alt=\"\" width=\"400\" height=\"271\" srcset=\"https:\/\/www.united-europe.eu\/wp-content\/uploads\/2022\/06\/Bild1-800x542.jpg 800w, https:\/\/www.united-europe.eu\/wp-content\/uploads\/2022\/06\/Bild1-120x81.jpg 120w, https:\/\/www.united-europe.eu\/wp-content\/uploads\/2022\/06\/Bild1-90x61.jpg 90w, https:\/\/www.united-europe.eu\/wp-content\/uploads\/2022\/06\/Bild1-320x217.jpg 320w, https:\/\/www.united-europe.eu\/wp-content\/uploads\/2022\/06\/Bild1-560x380.jpg 560w, https:\/\/www.united-europe.eu\/wp-content\/uploads\/2022\/06\/Bild1-633x429.jpg 633w, https:\/\/www.united-europe.eu\/wp-content\/uploads\/2022\/06\/Bild1-147x100.jpg 147w, https:\/\/www.united-europe.eu\/wp-content\/uploads\/2022\/06\/Bild1-220x149.jpg 220w, https:\/\/www.united-europe.eu\/wp-content\/uploads\/2022\/06\/Bild1-240x163.jpg 240w, https:\/\/www.united-europe.eu\/wp-content\/uploads\/2022\/06\/Bild1-180x122.jpg 180w, https:\/\/www.united-europe.eu\/wp-content\/uploads\/2022\/06\/Bild1-640x434.jpg 640w, https:\/\/www.united-europe.eu\/wp-content\/uploads\/2022\/06\/Bild1-295x200.jpg 295w, https:\/\/www.united-europe.eu\/wp-content\/uploads\/2022\/06\/Bild1-440x298.jpg 440w, https:\/\/www.united-europe.eu\/wp-content\/uploads\/2022\/06\/Bild1.jpg 876w\" sizes=\"auto, (max-width: 400px) 100vw, 400px\" \/><figcaption id=\"caption-attachment-21908\" class=\"wp-caption-text\">Bath bereitete sich auf die Jubil\u00e4umsfeierlichkeiten vor, viele Gesch\u00e4fte schm\u00fcckten ihre Fassaden entsprechend<\/figcaption><\/figure>\n<p>Queen Elisabeth II feierte Anfang Juni 2022, nach 70 Jahren im Dienste des britischen Volkes, ihr Thronjubil\u00e4um. Die Feierlichkeiten fanden an einem langen Feiertagswochenende statt, und es schien, dass die britische Bev\u00f6lkerung dieses Fest dringend brauchte. Warum? <strong>Nun, nach sechs Jahren Brexit-Problemen mit der Europ\u00e4ischen Union, zwei Jahren Corona-Krise, und ganz zu schweigen von dem \u201eParty-Gate&#8220;-Konflikt mit der Nummer 10, schienen alle m\u00fcde und ersch\u00f6pft zu sein.<\/strong><\/p>\n<p>Ich habe w\u00e4hrend der Feierlichkeiten mit einigen Leuten gesprochen und alle waren sich fast unisono einig, dass das Land genau das nach den vergangenen zwei Jahren braucht \u2013 zusammenkommen, feiern und vielleicht auch vergessen.<\/p>\n<figure id=\"attachment_21910\" aria-describedby=\"caption-attachment-21910\" style=\"width: 401px\" class=\"wp-caption alignleft\"><img loading=\"lazy\" decoding=\"async\" class=\" wp-image-21910\" src=\"https:\/\/www.united-europe.eu\/wp-content\/uploads\/2022\/06\/Bild2.jpg\" alt=\"\" width=\"401\" height=\"301\" srcset=\"https:\/\/www.united-europe.eu\/wp-content\/uploads\/2022\/06\/Bild2.jpg 793w, https:\/\/www.united-europe.eu\/wp-content\/uploads\/2022\/06\/Bild2-320x240.jpg 320w, https:\/\/www.united-europe.eu\/wp-content\/uploads\/2022\/06\/Bild2-300x225.jpg 300w, https:\/\/www.united-europe.eu\/wp-content\/uploads\/2022\/06\/Bild2-120x90.jpg 120w, https:\/\/www.united-europe.eu\/wp-content\/uploads\/2022\/06\/Bild2-90x68.jpg 90w, https:\/\/www.united-europe.eu\/wp-content\/uploads\/2022\/06\/Bild2-560x420.jpg 560w, https:\/\/www.united-europe.eu\/wp-content\/uploads\/2022\/06\/Bild2-633x475.jpg 633w, https:\/\/www.united-europe.eu\/wp-content\/uploads\/2022\/06\/Bild2-133x100.jpg 133w, https:\/\/www.united-europe.eu\/wp-content\/uploads\/2022\/06\/Bild2-220x165.jpg 220w, https:\/\/www.united-europe.eu\/wp-content\/uploads\/2022\/06\/Bild2-600x450.jpg 600w, https:\/\/www.united-europe.eu\/wp-content\/uploads\/2022\/06\/Bild2-240x180.jpg 240w, https:\/\/www.united-europe.eu\/wp-content\/uploads\/2022\/06\/Bild2-180x136.jpg 180w, https:\/\/www.united-europe.eu\/wp-content\/uploads\/2022\/06\/Bild2-640x480.jpg 640w, https:\/\/www.united-europe.eu\/wp-content\/uploads\/2022\/06\/Bild2-267x200.jpg 267w, https:\/\/www.united-europe.eu\/wp-content\/uploads\/2022\/06\/Bild2-440x330.jpg 440w\" sizes=\"auto, (max-width: 401px) 100vw, 401px\" \/><figcaption id=\"caption-attachment-21910\" class=\"wp-caption-text\">Lila ist die offizielle Farbe des Jubil\u00e4ums<\/figcaption><\/figure>\n<p>Als 2016 das Brexit-Referendum stattfand, wurde Europas Zerbrechlichkeit erschreckend deutlich. Als ich kurz danach nach London zog, sp\u00fcrte ich eine leichte Spannung in der Luft.<strong> Zur Erinnerung: 51,9 % stimmten f\u00fcr den Brexit, 48,1 % f\u00fcr den Verbleib, die Grenzen waren also nicht klar gezogen.<\/strong> Franz\u00f6sische Arbeitskollegen erz\u00e4hlten mir, dass sie, obwohl wir f\u00fcr ein internationales Unternehmen arbeiteten und die meisten Londoner f\u00fcr den Verbleib stimmten, hier und da subtile Kommentare wie \u201eendlich bekommen die Briten ihre Jobs zur\u00fcck&#8220; h\u00f6rten. Als ich im September letzten Jahres in das Vereinigte K\u00f6nigreich zog, wurden die Auswirkungen des Brexits f\u00fcr mich noch deutlicher sp\u00fcrbar.<\/p>\n<p>&nbsp;<\/p>\n<figure id=\"attachment_21969\" aria-describedby=\"caption-attachment-21969\" style=\"width: 400px\" class=\"wp-caption alignleft\"><img loading=\"lazy\" decoding=\"async\" class=\" wp-image-21969\" src=\"https:\/\/www.united-europe.eu\/wp-content\/uploads\/2022\/07\/br-800x1067.jpg\" alt=\"\" width=\"400\" height=\"534\" srcset=\"https:\/\/www.united-europe.eu\/wp-content\/uploads\/2022\/07\/br-800x1067.jpg 800w, https:\/\/www.united-europe.eu\/wp-content\/uploads\/2022\/07\/br-1160x1547.jpg 1160w, https:\/\/www.united-europe.eu\/wp-content\/uploads\/2022\/07\/br-1152x1536.jpg 1152w, https:\/\/www.united-europe.eu\/wp-content\/uploads\/2022\/07\/br-120x160.jpg 120w, https:\/\/www.united-europe.eu\/wp-content\/uploads\/2022\/07\/br-90x120.jpg 90w, https:\/\/www.united-europe.eu\/wp-content\/uploads\/2022\/07\/br-320x427.jpg 320w, https:\/\/www.united-europe.eu\/wp-content\/uploads\/2022\/07\/br-560x747.jpg 560w, https:\/\/www.united-europe.eu\/wp-content\/uploads\/2022\/07\/br-633x844.jpg 633w, https:\/\/www.united-europe.eu\/wp-content\/uploads\/2022\/07\/br-75x100.jpg 75w, https:\/\/www.united-europe.eu\/wp-content\/uploads\/2022\/07\/br-220x293.jpg 220w, https:\/\/www.united-europe.eu\/wp-content\/uploads\/2022\/07\/br-240x320.jpg 240w, https:\/\/www.united-europe.eu\/wp-content\/uploads\/2022\/07\/br-180x240.jpg 180w, https:\/\/www.united-europe.eu\/wp-content\/uploads\/2022\/07\/br-640x854.jpg 640w, https:\/\/www.united-europe.eu\/wp-content\/uploads\/2022\/07\/br-1120x1494.jpg 1120w, https:\/\/www.united-europe.eu\/wp-content\/uploads\/2022\/07\/br-1266x1688.jpg 1266w, https:\/\/www.united-europe.eu\/wp-content\/uploads\/2022\/07\/br-150x200.jpg 150w, https:\/\/www.united-europe.eu\/wp-content\/uploads\/2022\/07\/br-440x587.jpg 440w, https:\/\/www.united-europe.eu\/wp-content\/uploads\/2022\/07\/br.jpg 1536w\" sizes=\"auto, (max-width: 400px) 100vw, 400px\" \/><figcaption id=\"caption-attachment-21969\" class=\"wp-caption-text\">Einige Gesch\u00e4fte strichen f\u00fcr das Jubil\u00e4um ihre Fassade neu<\/figcaption><\/figure>\n<p>Ich kam inmitten einer Treibstoffversorgungskrise an, sah lange Schlangen vor den Tankstellen und Schildern, die ank\u00fcndigten, dass der Treibstoff bereits ausverkauft sei. Auch fiel mir sofort auf, dass die Superm\u00e4rkte fast immer halbleer aussahen. Das hatte ich in Deutschland bisher nur einmal gesehen habe, und zwar w\u00e4hrend des ersten Lockdowns und den so genannten Hamsterk\u00e4ufen.<strong> Im Vereinigten K\u00f6nigreich schien dieses Ph\u00e4nomen auch dann nicht zu verschwinden, als die Tankstellenvorr\u00e4te im Oktober wieder auf dem normalen Stand waren.<\/strong> Vor allem in der Weihnachtszeit wurde die Versorgungsproblematik drastisch deutlich, wenn ein Restaurant aufgrund von Lieferkettenproblemen die H\u00e4lfte der Speisen auf der Karte nicht zubereiten konnte oder Freunde wegen Fahrermangels mehr als eine Stunde auf einen Uber warteten. Aber wer oder was ist daran schuld?<\/p>\n<p>Ich habe versucht, Antworten auf diese Frage zu finden, und mit meinen Freunden und Kollegen \u00fcber die beobachteten Ph\u00e4nomene gesprochen. Interessanterweise hat sich eine subtile Tendenz herauskristallisiert. <strong>Die Brexiteers neigten dazu, alles zu sehr mit der Pandemie zu erkl\u00e4ren, w\u00e4hrend die Remainers eher frustriert dar\u00fcber waren, dass die Pandemie alle Brexit-Probleme \u00fcberdeckt<\/strong> und damit ihre Argumente f\u00fcr die zu erwartenden Nachteile eines EU-Austritts schw\u00e4cht. Als ich mit meinen Freunden dar\u00fcber sprach, wie sie die Zeit vor der Abstimmung und die Zeit danach erlebt haben, wurde deutlich, wie hitzig und festgefahren die Debatten waren und keinen Raum f\u00fcr einen Mittelweg lie\u00dfen, nicht einmal in den eigenen Familien. Gleichzeitig gab es in der Zeit von 2016 bis 2020 kein Entrinnen aus dem Gespr\u00e4ch, da \u00fcberall die Debatten weitergingen. Interessanterweise haben die Eltern einiger meiner Freunde f\u00fcr den Brexit gestimmt, ohne wirklich zu wissen, ob es das Richtige ist, aber sie f\u00fchlten sich von dem Thema ber\u00fchrt und wollten gegen das derzeitige System rebellieren. Unmittelbar danach haben sie es jedoch bereut, da sie sehen konnten, dass sich viele Versprechen nicht bewahrheiteten oder dass neue politische Ma\u00dfnahmen und Vorschriften auch sie selbst auf unvorhersehbare Weise betrafen und betreffen.<\/p>\n<figure id=\"attachment_21914\" aria-describedby=\"caption-attachment-21914\" style=\"width: 400px\" class=\"wp-caption alignleft\"><img loading=\"lazy\" decoding=\"async\" class=\" wp-image-21914\" src=\"https:\/\/www.united-europe.eu\/wp-content\/uploads\/2022\/06\/Bild4-800x600.jpg\" alt=\"\" width=\"400\" height=\"300\" srcset=\"https:\/\/www.united-europe.eu\/wp-content\/uploads\/2022\/06\/Bild4-800x600.jpg 800w, https:\/\/www.united-europe.eu\/wp-content\/uploads\/2022\/06\/Bild4-320x240.jpg 320w, https:\/\/www.united-europe.eu\/wp-content\/uploads\/2022\/06\/Bild4-300x225.jpg 300w, https:\/\/www.united-europe.eu\/wp-content\/uploads\/2022\/06\/Bild4-120x90.jpg 120w, https:\/\/www.united-europe.eu\/wp-content\/uploads\/2022\/06\/Bild4-90x68.jpg 90w, https:\/\/www.united-europe.eu\/wp-content\/uploads\/2022\/06\/Bild4-560x420.jpg 560w, https:\/\/www.united-europe.eu\/wp-content\/uploads\/2022\/06\/Bild4-633x475.jpg 633w, https:\/\/www.united-europe.eu\/wp-content\/uploads\/2022\/06\/Bild4-133x100.jpg 133w, https:\/\/www.united-europe.eu\/wp-content\/uploads\/2022\/06\/Bild4-220x165.jpg 220w, https:\/\/www.united-europe.eu\/wp-content\/uploads\/2022\/06\/Bild4-600x450.jpg 600w, https:\/\/www.united-europe.eu\/wp-content\/uploads\/2022\/06\/Bild4-240x180.jpg 240w, https:\/\/www.united-europe.eu\/wp-content\/uploads\/2022\/06\/Bild4-180x136.jpg 180w, https:\/\/www.united-europe.eu\/wp-content\/uploads\/2022\/06\/Bild4-640x480.jpg 640w, https:\/\/www.united-europe.eu\/wp-content\/uploads\/2022\/06\/Bild4-266x200.jpg 266w, https:\/\/www.united-europe.eu\/wp-content\/uploads\/2022\/06\/Bild4-440x330.jpg 440w, https:\/\/www.united-europe.eu\/wp-content\/uploads\/2022\/06\/Bild4.jpg 874w\" sizes=\"auto, (max-width: 400px) 100vw, 400px\" \/><figcaption id=\"caption-attachment-21914\" class=\"wp-caption-text\">Leere Regale im Supermarkt<\/figcaption><\/figure>\n<p>Tatsache ist, dass nicht nur Superm\u00e4rkte und Tankstellen Probleme mit der Versorgung hatten, sondern dass es auch an Lkw-Fahrern und Personal im Allgemeinen mangelte. Beispiele daf\u00fcr finden sich \u00fcberall: Cafes und Gesch\u00e4fte, die geschlossen sind, Umkleider\u00e4ume, die nicht zug\u00e4nglich sind, oder Buslinien, die unregelm\u00e4\u00dfig verkehren.<\/p>\n<p>Die Wirtschaftspr\u00fcfungsgesellschaft EY hat einen Brexit-Tracker erstellt, der ein \u00e4hnliches Bild der Situation zeichnete. Zun\u00e4chst gaben etwa 25 % der 222 beobachteten Finanzdienstleistungsunternehmen an, dass sie wegen des Brexit und den damit verbundenen Compliance-Anforderungen begonnen haben, Mitarbeiter und Betriebe aus dem Vereinigten K\u00f6nigreich zu verlegen oder ihren Sitz zu \u00fcberpr\u00fcfen. <strong>\u00dcber einen Zeitraum von vier Jahren beobachtete das Unternehmen die Reaktionen in der Finanzbranche genau und kam zu dem Schluss, dass Dublin, Luxemburg und Frankfurt die potenziellen Ausweichstandorte sind.<\/strong> Bei der letzten Aktualisierung haben 41 % (92 von 222) \u00f6ffentlich erkl\u00e4rt, dass sie einen Umzug in Erw\u00e4gung ziehen oder best\u00e4tigt haben, dass sie einen Teil ihrer T\u00e4tigkeiten und\/oder Mitarbeiter verlagern werden.<\/p>\n<p>Das Leben im Vereinigten K\u00f6nigreich nach dem Brexit l\u00e4sst einen mit gemischten Gef\u00fchlen zur\u00fcck. Da ich meinen Doktortitel vor dem 31. Dezember 2020 begonnen habe, konnte ich den Non-Settlement-Status erhalten, durch den ich als \u201ebritischer\/europ\u00e4ischer&#8220; Student gelte, w\u00e4hrend Freunde, die im Januar 2021 angefangen haben, ein Visum beantragen mussten und nur so lange bleiben k\u00f6nnen, wie ihre Promotion dauert. Die Europ\u00e4er im Vereinigten K\u00f6nigreich wurden von einem Tag auf den anderen als die \u201eAnderen\u201c abgestempelt, und w\u00e4hrend die Diskussionen im Laufe der Jahre fortgef\u00fchrt wurden, versuchten immer mehr Familien, ihre Herkunft nachzuvollziehen und einen europ\u00e4ischen Pass zu beantragen.<\/p>\n<p><strong>Vor sechs Jahren hat eine knappe Mehrheit ihren Willen durchgesetzt, doch die vollst\u00e4ndigen Konsequenzen werden sich erst noch zeigen.<\/strong> Die globale Pandemie und der russische Angriffskrieg machen es den Brexiteers leichter, alle Nachteile oder Unannehmlichkeiten zu vertuschen, die sonst leicht mit dem Brexit h\u00e4tten in Verbindung gebracht werden k\u00f6nnen, jetzt aber unter all dem schlummern.<\/p>\n<p><em>Alle obigen Ausf\u00fchrungen sind meine pers\u00f6nlichen Ansichten oder Meinungen und nicht die Meinungen von Personen, Institutionen oder Organisationen, mit denen ich in beruflicher oder pers\u00f6nlicher Eigenschaft verbunden bin oder nicht. Alle Ansichten oder Meinungen sollen keine Religionen, ethnischen Gruppen, Vereine, Organisationen, Unternehmen oder Einzelpersonen diskreditieren.<br \/>\nKatharina Hug<br \/>\n<\/em><\/p>\n","protected":false},"excerpt":{"rendered":"<p>Im Zuge der zweiten Auflage des Mentoren-Programms von United Europe betreuten neun Mentoren neun Mentees, die sich in Form von Webinaren, Stellungnahmen und Artikeln an der Arbeit von United Europe&hellip;<\/p>\n","protected":false},"author":28,"featured_media":12776,"comment_status":"closed","ping_status":"closed","sticky":false,"template":"","format":"standard","meta":{"_acf_changed":false,"footnotes":""},"categories":[620],"tags":[],"powerkit_post_featured":[],"class_list":{"0":"post-21902","1":"post","2":"type-post","3":"status-publish","4":"format-standard","5":"has-post-thumbnail","7":"category-news-de"},"acf":[],"aioseo_notices":[],"_links":{"self":[{"href":"https:\/\/www.united-europe.eu\/de\/wp-json\/wp\/v2\/posts\/21902","targetHints":{"allow":["GET"]}}],"collection":[{"href":"https:\/\/www.united-europe.eu\/de\/wp-json\/wp\/v2\/posts"}],"about":[{"href":"https:\/\/www.united-europe.eu\/de\/wp-json\/wp\/v2\/types\/post"}],"author":[{"embeddable":true,"href":"https:\/\/www.united-europe.eu\/de\/wp-json\/wp\/v2\/users\/28"}],"replies":[{"embeddable":true,"href":"https:\/\/www.united-europe.eu\/de\/wp-json\/wp\/v2\/comments?post=21902"}],"version-history":[{"count":12,"href":"https:\/\/www.united-europe.eu\/de\/wp-json\/wp\/v2\/posts\/21902\/revisions"}],"predecessor-version":[{"id":22011,"href":"https:\/\/www.united-europe.eu\/de\/wp-json\/wp\/v2\/posts\/21902\/revisions\/22011"}],"wp:featuredmedia":[{"embeddable":true,"href":"https:\/\/www.united-europe.eu\/de\/wp-json\/wp\/v2\/media\/12776"}],"wp:attachment":[{"href":"https:\/\/www.united-europe.eu\/de\/wp-json\/wp\/v2\/media?parent=21902"}],"wp:term":[{"taxonomy":"category","embeddable":true,"href":"https:\/\/www.united-europe.eu\/de\/wp-json\/wp\/v2\/categories?post=21902"},{"taxonomy":"post_tag","embeddable":true,"href":"https:\/\/www.united-europe.eu\/de\/wp-json\/wp\/v2\/tags?post=21902"},{"taxonomy":"powerkit_post_featured","embeddable":true,"href":"https:\/\/www.united-europe.eu\/de\/wp-json\/wp\/v2\/powerkit_post_featured?post=21902"}],"curies":[{"name":"wp","href":"https:\/\/api.w.org\/{rel}","templated":true}]}}