{"id":21720,"date":"2022-05-18T11:18:23","date_gmt":"2022-05-18T09:18:23","guid":{"rendered":"https:\/\/www.united-europe.eu\/?p=21720"},"modified":"2023-09-05T09:40:08","modified_gmt":"2023-09-05T07:40:08","slug":"expertengespraech-zum-strategischen-kompass-in-bruessel","status":"publish","type":"post","link":"https:\/\/www.united-europe.eu\/de\/2022\/05\/expertengespraech-zum-strategischen-kompass-in-bruessel\/","title":{"rendered":"Expertengespr\u00e4ch zum &#8222;Strategischen Kompass&#8220; in Br\u00fcssel"},"content":{"rendered":"<p>Im Namen von United Europe und der W\u00fcrth-Gruppe m\u00f6chten wir Sie zu unserer gemeinsamen Veranstaltung <strong>\u201eEurop\u00e4ische Sicherheits- und Vertreidigungspolitik: Wohin f\u00fchrt uns der Strategische Kompass?\u201c<\/strong> am Mittwoch, dem 01. Juni 2022, ab 16:00 Uhr einladen.<\/p>\n<p>Im M\u00e4rz hat der Europ\u00e4ische Rat den \u201eStrategischen Kompass\u201c, ein 50-seitiges Strategiepapier f\u00fcr die europ\u00e4ische Sicherheits- und Verteidigungspolitik, gebilligt. Es soll Antworten auf sicherheitspolitische Bedrohungen und geopolitische Dynamiken geben und in den kommenden Jahren den Weg f\u00fcr eine gemeinsame Sicherheits- und Verteidigungspolitik der EU weisen. Doch was liefert das Grundlagendokument wirklich?<\/p>\n<p>In dem Strategie-Papier nimmt sich die EU u. a. vor, bis 2025 eine gemeinsame Eingreiftruppe von 5000 Soldatinnen und Soldaten aufzubauen, R\u00fcstungsvorhaben zu koordinieren und die Milit\u00e4rhaushalte der Mitgliedsstaaten aufeinander abzustimmen. Doch wird die EU ihre Ressourcen wirklich besser b\u00fcndeln k\u00f6nnen? Wird sie tats\u00e4chlich entscheidend auf sicherheitspolitische Krisen reagieren k\u00f6nnen?<\/p>\n<p>Diese und weitere Fragen m\u00f6chten wir am 1. Juni von 16.00 Uhr bis 17.45 Uhr mit unseren G\u00e4sten in der Vertretung des Landes Baden-W\u00fcrttemberg bei der Europ\u00e4ischen Union, Rue Belliard 60 \u2013 62, 1040 in Br\u00fcssel, diskutieren.<\/p>\n<p>Im Anschluss, ab 18:00 Uhr, m\u00f6chten wir Sie herzlich zu unserem Empfang und einem Flying Buffet einladen, wo es die M\u00f6glichkeit zu weiteren Diskussionen gibt.<\/p>\n<p>Wenn Sie an der Diskussion vor Ort teilnehmen m\u00f6chten, melden Sie sich bitte <a href=\"https:\/\/event-bw.eu\/event.php?vnr=E4-50C&amp;Locale=de_DE\">hier<\/a> an.<\/p>\n<p>Wir freuen uns auf Ihre Teilnahme und eine spannende und engagierte Diskussion!<\/p>\n<p>&nbsp;<\/p>\n<p>&nbsp;<\/p>\n<p style=\"margin: 0cm 0cm 12.0pt 0cm;\"><span style=\"font-family: 'Arial',sans-serif; color: black;\">\u00a0<\/span><\/p>\n<p>&nbsp;<\/p>\n<p>&nbsp;<\/p>\n","protected":false},"excerpt":{"rendered":"<p>Im Namen von United Europe und der W\u00fcrth-Gruppe m\u00f6chten wir Sie zu unserer gemeinsamen Veranstaltung \u201eEurop\u00e4ische Sicherheits- und Vertreidigungspolitik: Wohin f\u00fchrt uns der Strategische Kompass?\u201c am Mittwoch, dem 01. Juni&hellip;<\/p>\n","protected":false},"author":28,"featured_media":21736,"comment_status":"closed","ping_status":"closed","sticky":false,"template":"","format":"standard","meta":{"_acf_changed":false,"footnotes":""},"categories":[2249,620,2243],"tags":[],"powerkit_post_featured":[],"class_list":{"0":"post-21720","1":"post","2":"type-post","3":"status-publish","4":"format-standard","5":"has-post-thumbnail","7":"category-kooperationen","8":"category-news-de","9":"category-panel-diskussionen-und-webinare"},"acf":[],"aioseo_notices":[],"_links":{"self":[{"href":"https:\/\/www.united-europe.eu\/de\/wp-json\/wp\/v2\/posts\/21720","targetHints":{"allow":["GET"]}}],"collection":[{"href":"https:\/\/www.united-europe.eu\/de\/wp-json\/wp\/v2\/posts"}],"about":[{"href":"https:\/\/www.united-europe.eu\/de\/wp-json\/wp\/v2\/types\/post"}],"author":[{"embeddable":true,"href":"https:\/\/www.united-europe.eu\/de\/wp-json\/wp\/v2\/users\/28"}],"replies":[{"embeddable":true,"href":"https:\/\/www.united-europe.eu\/de\/wp-json\/wp\/v2\/comments?post=21720"}],"version-history":[{"count":4,"href":"https:\/\/www.united-europe.eu\/de\/wp-json\/wp\/v2\/posts\/21720\/revisions"}],"predecessor-version":[{"id":21743,"href":"https:\/\/www.united-europe.eu\/de\/wp-json\/wp\/v2\/posts\/21720\/revisions\/21743"}],"wp:featuredmedia":[{"embeddable":true,"href":"https:\/\/www.united-europe.eu\/de\/wp-json\/wp\/v2\/media\/21736"}],"wp:attachment":[{"href":"https:\/\/www.united-europe.eu\/de\/wp-json\/wp\/v2\/media?parent=21720"}],"wp:term":[{"taxonomy":"category","embeddable":true,"href":"https:\/\/www.united-europe.eu\/de\/wp-json\/wp\/v2\/categories?post=21720"},{"taxonomy":"post_tag","embeddable":true,"href":"https:\/\/www.united-europe.eu\/de\/wp-json\/wp\/v2\/tags?post=21720"},{"taxonomy":"powerkit_post_featured","embeddable":true,"href":"https:\/\/www.united-europe.eu\/de\/wp-json\/wp\/v2\/powerkit_post_featured?post=21720"}],"curies":[{"name":"wp","href":"https:\/\/api.w.org\/{rel}","templated":true}]}}