{"id":20949,"date":"2021-09-20T13:33:50","date_gmt":"2021-09-20T11:33:50","guid":{"rendered":"https:\/\/www.united-europe.eu\/?p=20949"},"modified":"2022-03-07T13:34:37","modified_gmt":"2022-03-07T12:34:37","slug":"members-talk-der-ausgang-der-deutschen-bundestagswahlen","status":"publish","type":"post","link":"https:\/\/www.united-europe.eu\/de\/2021\/09\/members-talk-der-ausgang-der-deutschen-bundestagswahlen\/","title":{"rendered":"Members&#8216; Talk: Der Ausgang der deutschen Bundestagswahlen"},"content":{"rendered":"<p>G\u00fcnther H. Oettinger m\u00f6chte mit den Mitgliedern von United Europe m\u00f6gliche Szenarien und Ver\u00e4nderungen f\u00fcr die Br\u00fcsseler Agenda 2021\/2022 nach der Bundestagswahl diskutieren.<\/p>\n<p>Folgende Punkte stehen im Fokus:<\/p>\n<ul>\n<li>Deutschlands Rolle in der Europ\u00e4ischen Union<\/li>\n<li>Der geopolitischen Status nach Angela Merkel<\/li>\n<li>Die Risiken f\u00fcr die Wahrung der Rechtsstaatlichkeit<\/li>\n<li>Aktuelle sicherheitspolitische Herausforderungen<\/li>\n<li>Klimapolitische Entwicklungen<\/li>\n<li>Das Verh\u00e4ltnis von Deutschland und der EU zu Russland, China und den USA<\/li>\n<\/ul>\n<p>Der &#8222;Members&#8216; Talk&#8220; wird von G\u00fcnther H. Oettinger er\u00f6ffnet, der \u00fcber den aktuellen Stand der Dinge informiert, gefolgt von einer offenen Diskussion mit dem Feedback der Mitglieder von United Europe.<\/p>\n","protected":false},"excerpt":{"rendered":"<p>G\u00fcnther H. Oettinger m\u00f6chte mit den Mitgliedern von United Europe m\u00f6gliche Szenarien und Ver\u00e4nderungen f\u00fcr die Br\u00fcsseler Agenda 2021\/2022 nach der Bundestagswahl diskutieren. Folgende Punkte stehen im Fokus: Deutschlands Rolle&hellip;<\/p>\n","protected":false},"author":28,"featured_media":16717,"comment_status":"closed","ping_status":"closed","sticky":false,"template":"","format":"standard","meta":{"_acf_changed":false,"footnotes":""},"categories":[620,2242,2239],"tags":[410,522],"powerkit_post_featured":[],"class_list":{"0":"post-20949","1":"post","2":"type-post","3":"status-publish","4":"format-standard","5":"has-post-thumbnail","7":"category-news-de","8":"category-stammtisch-members-talk-de","9":"category-ue-programm","10":"tag-eu-de","11":"tag-merkel-de"},"acf":[],"aioseo_notices":[],"_links":{"self":[{"href":"https:\/\/www.united-europe.eu\/de\/wp-json\/wp\/v2\/posts\/20949","targetHints":{"allow":["GET"]}}],"collection":[{"href":"https:\/\/www.united-europe.eu\/de\/wp-json\/wp\/v2\/posts"}],"about":[{"href":"https:\/\/www.united-europe.eu\/de\/wp-json\/wp\/v2\/types\/post"}],"author":[{"embeddable":true,"href":"https:\/\/www.united-europe.eu\/de\/wp-json\/wp\/v2\/users\/28"}],"replies":[{"embeddable":true,"href":"https:\/\/www.united-europe.eu\/de\/wp-json\/wp\/v2\/comments?post=20949"}],"version-history":[{"count":1,"href":"https:\/\/www.united-europe.eu\/de\/wp-json\/wp\/v2\/posts\/20949\/revisions"}],"predecessor-version":[{"id":20950,"href":"https:\/\/www.united-europe.eu\/de\/wp-json\/wp\/v2\/posts\/20949\/revisions\/20950"}],"wp:featuredmedia":[{"embeddable":true,"href":"https:\/\/www.united-europe.eu\/de\/wp-json\/wp\/v2\/media\/16717"}],"wp:attachment":[{"href":"https:\/\/www.united-europe.eu\/de\/wp-json\/wp\/v2\/media?parent=20949"}],"wp:term":[{"taxonomy":"category","embeddable":true,"href":"https:\/\/www.united-europe.eu\/de\/wp-json\/wp\/v2\/categories?post=20949"},{"taxonomy":"post_tag","embeddable":true,"href":"https:\/\/www.united-europe.eu\/de\/wp-json\/wp\/v2\/tags?post=20949"},{"taxonomy":"powerkit_post_featured","embeddable":true,"href":"https:\/\/www.united-europe.eu\/de\/wp-json\/wp\/v2\/powerkit_post_featured?post=20949"}],"curies":[{"name":"wp","href":"https:\/\/api.w.org\/{rel}","templated":true}]}}