{"id":20947,"date":"2022-03-07T13:08:24","date_gmt":"2022-03-07T12:08:24","guid":{"rendered":"https:\/\/www.united-europe.eu\/?p=20947"},"modified":"2022-11-30T18:57:22","modified_gmt":"2022-11-30T17:57:22","slug":"ceo-roundtable-kann-der-green-deal-angesichts-der-energiekrise-ueberleben","status":"publish","type":"post","link":"https:\/\/www.united-europe.eu\/de\/2022\/03\/ceo-roundtable-kann-der-green-deal-angesichts-der-energiekrise-ueberleben\/","title":{"rendered":"CEO-Roundtable: &#8222;Kann der Green Deal angesichts der Energiekrise \u00fcberleben?&#8220;"},"content":{"rendered":"<p>Die Auswirkungen der\u00a0<strong>Energiewende<\/strong> f\u00fcr die europ\u00e4ische Wirtschaft diskutieren wir vor Ort in Br\u00fcssel in Kooperation mit unserem Firmenmitglied <strong>Covalis Capital<\/strong>\u00a0beim CEO-Roundtable <strong>\u201eKann der europ\u00e4ische Green Deal angesichts der Energiekrise \u00fcberleben?\u201d<\/strong><\/p>\n<p>Folgende Punkte stehen im Mittelpunkt unserer Diskussion:<\/p>\n<ul>\n<li>\u00a0Zukunft von Kohle, Gas und erneuerbaren Energien<\/li>\n<li>Taxonomie und die Einbeziehung von Kernkraft und Gas als \u201e\u00dcbergangs-Kraftstoffe&#8220;. Was bedeutet das f\u00fcr die europ\u00e4ischen CO2-Ziele und alternative Energien?<\/li>\n<li>Die Debatte zwischen Deutschland und Frankreich \u00fcber geeignete Energiequellen<\/li>\n<\/ul>\n<p>G\u00fcnther H. Oettinger wird die Diskussion leiten, unsere G\u00e4ste sind\u00a0<strong>Virginijus\u00a0Sinkevi\u010dius<\/strong> (EU-Kommissar f\u00fcr Umwelt, Meere und Fischerei), <strong>Leonhard Birnbaum<\/strong> (CEO der E.ON SE), <strong>Armando Mart\u00ednez<\/strong> (CEO Iberdrola Gruppe), <strong>Markus Rauramo,<\/strong> (CEO Fortum), <strong>Michael M\u00fcller<\/strong> (CFO RWE AG) und <strong>Zach Mecelis<\/strong> (CIO Covalis Capital).<\/p>\n<p>&nbsp;<\/p>\n<p>&nbsp;<\/p>\n","protected":false},"excerpt":{"rendered":"<p>Die Auswirkungen der\u00a0Energiewende f\u00fcr die europ\u00e4ische Wirtschaft diskutieren wir vor Ort in Br\u00fcssel in Kooperation mit unserem Firmenmitglied Covalis Capital\u00a0beim CEO-Roundtable \u201eKann der europ\u00e4ische Green Deal angesichts der Energiekrise \u00fcberleben?\u201d&hellip;<\/p>\n","protected":false},"author":28,"featured_media":20745,"comment_status":"closed","ping_status":"closed","sticky":false,"template":"","format":"standard","meta":{"_acf_changed":false,"footnotes":""},"categories":[2240,620,2239],"tags":[],"powerkit_post_featured":[],"class_list":{"0":"post-20947","1":"post","2":"type-post","3":"status-publish","4":"format-standard","5":"has-post-thumbnail","7":"category-ceo-roundtable-de","8":"category-news-de","9":"category-ue-programm"},"acf":[],"aioseo_notices":[],"_links":{"self":[{"href":"https:\/\/www.united-europe.eu\/de\/wp-json\/wp\/v2\/posts\/20947","targetHints":{"allow":["GET"]}}],"collection":[{"href":"https:\/\/www.united-europe.eu\/de\/wp-json\/wp\/v2\/posts"}],"about":[{"href":"https:\/\/www.united-europe.eu\/de\/wp-json\/wp\/v2\/types\/post"}],"author":[{"embeddable":true,"href":"https:\/\/www.united-europe.eu\/de\/wp-json\/wp\/v2\/users\/28"}],"replies":[{"embeddable":true,"href":"https:\/\/www.united-europe.eu\/de\/wp-json\/wp\/v2\/comments?post=20947"}],"version-history":[{"count":3,"href":"https:\/\/www.united-europe.eu\/de\/wp-json\/wp\/v2\/posts\/20947\/revisions"}],"predecessor-version":[{"id":22434,"href":"https:\/\/www.united-europe.eu\/de\/wp-json\/wp\/v2\/posts\/20947\/revisions\/22434"}],"wp:featuredmedia":[{"embeddable":true,"href":"https:\/\/www.united-europe.eu\/de\/wp-json\/wp\/v2\/media\/20745"}],"wp:attachment":[{"href":"https:\/\/www.united-europe.eu\/de\/wp-json\/wp\/v2\/media?parent=20947"}],"wp:term":[{"taxonomy":"category","embeddable":true,"href":"https:\/\/www.united-europe.eu\/de\/wp-json\/wp\/v2\/categories?post=20947"},{"taxonomy":"post_tag","embeddable":true,"href":"https:\/\/www.united-europe.eu\/de\/wp-json\/wp\/v2\/tags?post=20947"},{"taxonomy":"powerkit_post_featured","embeddable":true,"href":"https:\/\/www.united-europe.eu\/de\/wp-json\/wp\/v2\/powerkit_post_featured?post=20947"}],"curies":[{"name":"wp","href":"https:\/\/api.w.org\/{rel}","templated":true}]}}