{"id":20259,"date":"2021-06-24T17:02:17","date_gmt":"2021-06-24T15:02:17","guid":{"rendered":"https:\/\/www.united-europe.eu\/?p=20259"},"modified":"2021-06-25T10:21:35","modified_gmt":"2021-06-25T08:21:35","slug":"application-call-a-new-narrative-for-europe","status":"publish","type":"post","link":"https:\/\/www.united-europe.eu\/de\/2021\/06\/application-call-a-new-narrative-for-europe\/","title":{"rendered":"Application Call: &#8222;A new narrative for Europe&#8220;"},"content":{"rendered":"<div class=\"eventon_desc_in\">\n<p>Am 30. Juli 2021 m\u00f6chten wir zw\u00f6lf junge Talente aus allen Berufsgruppen und aus ganz Europa zwischen 25 und 35 Jahren zu unserem Seminar <strong>\u201cA new narrative for Europe\u201d<\/strong> einladen. Das englischsprachige Seminar umfasst einen Workshop mit dem politischen Kampagnenstrategen <strong>Julius van de Laar<\/strong>, einem ehemaligen Obama-Wahlkampfmanager, und der renommierten russischen K\u00fcnstlerin <strong>Ekaterina Muromtseva<\/strong>. Nach dem Workshop erhalten die Teilnehmer eine exklusive F\u00fchrung durch die \u201eDiversity United\u201c-Kunst-Ausstellung in Berlin.<\/p>\n<p>Wenn Sie Interesse an einer Teilnahme haben oder junge Talente kennen, k\u00f6nnen Sie sich gerne bewerben oder diese Ausschreibung weiterleiten: Die Bewerbungen m\u00fcssen ein kurzes Anschreiben enthalten, aus dem Ihr Interesse und Ihre Motivation hervorgehen (1 Seite, inklusive der Frage, was Sie sich von diesem Seminar erwarten) sowie einen Lebenslauf (inkl. Foto und Geburtsdatum, max. 2 Seiten). Alle Dokumente m\u00fcssen elektronisch im PDF-Format in englischer Sprache eingereicht werden und sollten 2 GB nicht \u00fcberschreiten. Wir k\u00f6nnen nur vollst\u00e4ndige Bewerbungen ber\u00fccksichtigen.<\/p>\n<p>Bitte senden Sie Ihre Bewerbung in einem Dokument bis zum 10. Juli 2021 an <a href=\"mailto:alumni@united-europe.eu\">alumni@united-europe.eu<\/a><br \/>\nWir werden die Bewerber am 15. Juli 2021 \u00fcber unsere Entscheidung informieren und freuen uns schon sehr, Sie bei unserem Workshop begr\u00fc\u00dfen zu d\u00fcrfen!<\/p>\n<\/div>\n","protected":false},"excerpt":{"rendered":"<p>Am 30. Juli 2021 m\u00f6chten wir zw\u00f6lf junge Talente aus allen Berufsgruppen und aus ganz Europa zwischen 25 und 35 Jahren zu unserem Seminar \u201cA new narrative for Europe\u201d einladen.&hellip;<\/p>\n","protected":false},"author":28,"featured_media":20262,"comment_status":"closed","ping_status":"closed","sticky":false,"template":"","format":"standard","meta":{"_acf_changed":false,"footnotes":""},"categories":[587,585,620],"tags":[2178,2180,2179],"powerkit_post_featured":[],"class_list":{"0":"post-20259","1":"post","2":"type-post","3":"status-publish","4":"format-standard","5":"has-post-thumbnail","7":"category-advocacy-seminare","8":"category-ue-advocacy-programm","9":"category-news-de","10":"tag-dioversity-united","11":"tag-ekaterina-muromtseva-de","12":"tag-kunst"},"acf":[],"aioseo_notices":[],"_links":{"self":[{"href":"https:\/\/www.united-europe.eu\/de\/wp-json\/wp\/v2\/posts\/20259","targetHints":{"allow":["GET"]}}],"collection":[{"href":"https:\/\/www.united-europe.eu\/de\/wp-json\/wp\/v2\/posts"}],"about":[{"href":"https:\/\/www.united-europe.eu\/de\/wp-json\/wp\/v2\/types\/post"}],"author":[{"embeddable":true,"href":"https:\/\/www.united-europe.eu\/de\/wp-json\/wp\/v2\/users\/28"}],"replies":[{"embeddable":true,"href":"https:\/\/www.united-europe.eu\/de\/wp-json\/wp\/v2\/comments?post=20259"}],"version-history":[{"count":2,"href":"https:\/\/www.united-europe.eu\/de\/wp-json\/wp\/v2\/posts\/20259\/revisions"}],"predecessor-version":[{"id":20263,"href":"https:\/\/www.united-europe.eu\/de\/wp-json\/wp\/v2\/posts\/20259\/revisions\/20263"}],"wp:featuredmedia":[{"embeddable":true,"href":"https:\/\/www.united-europe.eu\/de\/wp-json\/wp\/v2\/media\/20262"}],"wp:attachment":[{"href":"https:\/\/www.united-europe.eu\/de\/wp-json\/wp\/v2\/media?parent=20259"}],"wp:term":[{"taxonomy":"category","embeddable":true,"href":"https:\/\/www.united-europe.eu\/de\/wp-json\/wp\/v2\/categories?post=20259"},{"taxonomy":"post_tag","embeddable":true,"href":"https:\/\/www.united-europe.eu\/de\/wp-json\/wp\/v2\/tags?post=20259"},{"taxonomy":"powerkit_post_featured","embeddable":true,"href":"https:\/\/www.united-europe.eu\/de\/wp-json\/wp\/v2\/powerkit_post_featured?post=20259"}],"curies":[{"name":"wp","href":"https:\/\/api.w.org\/{rel}","templated":true}]}}