{"id":19027,"date":"2020-09-30T10:20:30","date_gmt":"2020-09-30T08:20:30","guid":{"rendered":"https:\/\/www.united-europe.eu\/?p=19027"},"modified":"2020-10-05T11:30:11","modified_gmt":"2020-10-05T09:30:11","slug":"anne-latz-warum-europa-wichtig-ist","status":"publish","type":"post","link":"https:\/\/www.united-europe.eu\/de\/2020\/09\/anne-latz-warum-europa-wichtig-ist\/","title":{"rendered":"Anne Latz: Warum Europa wichtig ist"},"content":{"rendered":"<p>\u201eAls Medizinerin hatte ich die M\u00f6glichkeit, mich in verschiedenen Stationen in ganz Europa international ausbilden zu lassen, wobei ich auf die Unterst\u00fctzung durch europ\u00e4ische Programme und Netzwerke wie ERASMUS stie\u00df. Es ist f\u00fcr mich selbstverst\u00e4ndlich, mich als B\u00fcrgerin der Europ\u00e4ischen Union zu bezeichnen. Aktuelle politische Diskussionen und j\u00fcngste Entwicklungen wie der Brexit zeigen, dass \u201aunser\u2018 Europa mehr denn je von Furcht, Zweifel und Entt\u00e4uschung bedroht sein k\u00f6nnte, vor allem von jenen, die nie die Chance hatten, von einer europ\u00e4ischen Identit\u00e4t in einer Weise zu profitieren, wie es meiner Generation verg\u00f6nnt war. Eine europ\u00e4ische Stimme, die auf gesamteurop\u00e4ischer Interaktion basiert, die von allen Generationen verstanden und unterst\u00fctzt wird \u2013 das ist meine Vision, f\u00fcr die ich einstehen und f\u00fcr die ich bei United Europe eingetreten bin. Wir k\u00e4mpfen daf\u00fcr, die erstaunliche Kraft und den Wert Europas zu bewahren.\u201d<\/p>\n<p><em>Anne Latz, Chief Medical Officer, Deutschland<\/em><\/p>\n","protected":false},"excerpt":{"rendered":"<p>\u201eAls Medizinerin hatte ich die M\u00f6glichkeit, mich in verschiedenen Stationen in ganz Europa international ausbilden zu lassen, wobei ich auf die Unterst\u00fctzung durch europ\u00e4ische Programme und Netzwerke wie ERASMUS stie\u00df.&hellip;<\/p>\n","protected":false},"author":28,"featured_media":18067,"comment_status":"closed","ping_status":"closed","sticky":false,"template":"","format":"standard","meta":{"_acf_changed":false,"footnotes":""},"categories":[585,681],"tags":[2001,283,2002,410,1274,1149,2000,68],"powerkit_post_featured":[],"class_list":{"0":"post-19027","1":"post","2":"type-post","3":"status-publish","4":"format-standard","5":"has-post-thumbnail","7":"category-ue-advocacy-programm","8":"category-advocacy-voices-de","9":"tag-anne-latz-de","10":"tag-brexit-de","11":"tag-erasmus-de","12":"tag-eu-de","13":"tag-eu-integration","14":"tag-european-integration-de","15":"tag-gesundheitswesen","16":"tag-solidaritat"},"acf":[],"aioseo_notices":[],"_links":{"self":[{"href":"https:\/\/www.united-europe.eu\/de\/wp-json\/wp\/v2\/posts\/19027","targetHints":{"allow":["GET"]}}],"collection":[{"href":"https:\/\/www.united-europe.eu\/de\/wp-json\/wp\/v2\/posts"}],"about":[{"href":"https:\/\/www.united-europe.eu\/de\/wp-json\/wp\/v2\/types\/post"}],"author":[{"embeddable":true,"href":"https:\/\/www.united-europe.eu\/de\/wp-json\/wp\/v2\/users\/28"}],"replies":[{"embeddable":true,"href":"https:\/\/www.united-europe.eu\/de\/wp-json\/wp\/v2\/comments?post=19027"}],"version-history":[{"count":2,"href":"https:\/\/www.united-europe.eu\/de\/wp-json\/wp\/v2\/posts\/19027\/revisions"}],"predecessor-version":[{"id":19044,"href":"https:\/\/www.united-europe.eu\/de\/wp-json\/wp\/v2\/posts\/19027\/revisions\/19044"}],"wp:featuredmedia":[{"embeddable":true,"href":"https:\/\/www.united-europe.eu\/de\/wp-json\/wp\/v2\/media\/18067"}],"wp:attachment":[{"href":"https:\/\/www.united-europe.eu\/de\/wp-json\/wp\/v2\/media?parent=19027"}],"wp:term":[{"taxonomy":"category","embeddable":true,"href":"https:\/\/www.united-europe.eu\/de\/wp-json\/wp\/v2\/categories?post=19027"},{"taxonomy":"post_tag","embeddable":true,"href":"https:\/\/www.united-europe.eu\/de\/wp-json\/wp\/v2\/tags?post=19027"},{"taxonomy":"powerkit_post_featured","embeddable":true,"href":"https:\/\/www.united-europe.eu\/de\/wp-json\/wp\/v2\/powerkit_post_featured?post=19027"}],"curies":[{"name":"wp","href":"https:\/\/api.w.org\/{rel}","templated":true}]}}