{"id":18496,"date":"2020-07-07T10:33:11","date_gmt":"2020-07-07T08:33:11","guid":{"rendered":"https:\/\/www.united-europe.eu\/?p=18496"},"modified":"2020-07-07T10:36:24","modified_gmt":"2020-07-07T08:36:24","slug":"karina-matvienko-warum-europa-wichtig-ist","status":"publish","type":"post","link":"https:\/\/www.united-europe.eu\/de\/2020\/07\/karina-matvienko-warum-europa-wichtig-ist\/","title":{"rendered":"Karina Matvienko: Warum Europa wichtig ist"},"content":{"rendered":"<p>\u201eEuropa ist f\u00fcr mich der Inbegriff von Sicherheit und Geborgenheit. Unter Sicherheit verstehe ich nicht Grenzsicherheit und Milit\u00e4r, sondern menschliche Sicherheit. Es ist ein Ort vieler M\u00f6glichkeiten f\u00fcr alle, wenn man seine Werte teilt, die meiner Ansicht nach allen Menschen gemeinsam sind, nicht nur den Europ\u00e4ern. Es ist der Ort, an dem ein Mensch durch Rechtsstaatlichkeit und Sozialpolitik gesch\u00fctzt wird. Wir brauchen ganz sicher mehr von diesem Europa in unserem Leben.\u201c<\/p>\n<p><em>Karina Matvienko, Russland, Young Professional Advisor<\/em><br \/>\n<em>MA-Studentin der Osteuropastudien<\/em><\/p>\n","protected":false},"excerpt":{"rendered":"<p>\u201eEuropa ist f\u00fcr mich der Inbegriff von Sicherheit und Geborgenheit. Unter Sicherheit verstehe ich nicht Grenzsicherheit und Milit\u00e4r, sondern menschliche Sicherheit. Es ist ein Ort vieler M\u00f6glichkeiten f\u00fcr alle, wenn&hellip;<\/p>\n","protected":false},"author":16,"featured_media":18499,"comment_status":"closed","ping_status":"closed","sticky":false,"template":"","format":"standard","meta":{"_acf_changed":false,"footnotes":""},"categories":[681],"tags":[1149,1861,1110,1860,1809],"powerkit_post_featured":[],"class_list":{"0":"post-18496","1":"post","2":"type-post","3":"status-publish","4":"format-standard","5":"has-post-thumbnail","7":"category-advocacy-voices-de","8":"tag-european-integration-de","9":"tag-karina-matvienko-de","10":"tag-united-europe-de","11":"tag-warum-europa-wichtig-ist","12":"tag-young-professional-advisor"},"acf":[],"aioseo_notices":[],"_links":{"self":[{"href":"https:\/\/www.united-europe.eu\/de\/wp-json\/wp\/v2\/posts\/18496","targetHints":{"allow":["GET"]}}],"collection":[{"href":"https:\/\/www.united-europe.eu\/de\/wp-json\/wp\/v2\/posts"}],"about":[{"href":"https:\/\/www.united-europe.eu\/de\/wp-json\/wp\/v2\/types\/post"}],"author":[{"embeddable":true,"href":"https:\/\/www.united-europe.eu\/de\/wp-json\/wp\/v2\/users\/16"}],"replies":[{"embeddable":true,"href":"https:\/\/www.united-europe.eu\/de\/wp-json\/wp\/v2\/comments?post=18496"}],"version-history":[{"count":1,"href":"https:\/\/www.united-europe.eu\/de\/wp-json\/wp\/v2\/posts\/18496\/revisions"}],"predecessor-version":[{"id":18497,"href":"https:\/\/www.united-europe.eu\/de\/wp-json\/wp\/v2\/posts\/18496\/revisions\/18497"}],"wp:featuredmedia":[{"embeddable":true,"href":"https:\/\/www.united-europe.eu\/de\/wp-json\/wp\/v2\/media\/18499"}],"wp:attachment":[{"href":"https:\/\/www.united-europe.eu\/de\/wp-json\/wp\/v2\/media?parent=18496"}],"wp:term":[{"taxonomy":"category","embeddable":true,"href":"https:\/\/www.united-europe.eu\/de\/wp-json\/wp\/v2\/categories?post=18496"},{"taxonomy":"post_tag","embeddable":true,"href":"https:\/\/www.united-europe.eu\/de\/wp-json\/wp\/v2\/tags?post=18496"},{"taxonomy":"powerkit_post_featured","embeddable":true,"href":"https:\/\/www.united-europe.eu\/de\/wp-json\/wp\/v2\/powerkit_post_featured?post=18496"}],"curies":[{"name":"wp","href":"https:\/\/api.w.org\/{rel}","templated":true}]}}