{"id":18415,"date":"2020-06-24T13:26:27","date_gmt":"2020-06-24T11:26:27","guid":{"rendered":"https:\/\/www.united-europe.eu\/?p=18415"},"modified":"2020-08-07T09:32:51","modified_gmt":"2020-08-07T07:32:51","slug":"united-europe-startet-europaeisches-mentoringprogramm","status":"publish","type":"post","link":"https:\/\/www.united-europe.eu\/de\/2020\/06\/united-europe-startet-europaeisches-mentoringprogramm\/","title":{"rendered":"United Europe startet Europ\u00e4isches Mentoringprogramm"},"content":{"rendered":"<p>United Europe startet ein <strong>einzigartiges europ\u00e4isches Mentoring-Programm<\/strong>, das sich speziell auf europabezogene Themen konzentriert.<br \/>\nDas nicht-kommerzielle Programm ist speziell auf relevante EU-Themen zugeschnitten und wurde in Zusammenarbeit mit <strong>Bernotat &amp; Cie<\/strong>. entwickelt, einem Unternehmen, das sich auf Mentoring-Programme f\u00fcr Manager aus dem Unternehmensumfeld und mittelst\u00e4ndische Unternehmen spezialisiert hat.<br \/>\nDas neun- bis zw\u00f6lfmonatige Pilotprojekt steht <strong>ausschlie\u00dflich den Young Professional Advisors<\/strong> von United Europe offen; im kommenden Jahr soll es f\u00fcr BewerberInnen aus ganz Europa zug\u00e4nglich sein. Weitere Informationen \u00fcber das Programm, die Mentoren und die Mentees finden Sie <a href=\"https:\/\/www.united-europe.eu\/de\/mentorenprogramm\/\">hier<\/a>.<\/p>\n","protected":false},"excerpt":{"rendered":"<p>United Europe startet ein einzigartiges europ\u00e4isches Mentoring-Programm, das sich speziell auf europabezogene Themen konzentriert. Das nicht-kommerzielle Programm ist speziell auf relevante EU-Themen zugeschnitten und wurde in Zusammenarbeit mit Bernotat &amp;&hellip;<\/p>\n","protected":false},"author":16,"featured_media":18800,"comment_status":"closed","ping_status":"closed","sticky":false,"template":"","format":"standard","meta":{"_acf_changed":false,"footnotes":""},"categories":[620],"tags":[1850,243,240,1851,1849,1110,1151,1809,562],"powerkit_post_featured":[],"class_list":{"0":"post-18415","1":"post","2":"type-post","3":"status-publish","4":"format-standard","5":"has-post-thumbnail","7":"category-news-de","8":"tag-ausbildung","9":"tag-europa","10":"tag-europe-de","11":"tag-mentor-de","12":"tag-mentorenprogramm","13":"tag-united-europe-de","14":"tag-united-europe-de-2","15":"tag-young-professional-advisor","16":"tag-young-professionals-de"},"acf":[],"aioseo_notices":[],"_links":{"self":[{"href":"https:\/\/www.united-europe.eu\/de\/wp-json\/wp\/v2\/posts\/18415","targetHints":{"allow":["GET"]}}],"collection":[{"href":"https:\/\/www.united-europe.eu\/de\/wp-json\/wp\/v2\/posts"}],"about":[{"href":"https:\/\/www.united-europe.eu\/de\/wp-json\/wp\/v2\/types\/post"}],"author":[{"embeddable":true,"href":"https:\/\/www.united-europe.eu\/de\/wp-json\/wp\/v2\/users\/16"}],"replies":[{"embeddable":true,"href":"https:\/\/www.united-europe.eu\/de\/wp-json\/wp\/v2\/comments?post=18415"}],"version-history":[{"count":1,"href":"https:\/\/www.united-europe.eu\/de\/wp-json\/wp\/v2\/posts\/18415\/revisions"}],"predecessor-version":[{"id":18416,"href":"https:\/\/www.united-europe.eu\/de\/wp-json\/wp\/v2\/posts\/18415\/revisions\/18416"}],"wp:featuredmedia":[{"embeddable":true,"href":"https:\/\/www.united-europe.eu\/de\/wp-json\/wp\/v2\/media\/18800"}],"wp:attachment":[{"href":"https:\/\/www.united-europe.eu\/de\/wp-json\/wp\/v2\/media?parent=18415"}],"wp:term":[{"taxonomy":"category","embeddable":true,"href":"https:\/\/www.united-europe.eu\/de\/wp-json\/wp\/v2\/categories?post=18415"},{"taxonomy":"post_tag","embeddable":true,"href":"https:\/\/www.united-europe.eu\/de\/wp-json\/wp\/v2\/tags?post=18415"},{"taxonomy":"powerkit_post_featured","embeddable":true,"href":"https:\/\/www.united-europe.eu\/de\/wp-json\/wp\/v2\/powerkit_post_featured?post=18415"}],"curies":[{"name":"wp","href":"https:\/\/api.w.org\/{rel}","templated":true}]}}