{"id":1820,"date":"2014-05-19T09:55:38","date_gmt":"2014-05-19T09:55:38","guid":{"rendered":"https:\/\/www.united-europe.eu\/?p=1820"},"modified":"2016-02-15T22:04:32","modified_gmt":"2016-02-15T22:04:32","slug":"peter-terium-ich-bin-ein-kind-europas","status":"publish","type":"post","link":"https:\/\/www.united-europe.eu\/de\/2014\/05\/peter-terium-ich-bin-ein-kind-europas\/","title":{"rendered":"Peter Terium: Ich bin ein Kind Europas"},"content":{"rendered":"<figure id=\"attachment_1804\" aria-describedby=\"caption-attachment-1804\" style=\"width: 171px\" class=\"wp-caption alignright\"><img loading=\"lazy\" decoding=\"async\" class=\"wp-image-1804\" src=\"https:\/\/www.united-europe.eu\/wp-content\/uploads\/2014\/05\/018_Peter_Terium-216x300.jpg\" alt=\"Peter Terium, CEO of RWE\" width=\"171\" height=\"237\" srcset=\"https:\/\/www.united-europe.eu\/wp-content\/uploads\/2014\/05\/018_Peter_Terium-216x300.jpg 216w, https:\/\/www.united-europe.eu\/wp-content\/uploads\/2014\/05\/018_Peter_Terium-800x1108.jpg 800w, https:\/\/www.united-europe.eu\/wp-content\/uploads\/2014\/05\/018_Peter_Terium-1160x1607.jpg 1160w, https:\/\/www.united-europe.eu\/wp-content\/uploads\/2014\/05\/018_Peter_Terium-320x443.jpg 320w, https:\/\/www.united-europe.eu\/wp-content\/uploads\/2014\/05\/018_Peter_Terium-560x776.jpg 560w, https:\/\/www.united-europe.eu\/wp-content\/uploads\/2014\/05\/018_Peter_Terium-633x877.jpg 633w, https:\/\/www.united-europe.eu\/wp-content\/uploads\/2014\/05\/018_Peter_Terium-72x100.jpg 72w, https:\/\/www.united-europe.eu\/wp-content\/uploads\/2014\/05\/018_Peter_Terium-640x886.jpg 640w, https:\/\/www.united-europe.eu\/wp-content\/uploads\/2014\/05\/018_Peter_Terium-1120x1551.jpg 1120w, https:\/\/www.united-europe.eu\/wp-content\/uploads\/2014\/05\/018_Peter_Terium-1266x1753.jpg 1266w, https:\/\/www.united-europe.eu\/wp-content\/uploads\/2014\/05\/018_Peter_Terium-144x200.jpg 144w, https:\/\/www.united-europe.eu\/wp-content\/uploads\/2014\/05\/018_Peter_Terium-87x120.jpg 87w, https:\/\/www.united-europe.eu\/wp-content\/uploads\/2014\/05\/018_Peter_Terium.jpg 1535w\" sizes=\"auto, (max-width: 171px) 100vw, 171px\" \/><figcaption id=\"caption-attachment-1804\" class=\"wp-caption-text\">Peter Terium, Vorstandschef von RWE<\/figcaption><\/figure>\n<p>Ich bin ein Kind Europas. Europa ist meine Heimat. Seit 27 Jahren arbeite ich in verschiedenen Positionen, die alle europ\u00e4isch gepr\u00e4gt waren. Europa verdanke ich das, was ich heute bin.<\/p>\n<p>Meine Kinder wissen schon gar nicht mehr, dass sich unsere L\u00e4nder einmal so abgeschottet haben. Schauen Sie nur einmal, wie sehr sich die Gesch\u00e4ftswelt ver\u00e4ndert hat. 1990 habe ich einmal f\u00fcr ein Werk in der Niedereifel Werksingenieure gesucht. Von zehn Bewerbern sagten damals acht: \u201eEnglisch? Was meinen Sie? Ich habe auf Ingenieur studiert, nicht auf Dolmetscher.\u201c<\/p>\n<p>Heutzutage ist es nicht nur so, dass acht von zehn jungen Ingenieuren ganz selbstverst\u00e4ndlich flie\u00dfend Englisch sprechen, sondern sie auch alle ein oder zwei Semester im Ausland studiert haben. Welch enorme Ver\u00e4nderung innerhalb von 25 Jahren! Europa ist nicht mehr r\u00fcckg\u00e4ngig zu machen.<\/p>\n<p>Es stimmt, dass Europa heute ein Problem hat. Aber es ist kein besonderes europ\u00e4isches Problem. Es ist der Vertrauensverlust, der alle gro\u00dfen Institutionen trifft \u2013 Banken oder Energie-Unternehmen oder eben auch die Regierungsinstitutionen in Berlin oder Br\u00fcssel. Alle Institutionen, die die Menschen als sehr gro\u00df und sehr schwierig zu beeinflussen ansehen.<\/p>\n<p>Wie kommen wir da wieder raus? F\u00fcr Europa gilt das gleiche wie f\u00fcr mein Unternehmen: Wir m\u00fcssen sagen, was wir tun, und m\u00fcssen tun, was wir sagen. Das klingt simpel, aber da ist viel Wahrheit dran.<\/p>\n","protected":false},"excerpt":{"rendered":"<p>Ich bin ein Kind Europas. Europa ist meine Heimat. Seit 27 Jahren arbeite ich in verschiedenen Positionen, die alle europ\u00e4isch gepr\u00e4gt waren. Europa verdanke ich das, was ich heute bin.&hellip;<\/p>\n","protected":false},"author":16,"featured_media":1802,"comment_status":"open","ping_status":"closed","sticky":false,"template":"","format":"standard","meta":{"_acf_changed":false,"footnotes":""},"categories":[641],"tags":[],"powerkit_post_featured":[],"class_list":{"0":"post-1820","1":"post","2":"type-post","3":"status-publish","4":"format-standard","5":"has-post-thumbnail","7":"category-prominente-meinungen"},"acf":[],"aioseo_notices":[],"_links":{"self":[{"href":"https:\/\/www.united-europe.eu\/de\/wp-json\/wp\/v2\/posts\/1820","targetHints":{"allow":["GET"]}}],"collection":[{"href":"https:\/\/www.united-europe.eu\/de\/wp-json\/wp\/v2\/posts"}],"about":[{"href":"https:\/\/www.united-europe.eu\/de\/wp-json\/wp\/v2\/types\/post"}],"author":[{"embeddable":true,"href":"https:\/\/www.united-europe.eu\/de\/wp-json\/wp\/v2\/users\/16"}],"replies":[{"embeddable":true,"href":"https:\/\/www.united-europe.eu\/de\/wp-json\/wp\/v2\/comments?post=1820"}],"version-history":[{"count":7,"href":"https:\/\/www.united-europe.eu\/de\/wp-json\/wp\/v2\/posts\/1820\/revisions"}],"predecessor-version":[{"id":1831,"href":"https:\/\/www.united-europe.eu\/de\/wp-json\/wp\/v2\/posts\/1820\/revisions\/1831"}],"wp:featuredmedia":[{"embeddable":true,"href":"https:\/\/www.united-europe.eu\/de\/wp-json\/wp\/v2\/media\/1802"}],"wp:attachment":[{"href":"https:\/\/www.united-europe.eu\/de\/wp-json\/wp\/v2\/media?parent=1820"}],"wp:term":[{"taxonomy":"category","embeddable":true,"href":"https:\/\/www.united-europe.eu\/de\/wp-json\/wp\/v2\/categories?post=1820"},{"taxonomy":"post_tag","embeddable":true,"href":"https:\/\/www.united-europe.eu\/de\/wp-json\/wp\/v2\/tags?post=1820"},{"taxonomy":"powerkit_post_featured","embeddable":true,"href":"https:\/\/www.united-europe.eu\/de\/wp-json\/wp\/v2\/powerkit_post_featured?post=1820"}],"curies":[{"name":"wp","href":"https:\/\/api.w.org\/{rel}","templated":true}]}}