{"id":1811,"date":"2014-05-19T09:26:24","date_gmt":"2014-05-19T09:26:24","guid":{"rendered":"https:\/\/www.united-europe.eu\/?p=1811"},"modified":"2016-02-15T22:04:40","modified_gmt":"2016-02-15T22:04:40","slug":"paul-walsh-ein-europa-das-nach-vorne-schaut","status":"publish","type":"post","link":"https:\/\/www.united-europe.eu\/de\/2014\/05\/paul-walsh-ein-europa-das-nach-vorne-schaut\/","title":{"rendered":"Paul Walsh: Ein Europa, das nach vorne schaut"},"content":{"rendered":"<figure id=\"attachment_1807\" aria-describedby=\"caption-attachment-1807\" style=\"width: 199px\" class=\"wp-caption alignright\"><a href=\"https:\/\/www.united-europe.eu\/wp-content\/uploads\/2014\/05\/Walsh1.jpg\"><img loading=\"lazy\" decoding=\"async\" class=\"wp-image-1807\" src=\"https:\/\/www.united-europe.eu\/wp-content\/uploads\/2014\/05\/Walsh1-259x300.jpg\" alt=\"Walsh\" width=\"199\" height=\"231\" srcset=\"https:\/\/www.united-europe.eu\/wp-content\/uploads\/2014\/05\/Walsh1-259x300.jpg 259w, https:\/\/www.united-europe.eu\/wp-content\/uploads\/2014\/05\/Walsh1-320x370.jpg 320w, https:\/\/www.united-europe.eu\/wp-content\/uploads\/2014\/05\/Walsh1-560x647.jpg 560w, https:\/\/www.united-europe.eu\/wp-content\/uploads\/2014\/05\/Walsh1-87x100.jpg 87w, https:\/\/www.united-europe.eu\/wp-content\/uploads\/2014\/05\/Walsh1-173x200.jpg 173w, https:\/\/www.united-europe.eu\/wp-content\/uploads\/2014\/05\/Walsh1-104x120.jpg 104w, https:\/\/www.united-europe.eu\/wp-content\/uploads\/2014\/05\/Walsh1.jpg 573w\" sizes=\"auto, (max-width: 199px) 100vw, 199px\" \/><\/a><figcaption id=\"caption-attachment-1807\" class=\"wp-caption-text\">Paul Walsh,\u00a0 CEO Compass Group<\/figcaption><\/figure>\n<p>Um zu einem vereinten Europa zu kommen, m\u00fcssen wir zusammenarbeiten. Aber das Europa, f\u00fcr das wir uns einsetzen, muss in die Zukunft schauen. Wir brauchen ein Europa, das wirtschaftlichen und pers\u00f6nlichen Wohlstand anstrebt statt nur den Blick darauf zur\u00fcckzurichten, wie es den Frieden in seiner Region gesichert hat.<\/p>\n<p>Was ist das Gute an Europa? F\u00fcr viele Leute lautet die Antwort auf diese Frage immer noch, dass Europa dazu beigetragen hat, Kriege zu vermeiden und gemeinsam unsere Freiheit gegen eine gro\u00dfe Bedrohung zu verteidigen. Aber wer heute 25 ist, f\u00fchlt sich von diesem Argument nicht mehr angesprochen. Die jungen Leute interessieren sich viel mehr f\u00fcr ihre berufliche Perspektive und ihre pers\u00f6nlichen Erfolgsaussichten. F\u00fcr sie ist die Vorstellung eines Krieges ziemlich abseitig.<\/p>\n<p>Es gibt zu viele Menschen, die in der Vergangenheit leben. Europa muss sich entwickeln, muss reifen und in die n\u00e4chste Phase seiner Evolution eintreten. Es muss den bisherigen Fokus auf Regulierung \u00fcberwinden und sich darauf konzentrieren, in einer immer st\u00e4rker vom Wettbewerb gepr\u00e4gten Welt unsere gemeinsame Wettbewerbsf\u00e4higkeit zu st\u00e4rken.<\/p>\n","protected":false},"excerpt":{"rendered":"<p>Um zu einem vereinten Europa zu kommen, m\u00fcssen wir zusammenarbeiten. Aber das Europa, f\u00fcr das wir uns einsetzen, muss in die Zukunft schauen. Wir brauchen ein Europa, das wirtschaftlichen und&hellip;<\/p>\n","protected":false},"author":16,"featured_media":1803,"comment_status":"open","ping_status":"closed","sticky":false,"template":"","format":"standard","meta":{"_acf_changed":false,"footnotes":""},"categories":[641],"tags":[],"powerkit_post_featured":[],"class_list":{"0":"post-1811","1":"post","2":"type-post","3":"status-publish","4":"format-standard","5":"has-post-thumbnail","7":"category-prominente-meinungen"},"acf":[],"aioseo_notices":[],"_links":{"self":[{"href":"https:\/\/www.united-europe.eu\/de\/wp-json\/wp\/v2\/posts\/1811","targetHints":{"allow":["GET"]}}],"collection":[{"href":"https:\/\/www.united-europe.eu\/de\/wp-json\/wp\/v2\/posts"}],"about":[{"href":"https:\/\/www.united-europe.eu\/de\/wp-json\/wp\/v2\/types\/post"}],"author":[{"embeddable":true,"href":"https:\/\/www.united-europe.eu\/de\/wp-json\/wp\/v2\/users\/16"}],"replies":[{"embeddable":true,"href":"https:\/\/www.united-europe.eu\/de\/wp-json\/wp\/v2\/comments?post=1811"}],"version-history":[{"count":3,"href":"https:\/\/www.united-europe.eu\/de\/wp-json\/wp\/v2\/posts\/1811\/revisions"}],"predecessor-version":[{"id":1832,"href":"https:\/\/www.united-europe.eu\/de\/wp-json\/wp\/v2\/posts\/1811\/revisions\/1832"}],"wp:featuredmedia":[{"embeddable":true,"href":"https:\/\/www.united-europe.eu\/de\/wp-json\/wp\/v2\/media\/1803"}],"wp:attachment":[{"href":"https:\/\/www.united-europe.eu\/de\/wp-json\/wp\/v2\/media?parent=1811"}],"wp:term":[{"taxonomy":"category","embeddable":true,"href":"https:\/\/www.united-europe.eu\/de\/wp-json\/wp\/v2\/categories?post=1811"},{"taxonomy":"post_tag","embeddable":true,"href":"https:\/\/www.united-europe.eu\/de\/wp-json\/wp\/v2\/tags?post=1811"},{"taxonomy":"powerkit_post_featured","embeddable":true,"href":"https:\/\/www.united-europe.eu\/de\/wp-json\/wp\/v2\/powerkit_post_featured?post=1811"}],"curies":[{"name":"wp","href":"https:\/\/api.w.org\/{rel}","templated":true}]}}