{"id":17980,"date":"2020-06-04T11:24:57","date_gmt":"2020-06-04T09:24:57","guid":{"rendered":"https:\/\/www.united-europe.eu\/?p=17980"},"modified":"2020-06-04T11:24:57","modified_gmt":"2020-06-04T09:24:57","slug":"warum-marina-tcharnetsky-die-europaeische-idee-und-united-europe-unterstuetzt","status":"publish","type":"post","link":"https:\/\/www.united-europe.eu\/de\/2020\/06\/warum-marina-tcharnetsky-die-europaeische-idee-und-united-europe-unterstuetzt\/","title":{"rendered":"Warum Marina Tcharnetsky die europ\u00e4ische Idee und United Europe unterst\u00fctzt"},"content":{"rendered":"<p>\u201eIn den heutigen Zeiten des Umbruchs bietet Europa die vielleicht einzige Chance f\u00fcr die europ\u00e4ischen Nationen, im Konzert der Gro\u00dfen mitzuspielen. Damit dies gelingt, bedarf es einer mutigen Vision und einer klaren Strategie\u2026 und der Bereitschaft eines jeden, konstruktiv mitzugestalten und neue, innovative Wege zu gehen. Aus \u00dcberzeugung engagiere ich mich deshalb seit langem f\u00fcr den europ\u00e4ischen Gedanken und tue dies auch gerne als Mitglied von United Europe.\u201c<\/p>\n<p><em><strong>Marina Tcharnetsky<\/strong><\/em><br \/>\n<em>Co-Founder von Technologie- und Innovationsstartups<\/em><\/p>\n","protected":false},"excerpt":{"rendered":"<p>\u201eIn den heutigen Zeiten des Umbruchs bietet Europa die vielleicht einzige Chance f\u00fcr die europ\u00e4ischen Nationen, im Konzert der Gro\u00dfen mitzuspielen. Damit dies gelingt, bedarf es einer mutigen Vision und&hellip;<\/p>\n","protected":false},"author":16,"featured_media":17978,"comment_status":"closed","ping_status":"closed","sticky":false,"template":"","format":"standard","meta":{"_acf_changed":false,"footnotes":""},"categories":[620],"tags":[1813,1110,1151],"powerkit_post_featured":[],"class_list":{"0":"post-17980","1":"post","2":"type-post","3":"status-publish","4":"format-standard","5":"has-post-thumbnail","7":"category-news-de","8":"tag-marina-tcharnetsky-de","9":"tag-united-europe-de","10":"tag-united-europe-de-2"},"acf":[],"aioseo_notices":[],"_links":{"self":[{"href":"https:\/\/www.united-europe.eu\/de\/wp-json\/wp\/v2\/posts\/17980","targetHints":{"allow":["GET"]}}],"collection":[{"href":"https:\/\/www.united-europe.eu\/de\/wp-json\/wp\/v2\/posts"}],"about":[{"href":"https:\/\/www.united-europe.eu\/de\/wp-json\/wp\/v2\/types\/post"}],"author":[{"embeddable":true,"href":"https:\/\/www.united-europe.eu\/de\/wp-json\/wp\/v2\/users\/16"}],"replies":[{"embeddable":true,"href":"https:\/\/www.united-europe.eu\/de\/wp-json\/wp\/v2\/comments?post=17980"}],"version-history":[{"count":1,"href":"https:\/\/www.united-europe.eu\/de\/wp-json\/wp\/v2\/posts\/17980\/revisions"}],"predecessor-version":[{"id":17981,"href":"https:\/\/www.united-europe.eu\/de\/wp-json\/wp\/v2\/posts\/17980\/revisions\/17981"}],"wp:featuredmedia":[{"embeddable":true,"href":"https:\/\/www.united-europe.eu\/de\/wp-json\/wp\/v2\/media\/17978"}],"wp:attachment":[{"href":"https:\/\/www.united-europe.eu\/de\/wp-json\/wp\/v2\/media?parent=17980"}],"wp:term":[{"taxonomy":"category","embeddable":true,"href":"https:\/\/www.united-europe.eu\/de\/wp-json\/wp\/v2\/categories?post=17980"},{"taxonomy":"post_tag","embeddable":true,"href":"https:\/\/www.united-europe.eu\/de\/wp-json\/wp\/v2\/tags?post=17980"},{"taxonomy":"powerkit_post_featured","embeddable":true,"href":"https:\/\/www.united-europe.eu\/de\/wp-json\/wp\/v2\/powerkit_post_featured?post=17980"}],"curies":[{"name":"wp","href":"https:\/\/api.w.org\/{rel}","templated":true}]}}