{"id":17489,"date":"2020-05-15T11:32:32","date_gmt":"2020-05-15T09:32:32","guid":{"rendered":"https:\/\/www.united-europe.eu\/?p=17489"},"modified":"2020-05-15T11:33:11","modified_gmt":"2020-05-15T09:33:11","slug":"dont-look-back-europe-eine-neue-generation-will-eine-strahlende-zukunft-fuer-europa-6","status":"publish","type":"post","link":"https:\/\/www.united-europe.eu\/de\/2020\/05\/dont-look-back-europe-eine-neue-generation-will-eine-strahlende-zukunft-fuer-europa-6\/","title":{"rendered":"Don\u2019t look back, Europe! Eine neue Generation will eine strahlende Zukunft f\u00fcr Europa"},"content":{"rendered":"<p><em>Vor dem Hintergrund des <strong>70. Jahrestags der Schuman-Erkl\u00e4rung<\/strong> ver\u00f6ffentlichen wir eine Reihe \u00fcber die Zukunft der EU. Unsere <a href=\"https:\/\/www.united-europe.eu\/de\/young-professionals-advisors\/\"><strong>Young Professionals Advisors<\/strong> <\/a>reflektieren den gegenw\u00e4rtigen Zustand der EU und schlagen Wege zur \u00dcberwindung der Krise vor.<\/em><\/p>\n<h3 id=\"digitalisierung-ki\">DIGITALISIERUNG &amp; KI<\/h3>\n<p>W\u00e4hrend ein Gro\u00dfteil der Wirtschaft unter Gesch\u00e4ftsschlie\u00dfungen und der Einschr\u00e4nkung des \u00f6ffentlichen Lebens leidet, ist Big Tech der Gewinner der Stunde. Die (selbst) auferlegten Kontaktbeschr\u00e4nkungen befeuern ihr Gesch\u00e4ftsmodell. An der Wall Street befinden sich Amazon, Apple, Microsoft, Alphabet und Facebook seit COVID-19 im Aufw\u00e4rtstrend. Diese Gruppe macht nun mehr als 20 Prozent des S&amp;P 500 aus und es sieht nicht so aus, als ob sich dieser Trend langfristig umkehren wird. Die aktuelle Krise und die Sperrma\u00dfnahmen haben der Digitalisierung Priorit\u00e4t einger\u00e4umt. Es scheint, dass die breite Akzeptanz neuartiger Technologien nun sehr viel schneller eingetreten ist, als dies ohne die Krise der Fall gewesen w\u00e4re.<\/p>\n<p>Um den Rahmen f\u00fcr eine digitale europ\u00e4ische Erfolgsgeschichte zu setzen, muss die EU eine starke und innovative, aber auch regulierte digitale Wirtschaft, die auf Verantwortung und Ethik beruht, als strategisches Ziel definieren. Priorisiert sollte sich die EU darauf konzentrieren, einen digitalen Binnenmarkt zu schaffen, indem sie die Vereinheitlichung der Regulierung innerhalb der Mitgliedsstaaten vorantreibt. Auf diese Weise kann die EU zu einem wettbewerbsf\u00e4higen Gegenpol zu den USA und China werden. Beide L\u00e4nder dominieren derzeit den Wettlauf um eine digitale Zukunft.<\/p>\n<p><strong>Europa verbinden<\/strong><br \/>\nDie EU muss ein starkes Fundament schaffen, um Menschen, Unternehmen und Regierungen miteinander zu verbinden. Daher sind die Schaffung und Aufrechterhaltung einer digitalen Infrastruktur in der gesamten EU und ihrer Nachbarschaft von entscheidender Bedeutung. Die Digitalisierung ist in den EU-Mitgliedsstaaten nicht mit gleichem Tempo vorangeschritten. Wir sehen dies als eine Gelegenheit, Wissen und Erfahrungen auszutauschen und von denjenigen L\u00e4ndern zu lernen, die bereits gro\u00dfe Fortschritte gemacht haben &#8211; beispielsweise von den baltischen Staaten. Die EU k\u00f6nnte hier als vermittelnde und koordinierende Kraft fungieren und den Aufbau eines breiten Netzwerks unterst\u00fctzen, das Digitalexperten aus allen Regierungen der Mitgliedsstaaten miteinander verbindet. Das Netzwerk l\u00e4dt dann seine Mitglieder zum Austausch von Erfahrungen und bew\u00e4hrten Verfahren ein, um gemeinsam die Digitalisierung in der EU zu unterst\u00fctzen.<\/p>\n<p>Die 5G-Netztechnologie ist ein Eckpfeiler einer solchen Konnektivit\u00e4tsinitiative. Huawei, ein chinesischer Anbieter, will seine Netzinfrastruktur innerhalb der EU weitgehend durchsetzen. Angesichts der strategischen Bedeutung einer solchen Infrastruktur wird der Einfluss der chinesischen Regierung auf Huawei und damit auch die Sicherheit der europ\u00e4ischen Daten, die \u00fcber die Komponenten von Huawei \u00fcbertragen werden, kritisch diskutiert. W\u00e4hrend die Mitgliedsstaaten dazu neigen, diese Frage auf nationaler Ebene zu beantworten, sind wir der Meinung, dass die Situation eine gemeinsame europ\u00e4ische Perspektive erfordert. Die EU muss klar entscheiden, ob chinesische Technologie als Option in Betracht gezogen wird, da diese Entscheidung langfristige strategische Auswirkungen hat. Andernfalls gef\u00e4hrden fragmentierte L\u00f6sungen auf dem Kontinent die Datenintegrit\u00e4t der gesamten Gemeinschaft.<\/p>\n<p>Unabh\u00e4ngig davon, wie die L\u00f6sung aussehen wird, werden die digital vernetzten B\u00fcrger in der EU die gro\u00dfe St\u00e4rke des Binnenmarkts freisetzen: die Arbeitnehmerfreiz\u00fcgigkeit. Da wir zunehmend gew\u00f6hnt sind, von zu Hause aus zu arbeiten und in einer eher output-orientierten Arbeitswelt leben, verlieren B\u00fcrostandorte und Firmensitze an Bedeutung. Die Arbeit im Digitalen verwischt nationale Grenzen. Ironischerweise kann Europa enger miteinander verbunden werden, indem seine B\u00fcrger \u00f6fter zu Hause sitzen. Die M\u00f6glichkeiten, die sich daraus ergeben, sind einzigartig. Eine M\u00f6glichkeit ist es, paneurop\u00e4ische Unternehmen zu f\u00f6rdern, die F\u00e4higkeiten und Fachwissen aus der ganzen EU beziehen. Nur solche gro\u00df angelegten Initiativen werden in der Lage sein, eine europ\u00e4ische Antwort auf gro\u00dfe Technologieunternehmen aus den USA und China zu geben.<\/p>\n<p><strong>Made in EU: K\u00fcnstliche Intelligenz und datengetriebene Innovation<\/strong><br \/>\nWir setzen uns f\u00fcr die Schaffung gemeinsamer EU-Datendepots ein. Die Zusammenf\u00fchrung des Datenbestands des gr\u00f6\u00dften Binnenmarkts der Welt wird eine leistungsstarke Grundlage f\u00fcr EU-weite Initiativen im Bereich der k\u00fcnstlichen Intelligenz (KI) und datengetriebene Innovationen bieten. Daten sind das \u00d6l des 21. Jahrhunderts, ein kostbares Gut, das das exponentielle Wachstum einiger der gr\u00f6\u00dften multinationalen Konzerne antreibt. Damit europ\u00e4ische Unternehmen davon profitieren k\u00f6nnen, bedarf es der verantwortungsvollen Zusammenf\u00fchrung der Datenbest\u00e4nde aller Mitgliedstaaten.<br \/>\nGleichzeitig muss die EU Rechtsvorschriften f\u00fcr den verantwortungsvollen Umgang mit solchen Datenbest\u00e4nden entwerfen. Die EU ist f\u00fchrend auf dem Gebiet des Datenschutzes und wird den Zielkonflikt zwischen Innovation und Privatsph\u00e4re kontrovers diskutieren m\u00fcssen. Ein starker Datenschutz muss jedoch nicht unbedingt im Widerspruch zu einer innovativen digitalen Wirtschaft stehen. Zwischen China und den USA muss die EU einen europ\u00e4ischen Weg finden und einen neuen Rahmen f\u00fcr eigene wegweisende digitale Innovationen zu schaffen. In der aktuellen Krise hat die Bedeutung der KI noch st\u00e4rker an Bedeutung gewonnen. Die Integration von KI-gesteuerter Diagnostik und Forschung in die Pharmazie und Gesundheitsversorgung kann Leben retten und unser Verst\u00e4ndnis und die Behandlung von neuen und bestehenden Krankheiten verbessern. Es ist entscheidend, dass die EU diese Chancen nicht verpasst, indem sie sich bei kritischen Dienstleistungen unverh\u00e4ltnism\u00e4\u00dfig stark auf au\u00dfereurop\u00e4ische Anbieter verl\u00e4sst.<\/p>\n<p><strong>Fake News: Der moderne Feind der Demokratie<\/strong><br \/>\nDie Coronavirus-Pandemie hat Licht auf diesen unr\u00fchmlichen Aspekt der Digitalisierung geworfen. Einige wenige Technologieunternehmen pr\u00e4gen fast das gesamte digitale Informations\u00f6kosystem. Ihre Social-Media-Plattformen haben einen erheblichen Einfluss darauf, wie sich Gesellschaften verhalten. Gezielte Fehlinformationen stellen eine Bedrohung f\u00fcr die Stabilit\u00e4t unserer Demokratien dar. Die EU muss deutlich machen, dass die Plattformanbieter f\u00fcr Informationen, die \u00fcber ihre Netzwerke ausgetauscht werden, verantwortlich sind. Auf die Frage, wie die Inhalte von Millionen von Nutzern untersucht werden k\u00f6nnen, k\u00f6nnen intelligente Algorithmen eine Antwort sein. KI kann dabei helfen, aus der Masse an Inhalten, die \u00fcber soziale Medien verbreitet werden, diejenigen Beitr\u00e4ge herauszufiltern, die irref\u00fchrend, denunzierend oder unangemessen sein k\u00f6nnten. Das L\u00f6schen solcher Beitr\u00e4ge ist unerl\u00e4sslich, um eine digitale Sph\u00e4re zu erhalten, die von ethischen, demokratischen Werten geleitet wird. Dennoch sollte die EU sorgf\u00e4ltig pr\u00fcfen, ob solche Methoden die Meinungsfreiheit angemessen ber\u00fccksichtigen. Die Verabschiedung von Gesetzen zu diesem Thema ist eine Gelegenheit f\u00fcr die EU, globale Regeln daf\u00fcr aufzustellen, wie Demokratien mit den neuen Herausforderungen im digitalen Bereich umgehen. Es ist h\u00f6chste Zeit, das Gleichgewicht zwischen \u00f6ffentlichen und privaten Interessen wiederherzustellen.<\/p>\n<p><strong>Ohne Digitalisierung haben wir keine Zukunft<\/strong><br \/>\nDie EU sollte sich nun bem\u00fchen, ein globales Zentrum der digitalen Innovation und Konnektivit\u00e4t zu werden. Daher ist die Entwicklung einer digitalen Infrastruktur in der gesamten EU und ihrer Nachbarschaft von entscheidender Bedeutung. Dar\u00fcber hinaus wird die Schaffung gemeinsamer Datendepots, die gleichzeitig den Datenschutz angemessen ber\u00fccksichtigen, eine starke Grundlage f\u00fcr digitale Innovationen innerhalb der EU bilden. Schlie\u00dflich sollte die EU den rechtlichen Rahmen f\u00fcr KI-gest\u00fctzte Governance im Bereich der sozialen Medien schaffen. Mit diesen Ma\u00dfnahmen kann die EU eine F\u00fchrungsrolle im Bereich der Digitalisierung einnehmen und somit eine angemessene Position zwischen China und den USA finden. Die gegenw\u00e4rtige Krise zeigt, dass Digitalisierung f\u00fcr eine widerstandsf\u00e4hige, zukunftssichere Wirtschaft unverzichtbar ist.<\/p>\n<p>Zum Weiterlesen: <a href=\"https:\/\/ec.europa.eu\/digital-single-market\/en\/content\/european-digital-strategy\">https:\/\/ec.europa.eu\/digital-single-market\/en\/content\/european-digital-strategy<\/a><\/p>\n<p><em><strong>Autoren:<\/strong> Albert Guasch, Kalina Trendafilova, Dyria Alloussi, Raiko Puustusma, Dinand Drankier, Justinas Lingevicius, Mihkel Kaevats, Felix Klein, Karl Luis Neumann, Silja Raunio, Anna Penninger, Armando Gu\u00e7e, Mih\u00e1ly Szab\u00f3, Andranik Hovhannisyan, Raphael Kohler, Jens-Daniel Florian, Elif Dilmen, Eshgin Tanriverdi, Robert Grecu.<\/em><\/p>\n<p><em><strong>\u00dcber die YPAs<\/strong>: Wir sind eine Gruppe von 36 United Europe Alumni aus 20 L\u00e4ndern. Wir verstehen uns als eine Task Force f\u00fcr United Europe e.V., die Young Leadership aus verschiedenen Regionen Europas f\u00f6rdert. Wir vertreten unterschiedliche, junge europ\u00e4ische Stimmen zu den dr\u00e4ngendsten Fragen der EU. Unser Ziel ist es, das Vertrauen der Jugend und der B\u00fcrger Europas in das europ\u00e4ische Projekt wiederherzustellen. Wir sind ein Netzwerk, das den beruflichen Austausch zwischen jungen Europ\u00e4ern f\u00f6rdert und Impulse f\u00fcr eine europ\u00e4ischere Denkweise gibt. Wir f\u00f6rdern die Pluralit\u00e4t und wollen neue Ideen f\u00fcr eine intelligente Analyse der EU-Politik entwickeln.<\/em><\/p>\n","protected":false},"excerpt":{"rendered":"<p>Vor dem Hintergrund des 70. Jahrestags der Schuman-Erkl\u00e4rung ver\u00f6ffentlichen wir eine Reihe \u00fcber die Zukunft der EU. Unsere Young Professionals Advisors reflektieren den gegenw\u00e4rtigen Zustand der EU und schlagen Wege&hellip;<\/p>\n","protected":false},"author":16,"featured_media":17490,"comment_status":"closed","ping_status":"closed","sticky":false,"template":"","format":"standard","meta":{"_acf_changed":false,"footnotes":""},"categories":[620,681],"tags":[257,1779,745,537,243,1361,240,628,823,1110,1151,92,1768],"powerkit_post_featured":[],"class_list":{"0":"post-17489","1":"post","2":"type-post","3":"status-publish","4":"format-standard","5":"has-post-thumbnail","7":"category-news-de","8":"category-advocacy-voices-de","9":"tag-competitiveness-de","10":"tag-datenschutz","11":"tag-digitalisation-de","12":"tag-digitalisierung","13":"tag-europa","14":"tag-europas-zukunft","15":"tag-europe-de","16":"tag-innovation-de-2","17":"tag-kuenstliche-intelligenz","18":"tag-united-europe-de","19":"tag-united-europe-de-2","20":"tag-wettbewerbsfahigkeit","21":"tag-young-professionals-advsior"},"acf":[],"aioseo_notices":[],"_links":{"self":[{"href":"https:\/\/www.united-europe.eu\/de\/wp-json\/wp\/v2\/posts\/17489","targetHints":{"allow":["GET"]}}],"collection":[{"href":"https:\/\/www.united-europe.eu\/de\/wp-json\/wp\/v2\/posts"}],"about":[{"href":"https:\/\/www.united-europe.eu\/de\/wp-json\/wp\/v2\/types\/post"}],"author":[{"embeddable":true,"href":"https:\/\/www.united-europe.eu\/de\/wp-json\/wp\/v2\/users\/16"}],"replies":[{"embeddable":true,"href":"https:\/\/www.united-europe.eu\/de\/wp-json\/wp\/v2\/comments?post=17489"}],"version-history":[{"count":2,"href":"https:\/\/www.united-europe.eu\/de\/wp-json\/wp\/v2\/posts\/17489\/revisions"}],"predecessor-version":[{"id":17493,"href":"https:\/\/www.united-europe.eu\/de\/wp-json\/wp\/v2\/posts\/17489\/revisions\/17493"}],"wp:featuredmedia":[{"embeddable":true,"href":"https:\/\/www.united-europe.eu\/de\/wp-json\/wp\/v2\/media\/17490"}],"wp:attachment":[{"href":"https:\/\/www.united-europe.eu\/de\/wp-json\/wp\/v2\/media?parent=17489"}],"wp:term":[{"taxonomy":"category","embeddable":true,"href":"https:\/\/www.united-europe.eu\/de\/wp-json\/wp\/v2\/categories?post=17489"},{"taxonomy":"post_tag","embeddable":true,"href":"https:\/\/www.united-europe.eu\/de\/wp-json\/wp\/v2\/tags?post=17489"},{"taxonomy":"powerkit_post_featured","embeddable":true,"href":"https:\/\/www.united-europe.eu\/de\/wp-json\/wp\/v2\/powerkit_post_featured?post=17489"}],"curies":[{"name":"wp","href":"https:\/\/api.w.org\/{rel}","templated":true}]}}