{"id":17337,"date":"2020-05-09T09:00:30","date_gmt":"2020-05-09T07:00:30","guid":{"rendered":"https:\/\/www.united-europe.eu\/?p=17337"},"modified":"2020-05-14T16:01:59","modified_gmt":"2020-05-14T14:01:59","slug":"dont-look-back-europe-eine-neue-generation-will-eine-strahlende-zukunft-fuer-europa","status":"publish","type":"post","link":"https:\/\/www.united-europe.eu\/de\/2020\/05\/dont-look-back-europe-eine-neue-generation-will-eine-strahlende-zukunft-fuer-europa\/","title":{"rendered":"Don\u2019t look back, Europe! Eine neue Generation will eine strahlende Zukunft f\u00fcr Europa"},"content":{"rendered":"<p><strong>Vor 70 Jahren, am 9. Mai 1950<\/strong>, legte der franz\u00f6sische Au\u00dfenminister <strong>Robert Schuman<\/strong> den Grundstein f\u00fcr die <strong>Gr\u00fcndung der Europ\u00e4ischen Union<\/strong>. &#8222;Europa wird nicht auf einmal oder nach einem einzigen Plan geschaffen werden&#8220;, sagte er. \u201eEs wird durch konkrete Errungenschaften aufgebaut werden, die zun\u00e4chst eine De-facto-Solidarit\u00e4t schaffen&#8220;. In den darauffolgenden Jahren haben wirtschaftliche Integration, Vertrauen, Unterst\u00fctzung und eine starke Vision eine enge Gemeinschaft von Staaten geschaffen, die wir heute als Europ\u00e4ische Union bezeichnen. Schumans Idee einer Solidarit\u00e4t durch wirtschaftliche Interdependenz ist heute mehr denn je g\u00fcltig.<br \/>\nIn Erinnerung an die Schuman-Erkl\u00e4rung bringen wir, die <strong>Young Professional Advisor Group<\/strong> von United Europe e.V. (mehr Informationen \u00fcber die YPAs finden Sie <a href=\"https:\/\/www.united-europe.eu\/de\/young-professionals-advisors\/\">hier<\/a>), Ideen ein, wie die <strong>EU die gegenw\u00e4rtige Krise \u00fcberwinden<\/strong> und den Weg zu einem st\u00e4rkeren, geeinteren Europa erm\u00f6glichen kann. Eine Woche lang beleuchten wir <strong>sieben Themenfelder<\/strong>, die f\u00fcr die Zukunft der EU von entscheidender Bedeutung sind. Als eine Gruppe von <strong>36 jungen Europ\u00e4ern aus verschiedenen europ\u00e4ischen L\u00e4ndern<\/strong> schlagen wir Aktionen vor, die der EU helfen, die gegenw\u00e4rtige Krise zu \u00fcberwinden. Im Geiste der Schuman-Erkl\u00e4rung glauben wir, dass <strong>Solidarit\u00e4t<\/strong> der Schl\u00fcssel ist, um Europa zusammenzuhalten.<\/p>\n<h3 id=\"demokratie\"><strong>DEMOKRATIE<\/strong><\/h3>\n<p>Unser erster Artikel befasst sich mit dem Thema Demokratie. Wird COVID-19 angesichts eines jetzt schon besorgniserregenden Vertrauensverlustes in die Demokratie (bisher ein flexibles System, das viele Krisen \u00fcberstanden hat), zu einer weiteren Desillusionierung mit der europ\u00e4ischen Demokratie f\u00fchren? Wir sind \u00fcberzeugt, dass eine erfolgreiche Bew\u00e4ltigung der Krise durch die Mitgliedsstaaten zu einem Comeback der Demokratie f\u00fchren kann.<\/p>\n<p>Die Demokratien in Europa durchlaufen im Moment eine beispiellose Phase. Grundfreiheiten wurden ausgesetzt f\u00fcr ein h\u00f6hers Ziel: das Leben der B\u00fcrgerinnen und B\u00fcrger zu sch\u00fctzen und den Zusammenbruch der Gesundheitssysteme zu verhindern, die zurzeit beide bedroht sind. Die Pandemie darf jedoch kein Vorwand daf\u00fcr sein, mehr Rechte als n\u00f6tig auszusetzen, gesetzgebende Kammern zu missachten oder Machtmissbrauch zu begehen.<br \/>\nEine Reihe von EU-Staaten sind sich einig, dass die Ma\u00dfnahmen \u201eauf das unbedingt Notwendige beschr\u00e4nkt\u201c sein und Einschr\u00e4nkungen der Meinungs- und Pressefreiheit vermieden werden sollen, wie es zum Beispiel in Slowenien, Rum\u00e4nien und Ungarn passiert ist.<\/p>\n<p>Wir sehen jedoch mit Sorge, dass einige Mitgliedsstaaten den Ausnahmezustand nutzen, um politische Agenden voranzubringen oder ihre Macht zu konsolidieren. Ungarn ist ein Beispiel. Ministerpr\u00e4sident Viktor Orban nutzte den Ausnahmezustand, um beispiellos viel Macht auf sich zu vereinen. Dank der Notstandsma\u00dfnahmen seiner Regierung kann der Premierminister nun per Dekret auf unbestimmte Zeit regieren, ein weiterer Schritt im Prozess der demokratischen Dekonsolidierung Ungarns. In einem k\u00fcrzlich erschienenen Bericht der <a href=\"https:\/\/freedomhouse.org\/article\/new-report-nations-transit-2020-finds-weakened-institutions-europe-and-eurasia-politicians\">NGO Freedom House<\/a> wird Ungarn nicht mehr als Demokratie betrachtet. Die EU kann nicht zulassen, dass Ungarn und andere Staaten in den Autoritarismus abdriften. Die Demokratie kann innerhalb der EU nicht ausgesetzt werden, egal unter welchen Umst\u00e4nden.<\/p>\n<p>Wir stehen vor einer Bew\u00e4hrungsprobe f\u00fcr unsere politischen Systeme und die Union. Viele B\u00fcrgerinnen und B\u00fcrger sehen die liberalen Demokratien heute mit viel mehr Misstrauen und Desillusionierung als vor 30 Jahren, als die EU in ihrem Integrationsprozess gro\u00dfe Spr\u00fcnge nach vorn machte. Um Herausforderungen an die demokratischen Systeme zu vermeiden, muss die EU bei der Bek\u00e4mpfung der Pandemie und ihrer sozialen Folgen vorbildlich handeln. Die ergriffenen Ma\u00dfnahmen sind so vielf\u00e4ltig wie der europ\u00e4ische Kontinent selbst. Abgesehen von einigen wenigen F\u00e4llen fallen sie jedoch unter unsere gemeinsamen Werte Rechtsstaatlichkeit, demokratische Regierungsf\u00fchrung, Transparenz, Achtung der Menschenrechte, Toleranz usw..<\/p>\n<p>Die Autoren dieses Textes betonen, wie wichtig es ist, dass die EU die oben genannten Werte w\u00e4hrend der gesamten Krise aufrechterh\u00e4lt. China, das erste Land, das unter den Auswirkungen von Covid-19 gelitten hat, hat den Weg f\u00fcr Abriegelungen und soziale Distanzierung geebnet, und die europ\u00e4ischen L\u00e4nder haben das weitgehend im Einklang mit diesen Werten umgesetzt. Dies ist besonders wichtig, wenn wir den Einsatz von Technologie zur Eind\u00e4mmung der Ausbreitung des Virus betrachten. Nicht nur China, sondern auch L\u00e4nder wie Singapur und S\u00fcdkorea haben pers\u00f6nliche Daten von B\u00fcrgern gesammelt und eine Technologie zur Auftragsverfolgung auf Kosten der Privatsph\u00e4re eingef\u00fchrt.<\/p>\n<p>Die EU muss bei der Eind\u00e4mmung von Covid-19 ein Gleichgewicht zwischen demokratischen Datenschutzgesetzen und der wirksamen Nutzung von Daten finden. Die eingesetzten Technologien sollten uns nicht dazu zwingen, einen falschen Kompromiss zwischen Gesundheit und Privatsph\u00e4re eingehen zu m\u00fcssen. Wir k\u00f6nnen beides haben, indem wir sicherstellen, dass, wenn unsere Gesundheit \u00fcberwacht und unsere biometrischen Daten gesammelt werden, dies mit gr\u00f6\u00dftm\u00f6glichem Respekt f\u00fcr die Privatsph\u00e4re geschieht und Regierungen die Daten nicht f\u00fcr politischen Gewinn oder andere b\u00f6swillige Ziele missbrauchen.<\/p>\n<p>Wir fordern die europ\u00e4ischen Mitgliedsstaaten nachdr\u00fccklich auf, sich hohe Transparenzstandards zu setzen, wenn sie F\u00e4lle von Covid-19 melden, und proaktiv daf\u00fcr zu sorgen, dass die B\u00fcrgerinnen und B\u00fcrger \u00fcber die getroffenen Ma\u00dfnahmen entsprechend informiert werden. Desinformation, eine weitere grundlegende Bedrohung f\u00fcr unsere Demokratien, macht dies noch schwieriger. Ganz gleich, woher sie kommt \u2013 von ausl\u00e4ndischen M\u00e4chten oder von der Union selbst \u2013 Desinformation polarisiert uns in einer Zeit, in der wir einheitlich handeln m\u00fcssen. Deshalb glauben wir, dass die EU die gro\u00dfen Technologieunternehmen dazu zwingen sollte, noch viel mehr Verantwortung f\u00fcr die Inhalte auf ihren Plattformen zu \u00fcbernehmen und zu handeln, wenn es notwendig ist: Fake News zu erkennen, Hassreden zu entfernen und Standards f\u00fcr politische Informationen zu setzen, w\u00e4hrend gleichzeitig die demokratischen Werte Pluralismus, Redefreiheit und Rechtsstaatlichkeit gewahrt bleiben.<\/p>\n<p>Demokratie ist ein Prozess, der viel Raum f\u00fcr Verbesserungen bietet. Ob auf nationaler oder europ\u00e4ischer Ebene, wir m\u00fcssen garantieren, dass die zuk\u00fcnftige Politik legitim ist und den Interessen der B\u00fcrgerinnen und B\u00fcrger entsprechen, jetzt, da wir der Pandemie gegen\u00fcberstehen und wenn sie vor\u00fcber ist. Dies ist besonders wichtig in Bereichen, in denen sich die B\u00fcrger traditionell nicht in der Lage f\u00fchlen, Einfluss zu nehmen. M\u00f6gliche Reformen, zum Beispiel f\u00fcr ein gemeinsames Steuersystem, eine koordinierte Steuerpolitik oder eine gemeinsame Verteidigung m\u00fcssen gr\u00fcndlich diskutiert und Interessen ber\u00fccksichtigt werden, die auf den ersten Blick widerspr\u00fcchlich erscheinen m\u00f6gen. Die Demokratie ist das beste System, um genau dies zu erreichen.<\/p>\n<p>Schlie\u00dflich ist die EU im Vergleich zu ihren Mitgliedsstaaten eine relativ junge Erfindung, deren Urspr\u00fcnge sich oft bis in die nachr\u00f6mische Zeit zur\u00fcckverfolgen lassen. Es wird Zeit brauchen, bis wir alle eine Demokratie auf europ\u00e4ischer Ebene geschaffen haben. Deshalb braucht die EU alle erdenklichen Anstrengungen, um ihre B\u00fcrger zu erreichen und sie in die Entscheidungsfindung einzubeziehen. Sie k\u00f6nnte auch die Schaffung robuster EU-weiter Medien f\u00f6rdern, die die europ\u00e4ische Sicht der Welt vermitteln. Dies w\u00e4re ein wichtiger Schritt zur Schaffung europ\u00e4ischer Identit\u00e4ten, die nationale Identit\u00e4ten erg\u00e4nzen, aber nicht ersetzen w\u00fcrden.<\/p>\n<p>Angesichts der zahlreichen Herausforderungen, die wir identifiziert haben, sollte die EU nicht selbstzufrieden \u00fcber den Zustand der Demokratie in der Union sein . Die Pandemie ist ein weiterer Weckruf f\u00fcr die realen Gefahren f\u00fcr unsere demokratischen und liberalen Systeme. Unter Mitwirkung der B\u00fcrgerinnen und B\u00fcrger sollte die EU mutige und ideenreiche Reformen, wie die oben genannten, angehen. Dann werden sich unsere Demokratien hoffentlich nicht weiter schw\u00e4chen, sondern ihre Substanz und ihren Wert steigern.<\/p>\n<p><em><strong>Autoren: <\/strong>Albert Guasch, Kalina Trendafilova, Dyria Alloussi, Raiko Puustusma, Dinand Drankier, Justinas Lingevicius, Mihkel Kaevats, Karl Luis Neumann, Silja Raunio, Anna Penninger, Armando Gu\u00e7e, Mih\u00e1ly Szab\u00f3, Andranik Hovhannisyan, Raphael Kohler, Jens-Daniel Florian, Elif Dilmen, Eshgin Tanriverdi, Robert Grecu.<\/em><\/p>\n<p><em><strong>\u00dcber die YPAs<\/strong>: Wir sind eine Gruppe von 36 United Europe Alumni aus 20 L\u00e4ndern. Wir verstehen uns als eine Task Force f\u00fcr United Europe e.V., das junge F\u00fchrungskr\u00e4fte aus verschiedenen Regionen Europas f\u00f6rdert. Wir vertreten unterschiedliche, junge europ\u00e4ische Stimmen zu den dr\u00e4ngendsten Fragen der EU. Unser Ziel ist es, das Vertrauen der Jugend und der B\u00fcrger Europas in das europ\u00e4ische Projekt wiederherzustellen. Wir sind ein Netzwerk, das den beruflichen Austausch zwischen jungen Europ\u00e4ern f\u00f6rdert und Impulse f\u00fcr eine europ\u00e4ischere Denkweise gibt. Wir f\u00f6rdern die Pluralit\u00e4t und wollen neue Ideen f\u00fcr eine intelligente Analyse der EU-Politik entwickeln.<\/em><\/p>\n","protected":false},"excerpt":{"rendered":"<p>Vor 70 Jahren, am 9. Mai 1950, legte der franz\u00f6sische Au\u00dfenminister Robert Schuman den Grundstein f\u00fcr die Gr\u00fcndung der Europ\u00e4ischen Union. &#8222;Europa wird nicht auf einmal oder nach einem einzigen&hellip;<\/p>\n","protected":false},"author":16,"featured_media":17339,"comment_status":"closed","ping_status":"closed","sticky":false,"template":"","format":"standard","meta":{"_acf_changed":false,"footnotes":""},"categories":[620,681],"tags":[111,1149],"powerkit_post_featured":[],"class_list":{"0":"post-17337","1":"post","2":"type-post","3":"status-publish","4":"format-standard","5":"has-post-thumbnail","7":"category-news-de","8":"category-advocacy-voices-de","9":"tag-democracy-de","10":"tag-european-integration-de"},"acf":[],"aioseo_notices":[],"_links":{"self":[{"href":"https:\/\/www.united-europe.eu\/de\/wp-json\/wp\/v2\/posts\/17337","targetHints":{"allow":["GET"]}}],"collection":[{"href":"https:\/\/www.united-europe.eu\/de\/wp-json\/wp\/v2\/posts"}],"about":[{"href":"https:\/\/www.united-europe.eu\/de\/wp-json\/wp\/v2\/types\/post"}],"author":[{"embeddable":true,"href":"https:\/\/www.united-europe.eu\/de\/wp-json\/wp\/v2\/users\/16"}],"replies":[{"embeddable":true,"href":"https:\/\/www.united-europe.eu\/de\/wp-json\/wp\/v2\/comments?post=17337"}],"version-history":[{"count":12,"href":"https:\/\/www.united-europe.eu\/de\/wp-json\/wp\/v2\/posts\/17337\/revisions"}],"predecessor-version":[{"id":17464,"href":"https:\/\/www.united-europe.eu\/de\/wp-json\/wp\/v2\/posts\/17337\/revisions\/17464"}],"wp:featuredmedia":[{"embeddable":true,"href":"https:\/\/www.united-europe.eu\/de\/wp-json\/wp\/v2\/media\/17339"}],"wp:attachment":[{"href":"https:\/\/www.united-europe.eu\/de\/wp-json\/wp\/v2\/media?parent=17337"}],"wp:term":[{"taxonomy":"category","embeddable":true,"href":"https:\/\/www.united-europe.eu\/de\/wp-json\/wp\/v2\/categories?post=17337"},{"taxonomy":"post_tag","embeddable":true,"href":"https:\/\/www.united-europe.eu\/de\/wp-json\/wp\/v2\/tags?post=17337"},{"taxonomy":"powerkit_post_featured","embeddable":true,"href":"https:\/\/www.united-europe.eu\/de\/wp-json\/wp\/v2\/powerkit_post_featured?post=17337"}],"curies":[{"name":"wp","href":"https:\/\/api.w.org\/{rel}","templated":true}]}}