{"id":17311,"date":"2020-05-04T15:42:39","date_gmt":"2020-05-04T13:42:39","guid":{"rendered":"https:\/\/www.united-europe.eu\/?p=17311"},"modified":"2020-05-04T15:42:39","modified_gmt":"2020-05-04T13:42:39","slug":"anna-penninger-warum-europa-wichtig-ist","status":"publish","type":"post","link":"https:\/\/www.united-europe.eu\/de\/2020\/05\/anna-penninger-warum-europa-wichtig-ist\/","title":{"rendered":"Anna Penninger: Warum Europa wichtig ist"},"content":{"rendered":"<p>\u201eIn den 2000ern hat Europa die Identit\u00e4t einer ganzen Generation ver\u00e4ndert. Als ich studiert, gearbeitet und neue Freunde gefunden habe, gab mir das ein Gef\u00fchl von v\u00f6llig M\u00f6glichkeiten und Frieden. Gerade jetzt ist das schwer zu begreifen, und wir sehen die Entt\u00e4uschung in diesen Tagen. Als Teil von United Europe m\u00f6chte ich andere Stimmen und unabh\u00e4ngige K\u00f6pfe h\u00f6ren und mit ihnen diskutieren, was wir, die n\u00e4chste EU-Generation EU, wissen und tun m\u00fcssen.&#8220;<br \/>\n#WhyEuropeMatters #UnitedEurope<\/p>\n<section class=\"entry-content\"><em>Anna Penninger, Deutschland, Mitglied von United Europe und Young Professionals Advisor<\/em><\/section>\n","protected":false},"excerpt":{"rendered":"<p>\u201eIn den 2000ern hat Europa die Identit\u00e4t einer ganzen Generation ver\u00e4ndert. Als ich studiert, gearbeitet und neue Freunde gefunden habe, gab mir das ein Gef\u00fchl von v\u00f6llig M\u00f6glichkeiten und Frieden.&hellip;<\/p>\n","protected":false},"author":16,"featured_media":17309,"comment_status":"closed","ping_status":"closed","sticky":false,"template":"","format":"standard","meta":{"_acf_changed":false,"footnotes":""},"categories":[681],"tags":[],"powerkit_post_featured":[],"class_list":{"0":"post-17311","1":"post","2":"type-post","3":"status-publish","4":"format-standard","5":"has-post-thumbnail","7":"category-advocacy-voices-de"},"acf":[],"aioseo_notices":[],"_links":{"self":[{"href":"https:\/\/www.united-europe.eu\/de\/wp-json\/wp\/v2\/posts\/17311","targetHints":{"allow":["GET"]}}],"collection":[{"href":"https:\/\/www.united-europe.eu\/de\/wp-json\/wp\/v2\/posts"}],"about":[{"href":"https:\/\/www.united-europe.eu\/de\/wp-json\/wp\/v2\/types\/post"}],"author":[{"embeddable":true,"href":"https:\/\/www.united-europe.eu\/de\/wp-json\/wp\/v2\/users\/16"}],"replies":[{"embeddable":true,"href":"https:\/\/www.united-europe.eu\/de\/wp-json\/wp\/v2\/comments?post=17311"}],"version-history":[{"count":1,"href":"https:\/\/www.united-europe.eu\/de\/wp-json\/wp\/v2\/posts\/17311\/revisions"}],"predecessor-version":[{"id":17312,"href":"https:\/\/www.united-europe.eu\/de\/wp-json\/wp\/v2\/posts\/17311\/revisions\/17312"}],"wp:featuredmedia":[{"embeddable":true,"href":"https:\/\/www.united-europe.eu\/de\/wp-json\/wp\/v2\/media\/17309"}],"wp:attachment":[{"href":"https:\/\/www.united-europe.eu\/de\/wp-json\/wp\/v2\/media?parent=17311"}],"wp:term":[{"taxonomy":"category","embeddable":true,"href":"https:\/\/www.united-europe.eu\/de\/wp-json\/wp\/v2\/categories?post=17311"},{"taxonomy":"post_tag","embeddable":true,"href":"https:\/\/www.united-europe.eu\/de\/wp-json\/wp\/v2\/tags?post=17311"},{"taxonomy":"powerkit_post_featured","embeddable":true,"href":"https:\/\/www.united-europe.eu\/de\/wp-json\/wp\/v2\/powerkit_post_featured?post=17311"}],"curies":[{"name":"wp","href":"https:\/\/api.w.org\/{rel}","templated":true}]}}