{"id":16988,"date":"2020-04-17T14:02:38","date_gmt":"2020-04-17T12:02:38","guid":{"rendered":"https:\/\/www.united-europe.eu\/?p=16988"},"modified":"2020-04-17T14:02:38","modified_gmt":"2020-04-17T12:02:38","slug":"silja-raunio-warum-europa-wichtig-ist","status":"publish","type":"post","link":"https:\/\/www.united-europe.eu\/de\/2020\/04\/silja-raunio-warum-europa-wichtig-ist\/","title":{"rendered":"Silja Raunio: Warum Europa wichtig ist"},"content":{"rendered":"<p>&#8222;Die Einheit in Europa ist etwas, wovon besonders meine Generation in vielf\u00e4ltiger Weise profitiert hat; wir hatten eine gro\u00dfe Anzahl von M\u00f6glichkeiten, im Ausland zu studieren, Sprachen zu lernen, zu arbeiten oder unsere Perspektiven auf andere Weise zu erweitern, zum Beispiel durch Reisen und die Schaffung von beruflichen Netzwerken. Besonders da wir Signale einer abnehmenden Unterst\u00fctzung f\u00fcr die liberale Demokratie und des zunehmenden Rechtspopulismus sehen, sind paneurop\u00e4ische sowie interdisziplin\u00e4re Zusammenarbeit und M\u00f6glichkeiten dringend erforderlich. Die Erhaltung der Vielfalt der Stimmen und des Dialogs ist etwas, das wir sch\u00e4tzen und f\u00fcr das wir arbeiten sollten.&#8220;<br \/>\n#WhyEuropeMatters #UnitedEurope<\/p>\n<p><em>Silja Raunio, Journalistin, Finnland, United Europe-Alumna<\/em><\/p>\n","protected":false},"excerpt":{"rendered":"<p>&#8222;Die Einheit in Europa ist etwas, wovon besonders meine Generation in vielf\u00e4ltiger Weise profitiert hat; wir hatten eine gro\u00dfe Anzahl von M\u00f6glichkeiten, im Ausland zu studieren, Sprachen zu lernen, zu&hellip;<\/p>\n","protected":false},"author":16,"featured_media":16986,"comment_status":"closed","ping_status":"closed","sticky":false,"template":"","format":"standard","meta":{"_acf_changed":false,"footnotes":""},"categories":[681],"tags":[],"powerkit_post_featured":[],"class_list":{"0":"post-16988","1":"post","2":"type-post","3":"status-publish","4":"format-standard","5":"has-post-thumbnail","7":"category-advocacy-voices-de"},"acf":[],"aioseo_notices":[],"_links":{"self":[{"href":"https:\/\/www.united-europe.eu\/de\/wp-json\/wp\/v2\/posts\/16988","targetHints":{"allow":["GET"]}}],"collection":[{"href":"https:\/\/www.united-europe.eu\/de\/wp-json\/wp\/v2\/posts"}],"about":[{"href":"https:\/\/www.united-europe.eu\/de\/wp-json\/wp\/v2\/types\/post"}],"author":[{"embeddable":true,"href":"https:\/\/www.united-europe.eu\/de\/wp-json\/wp\/v2\/users\/16"}],"replies":[{"embeddable":true,"href":"https:\/\/www.united-europe.eu\/de\/wp-json\/wp\/v2\/comments?post=16988"}],"version-history":[{"count":1,"href":"https:\/\/www.united-europe.eu\/de\/wp-json\/wp\/v2\/posts\/16988\/revisions"}],"predecessor-version":[{"id":16989,"href":"https:\/\/www.united-europe.eu\/de\/wp-json\/wp\/v2\/posts\/16988\/revisions\/16989"}],"wp:featuredmedia":[{"embeddable":true,"href":"https:\/\/www.united-europe.eu\/de\/wp-json\/wp\/v2\/media\/16986"}],"wp:attachment":[{"href":"https:\/\/www.united-europe.eu\/de\/wp-json\/wp\/v2\/media?parent=16988"}],"wp:term":[{"taxonomy":"category","embeddable":true,"href":"https:\/\/www.united-europe.eu\/de\/wp-json\/wp\/v2\/categories?post=16988"},{"taxonomy":"post_tag","embeddable":true,"href":"https:\/\/www.united-europe.eu\/de\/wp-json\/wp\/v2\/tags?post=16988"},{"taxonomy":"powerkit_post_featured","embeddable":true,"href":"https:\/\/www.united-europe.eu\/de\/wp-json\/wp\/v2\/powerkit_post_featured?post=16988"}],"curies":[{"name":"wp","href":"https:\/\/api.w.org\/{rel}","templated":true}]}}